{"id":115762,"date":"2025-09-15T03:38:12","date_gmt":"2025-09-15T03:38:12","guid":{"rendered":"https:\/\/www.europesays.com\/es\/115762\/"},"modified":"2025-09-15T03:38:12","modified_gmt":"2025-09-15T03:38:12","slug":"espana-suma-en-dobles-el-primer-punto-en-puente-romano","status":"publish","type":"post","link":"https:\/\/www.europesays.com\/es\/115762\/","title":{"rendered":"Espa\u00f1a suma en dobles el primer punto en Puente Romano"},"content":{"rendered":"<p>Espa\u00f1a al menos ha salvado el primer &#8216;match ball&#8217;, nunca mejor dicho trat\u00e1ndose del deporte de la raqueta. La pareja formada por Jaume Munar y  &#8230; Pedro Mart\u00ednez remont\u00f3 ante August Holmgren y Johannes Ingildsen, por 1-6, 6-3 y 6-2, en 1 hora y 44 minutos, de forma que sum\u00f3 el primer punto de la eliminatoria que se est\u00e1 disputando este fin de semana en Puente Romano en arcilla, de clasificaci\u00f3n para la Final a 8 de Bolonia (del 18 al 23 de noviembre).<\/p>\n<p class=\"v-p\">Salvado este primer escollo, la serie sigue igual de dif\u00edcil, obligada la &#8216;Armada&#8217; a sacar adelante sus dos pr\u00f3ximos encuentros de individuales, el primero de ellos con Holger Rune (11\u00ba) en el otro lado de la pista. El capit\u00e1n David Ferrer dispone de tres opciones para este cuarto partido, clave, Munar, Pedro Mart\u00ednez o el in\u00e9dito de monento Roberto Carball\u00e9s.<\/p>\n<p><img decoding=\"async\" loading=\"lazy\" src=\"https:\/\/www.europesays.com\/es\/wp-content\/uploads\/2025\/09\/espanoles-U41557144655fEC-650x455@Diario Sur.jpg\" class=\"v-a-img\" width=\"650\" height=\"455\" alt=\"Pedro Mart\u00ednez comenta una instrucci\u00f3n de juego a Jaume Munar.\" data-voc-vtm-id=\"in-text-traffic\"\/><\/p>\n<p>Pedro Mart\u00ednez comenta una instrucci\u00f3n de juego a Jaume Munar.<\/p>\n<p>EFE<\/p>\n<p><img loading=\"lazy\" decoding=\"async\" src=\"https:\/\/www.europesays.com\/es\/wp-content\/uploads\/2025\/09\/espanoles-U41557144655fEC-650x455@Diario Sur.jpg\" class=\"v-mdl__img-z\" width=\"650\" height=\"455\" alt=\"\"\/><\/p>\n<p class=\"v-p\">El duelo de dobles llev\u00f3 a pensar en lo peor, porque el arranque de los daneses fue muy explosivo. En 27 minutos ventilaron una primera manga en la que los espa\u00f1oles no sacaron adelante ni un solo juego al saque. Dominaron los n\u00f3rdicos en todas las facetas, voleando, encontrando espacios desde el fondo y hasta cerrando con un &#8216;ace&#8217;.<\/p>\n<p class=\"v-p\">Munar y Mart\u00ednez, pareja de dobles desde la base y a d\u00eda de hoy a\u00fan en el circuito, pero pocas veces, lo que lo permite en el calendario, ya sacaron adelante en Suiza en &#8216;indoor&#8217; el punto de dobles, y se fueron al vestuario a meditar, junto a Ferrer y su nuevo asesor en la especialista, Marc L\u00f3pez.<\/p>\n<p class=\"v-p\">Los espa\u00f1oles le dieron otra intensidad al segundo set, manteniendo siempre el saque y presionando sobre el flanco d\u00e9bil un Ingildsen sobre el que llegaban todos los &#8216;breaks&#8217;. Con cerca de una decena de compa\u00f1eros distintos en el ATP Challenguer Tour, incluido el propio Holmgren, fue perdiendo confianza en sus golpes. Con 4-3 y a punto de cumplir la hora de partido, lleg\u00f3 el ansiado quiebre para Espa\u00f1a, que se anot\u00f3 luego el set.<\/p>\n<p><img decoding=\"async\" loading=\"lazy\" src=\"https:\/\/s2.ppllstatics.com\/diariosur\/www\/multimedia\/2025\/09\/14\/panodos-U27364656887Ryt-650x455@Diario%20Sur.jpg\" class=\"v-a-img\" width=\"650\" height=\"455\" alt=\"Panor\u00e1mica de la pista Manolo Santana de Puente Romano, este domingo.\" data-voc-vtm-id=\"in-text-traffic\"\/><\/p>\n<p>Panor\u00e1mica de la pista Manolo Santana de Puente Romano, este domingo.<\/p>\n<p>EFE<\/p>\n<p><img loading=\"lazy\" decoding=\"async\" src=\"https:\/\/s2.ppllstatics.com\/diariosur\/www\/multimedia\/2025\/09\/14\/panodos-U27364656887Ryt-650x455@Diario%20Sur.jpg\" class=\"v-mdl__img-z\" width=\"650\" height=\"455\" alt=\"\"\/><\/p>\n<p class=\"v-p\">Las sensaciones estaban cambiando claramente, m\u00e1xime con un nuevo &#8216;break&#8217; en el tercer juego del set definitivo. Del 40-0 se pas\u00f3 al quiebre, con una volea de reflejos de Munar, que tir\u00f3 la raqueta al suelo y se meti\u00f3 en la caseta de vestuario.<\/p>\n<p class=\"v-p\">Los problemas no estaban en Holmgren (revelaci\u00f3n este a\u00f1o en Wimbledon, donde pas\u00f3 dos rondas en individuales y gan\u00f3 m\u00e1s premio en met\u00e1lico que en el resto de su carrera) y la potencia de sus golpes, sino en Ingildsen (125\u00ba del &#8216;ranking&#8217; de dobles), una vez m\u00e1s, segu\u00eda bloqueado, y lleg\u00f3 un 0-40 en el 4-2 para meter la directa hacia el triunfo. Queda a\u00fan mucha desventaja por enjugar, pero la victoria puede ser un empuje cara al complicado ante Rune. Hay que recordar que desde 1999 en L\u00e9rida, ante Brasil, Espa\u00f1a no pierde una eliminatoria de casa jugada en tierra.<\/p>\n<p class=\"v-p\">\u00abDe momento hemos empezado con buen pie\u00bb, reconoci\u00f3 Munar tras los apuros iniciales. \u00abSab\u00edamos que no pod\u00edamos fallar, y por eso hemos empezado algo nerviosos. Ahora es muy importante que nos apoyen\u00bb, manifest\u00f3 por su parte Pedro Mart\u00ednez.<\/p>\n","protected":false},"excerpt":{"rendered":"Espa\u00f1a al menos ha salvado el primer &#8216;match ball&#8217;, nunca mejor dicho trat\u00e1ndose del deporte de la raqueta.&hellip;\n","protected":false},"author":2,"featured_media":115763,"comment_status":"","ping_status":"","sticky":false,"template":"","format":"standard","meta":{"footnotes":""},"categories":[274],"tags":[168,24750,25,24,977,2497,2320,38880,23,167,4991,327,326],"class_list":{"0":"post-115762","1":"post","2":"type-post","3":"status-publish","4":"format-standard","5":"has-post-thumbnail","7":"category-tenis","8":"tag-deportes","9":"tag-dobles","10":"tag-es","11":"tag-espana","12":"tag-primer","13":"tag-puente","14":"tag-punto","15":"tag-ronano","16":"tag-spain","17":"tag-sports","18":"tag-suma","19":"tag-tenis","20":"tag-tennis"},"share_on_mastodon":{"url":"","error":""},"_links":{"self":[{"href":"https:\/\/www.europesays.com\/es\/wp-json\/wp\/v2\/posts\/115762","targetHints":{"allow":["GET"]}}],"collection":[{"href":"https:\/\/www.europesays.com\/es\/wp-json\/wp\/v2\/posts"}],"about":[{"href":"https:\/\/www.europesays.com\/es\/wp-json\/wp\/v2\/types\/post"}],"author":[{"embeddable":true,"href":"https:\/\/www.europesays.com\/es\/wp-json\/wp\/v2\/users\/2"}],"replies":[{"embeddable":true,"href":"https:\/\/www.europesays.com\/es\/wp-json\/wp\/v2\/comments?post=115762"}],"version-history":[{"count":0,"href":"https:\/\/www.europesays.com\/es\/wp-json\/wp\/v2\/posts\/115762\/revisions"}],"wp:featuredmedia":[{"embeddable":true,"href":"https:\/\/www.europesays.com\/es\/wp-json\/wp\/v2\/media\/115763"}],"wp:attachment":[{"href":"https:\/\/www.europesays.com\/es\/wp-json\/wp\/v2\/media?parent=115762"}],"wp:term":[{"taxonomy":"category","embeddable":true,"href":"https:\/\/www.europesays.com\/es\/wp-json\/wp\/v2\/categories?post=115762"},{"taxonomy":"post_tag","embeddable":true,"href":"https:\/\/www.europesays.com\/es\/wp-json\/wp\/v2\/tags?post=115762"}],"curies":[{"name":"wp","href":"https:\/\/api.w.org\/{rel}","templated":true}]}}