{"id":115764,"date":"2025-09-15T03:39:08","date_gmt":"2025-09-15T03:39:08","guid":{"rendered":"https:\/\/www.europesays.com\/es\/115764\/"},"modified":"2025-09-15T03:39:08","modified_gmt":"2025-09-15T03:39:08","slug":"mas-madrid-usa-la-vuelta-para-retratar-a-ayuso-como-aliada-de-netanyahu","status":"publish","type":"post","link":"https:\/\/www.europesays.com\/es\/115764\/","title":{"rendered":"M\u00e1s Madrid usa la Vuelta para retratar a Ayuso como aliada de Netanyahu"},"content":{"rendered":"<p>La \u00faltima etapa de la Vuelta Ciclista se ha convertido en mucho m\u00e1s que el final de una competici\u00f3n deportiva: ha sido una cita escogida por M\u00e1s Madrid, principal partido de la oposici\u00f3n en la regi\u00f3n, para proyectar su ofensiva pol\u00edtica contra Isabel D\u00edaz Ayuso. La Puerta del Sol se ha encontrado hoy con una pancarta en blanco y negro con un mensaje imposible de ignorar: \u201cS\u00ed, es un genocidio. Palestina libre\u201d. Y, detr\u00e1s de esa pancarta, la estrategia calculada de su portavoz, Manuela Bergerot, que desde hace d\u00edas viene utilizando todos los escenarios a su alcance para cargar contra la presidenta madrile\u00f1a y retratarla como c\u00f3mplice del Gobierno de Netanyahu.<\/p>\n<p>En realidad, fue la continuaci\u00f3n natural de lo que ocurri\u00f3 esta misma semana en la Asamblea de Madrid, donde el Debate del Estado de la Regi\u00f3n arranc\u00f3 con un golpe de efecto: Bergerot subi\u00f3 a la tribuna y mostr\u00f3 la fotograf\u00eda de Hind Rajab, la ni\u00f1a palestina de cinco a\u00f1os asesinada en Gaza. \u201cNo son solo un n\u00famero\u201d, advirti\u00f3 entonces, \u201cson vidas, y usted ha decidido mirar hacia otro lado\u201d.<\/p>\n<p>El mismo guion se ha repetido hoy sobre el asfalto en la Puerta del Sol. \u201cHoy vamos a ver c\u00f3mo Madrid se llena de dignidad para pedir paz y libertad para el pueblo palestino, por el fin del genocidio que est\u00e1 cometiendo Israel\u201d, proclam\u00f3 Bergerot, situando a la capital como estandarte internacional de la protesta. Y despu\u00e9s puso el foco sobre Ayuso: \u201cLa Comunidad de Madrid se ha convertido en la portavoz de Netanyahu en Espa\u00f1a. Pero afortunadamente, Madrid es mejor que Ayuso\u201d, dijo.<\/p>\n<p>Bergerot activa as\u00ed una estrategia de pol\u00edtica teatralizada. Primero fue la foto en el hemiciclo de la C\u00e1mara de Vallecas; hoy la pancarta en Sol y, en ambos casos, con un mismo objetivo: colocar a Ayuso en el centro de la pol\u00e9mica global, asoci\u00e1ndola al \u201cnegacionismo del genocidio\u201d.<\/p>\n<p>La portavoz de M\u00e1s Madrid tambi\u00e9n respondi\u00f3 a las amenazas de la presidenta madrile\u00f1a de emprender acciones legales contra quienes se manifestaban durante la Vuelta: \u201cSi la se\u00f1ora Ayuso quiere multar a todos los madrile\u00f1os que salimos a la calle, que empiece a pensar en subir los impuestos a los m\u00e1s ricos, porque va a necesitar mucho presupuesto para silenciarnos. Y no lo va a conseguir. Viva Palestina libre\u201d.<\/p>\n<p>El secretario general de los socialistas, \u00d3scar L\u00f3pez, defendi\u00f3 tambi\u00e9n la causa palestina a trav\u00e9s de las redes sociales y rechaz\u00f3 que las protestas perjudiquen la imagen internacional de Espa\u00f1a: \u00abQue el pueblo de Madrid se manifieste contra un genocidio no perjudica la imagen de Espa\u00f1a. Al rev\u00e9s. Habla muy bien del pueblo de Madrid. Lo siento por La Vuelta, pero lo siento mucho m\u00e1s por cientos de miles de palestinos que est\u00e1n siendo masacrados\u00bb, sentenci\u00f3.<\/p>\n","protected":false},"excerpt":{"rendered":"La \u00faltima etapa de la Vuelta Ciclista se ha convertido en mucho m\u00e1s que el final de una&hellip;\n","protected":false},"author":2,"featured_media":115765,"comment_status":"","ping_status":"","sticky":false,"template":"","format":"standard","meta":{"footnotes":""},"categories":[273],"tags":[313,312,168,25,24,23,167],"class_list":{"0":"post-115764","1":"post","2":"type-post","3":"status-publish","4":"format-standard","5":"has-post-thumbnail","7":"category-ciclismo","8":"tag-ciclismo","9":"tag-cycling","10":"tag-deportes","11":"tag-es","12":"tag-espana","13":"tag-spain","14":"tag-sports"},"share_on_mastodon":{"url":"","error":""},"_links":{"self":[{"href":"https:\/\/www.europesays.com\/es\/wp-json\/wp\/v2\/posts\/115764","targetHints":{"allow":["GET"]}}],"collection":[{"href":"https:\/\/www.europesays.com\/es\/wp-json\/wp\/v2\/posts"}],"about":[{"href":"https:\/\/www.europesays.com\/es\/wp-json\/wp\/v2\/types\/post"}],"author":[{"embeddable":true,"href":"https:\/\/www.europesays.com\/es\/wp-json\/wp\/v2\/users\/2"}],"replies":[{"embeddable":true,"href":"https:\/\/www.europesays.com\/es\/wp-json\/wp\/v2\/comments?post=115764"}],"version-history":[{"count":0,"href":"https:\/\/www.europesays.com\/es\/wp-json\/wp\/v2\/posts\/115764\/revisions"}],"wp:featuredmedia":[{"embeddable":true,"href":"https:\/\/www.europesays.com\/es\/wp-json\/wp\/v2\/media\/115765"}],"wp:attachment":[{"href":"https:\/\/www.europesays.com\/es\/wp-json\/wp\/v2\/media?parent=115764"}],"wp:term":[{"taxonomy":"category","embeddable":true,"href":"https:\/\/www.europesays.com\/es\/wp-json\/wp\/v2\/categories?post=115764"},{"taxonomy":"post_tag","embeddable":true,"href":"https:\/\/www.europesays.com\/es\/wp-json\/wp\/v2\/tags?post=115764"}],"curies":[{"name":"wp","href":"https:\/\/api.w.org\/{rel}","templated":true}]}}