{"id":115768,"date":"2025-09-15T03:41:12","date_gmt":"2025-09-15T03:41:12","guid":{"rendered":"https:\/\/www.europesays.com\/es\/115768\/"},"modified":"2025-09-15T03:41:12","modified_gmt":"2025-09-15T03:41:12","slug":"galbiati-suma-efectivos-en-el-baskonia","status":"publish","type":"post","link":"https:\/\/www.europesays.com\/es\/115768\/","title":{"rendered":"Galbiati suma efectivos en el Baskonia"},"content":{"rendered":"<p>\n        La pretemporada del Baskonia se adentra en un momento importante con el aterrizaje de los jugadores que han tomado parte en el Europeo finalizado este domingo en Riga (Letonia). Tras la llegada de Matteo Spagnolo d\u00edas atr\u00e1s a Vitoria, <strong>Luwawu-Cabarrot comenzar\u00e1 a trabajar con sus compa\u00f1eros a partir de este lunes <\/strong>y Sedekerskis tambi\u00e9n lo har\u00e1 en breve.\n<\/p>\n<p class=\"article-body__text \">\n        De esta forma, <strong>Paolo Galbiati sigue ganando efectivos para afrontar una fase decisiva del trabajo estival<\/strong> en la que el Baskonia necesita acumular rodaje y un buen tono f\u00edsico para lo que se avecina.\n<\/p>\n<p class=\"article-body__text \">\n        Antes del primer partido oficial de la temporada 2025-26, previsto el 30 de septiembre ante el Olympiacos en el Buesa Arena en el descorche de la Euroliga, <strong>el Baskonia disputar\u00e1 cuatro amistosos con el fin de terminar de coger la temperatura ideal <\/strong>que le permita arrancar la campa\u00f1a con ciertas garant\u00edas.\n<\/p>\n<p>            <a href=\"https:\/\/www.noticiasdealava.eus\/baskonia\/2025\/09\/14\/versatilidad-torres-euroliga-baskonia-10079689.html\" title=\"Versatilidad contra las &#039;torres&#039; de la Euroliga\" class=\"new__media\" rel=\"nofollow noopener\" target=\"_blank\"><\/p>\n<p>                <img alt=\"Versatilidad contra las 'torres' de la Euroliga\" data-src=\"https:\/\/estaticosgn-cdn.deia.eus\/clip\/45d58f57-f84c-4f87-8263-e71156a7e089_16-9-aspect-ratio_default_0.\" class=\"lozad\"\/><\/p>\n<p>        <\/a><\/p>\n<p>        <a href=\"https:\/\/www.noticiasdealava.eus\/baskonia\/2025\/09\/14\/versatilidad-torres-euroliga-baskonia-10079689.html\" title=\"Versatilidad contra las &#039;torres&#039; de la Euroliga\" class=\"new__headline\" rel=\"nofollow noopener\" target=\"_blank\"><br \/>\n            Versatilidad contra las &#8216;torres&#8217; de la Euroliga<br \/>\n        <\/a><\/p>\n<p class=\"article-body__text \">\n        <strong>Los azulgranas abren este viernes su participaci\u00f3n en el Torneo EncestaR\u00edas <\/strong>con el enfrentamiento de semifinales ante el Valencia Basket. Un d\u00eda m\u00e1s tarde, esperar\u00e1 el Real Madrid o el R\u00edo Breog\u00e1n en la final de consolaci\u00f3n o en el choque valedero para levantar el trofeo.\n<\/p>\n<p class=\"article-body__text \">\n        En la semana previa al inicio de las hostilidades, <strong>el Baskonia se medir\u00e1 al Pallacanestro Trieste en el Buesa Arena el d\u00eda 23 y al Bilbao Basket el 25 en la tradicional Euskal Kopa<\/strong> prevista en Barakaldo.\n<\/p>\n<p>  Sin el base todav\u00eda<\/p>\n<p class=\"article-body__text \">\n        Para entonces, quiz\u00e1 ya pueda estar en Vitoria el ansiado base por el que tanto suspira el club desde hace tiempo y que eleve a trece el n\u00famero de jugadores para Galbiati. Es el n\u00famero m\u00ednimo para afrontar <strong>una campa\u00f1a donde 72 partidos est\u00e1n garantizados (34 de Liga ACB y 38 de Euroliga) <\/strong>y puede que se vaya a m\u00e1s de 80 si el Baskonia se mete en la Copa, el play off por el t\u00edtulo dom\u00e9stico o el Top 8.\n<\/p>\n<p class=\"article-body__text \">\n        <strong>Tambi\u00e9n est\u00e1 por ver si Stefan Joksimovic<\/strong>, el canterano que tan buenas sensaciones dej\u00f3 el pasado viernes en el Coliseum ante el San Pablo Burgos,\u00a0<strong>termina disponiendo de oportunidades<\/strong> en el primer equipo o se le busca acomodo en otro lugar en forma de cesi\u00f3n.\n<\/p>\n<p>            <a href=\"https:\/\/www.noticiasdealava.eus\/baskonia\/2025\/09\/12\/baskonia-medio-construir-sucumbe-burgos-pretemporada-amistoso-10078018.html\" title=\"Un Baskonia a medio construir sucumbe en Burgos (90-88)\" class=\"new__media\" rel=\"nofollow noopener\" target=\"_blank\"><\/p>\n<p>                <img alt=\"Un Baskonia a medio construir sucumbe en Burgos (90-88)\" data-src=\"https:\/\/www.europesays.com\/es\/wp-content\/uploads\/2025\/09\/90948687-5927-40bd-b6df-c539cc7ac9da_16-9-aspect-ratio_default_0_x680y322.jpg\" class=\"lozad\"\/><\/p>\n<p>        <\/a><\/p>\n<p>        <a href=\"https:\/\/www.noticiasdealava.eus\/baskonia\/2025\/09\/12\/baskonia-medio-construir-sucumbe-burgos-pretemporada-amistoso-10078018.html\" title=\"Un Baskonia a medio construir sucumbe en Burgos (90-88)\" class=\"new__headline\" rel=\"nofollow noopener\" target=\"_blank\"><br \/>\n            Un Baskonia a medio construir sucumbe en Burgos (90-88)<br \/>\n        <\/a><\/p>\n<p class=\"article-body__text \">\n        Lo \u00fanico cierto es que esta semana se incorporan dos piezas capitales del proyecto azulgrana como Luwawu-Cabarrot y Sedekerskis. <strong>Ambos han finalizado el Europeo con un amargo sabor de boca<\/strong>. A la prematura eliminaci\u00f3n de sus selecciones \u2013Francia en octavos de final y Lituania en cuartos\u2013 se a\u00f1ade que no han firmado actuaciones destacadas en el plano individual.\n<\/p>\n<p class=\"article-body__text \">\n        El Europeo de Luwawu-Cabarrot ha resultado especialmente decepcionante, en parte porque apenas ha entrado en los planes de Fr\u00e9d\u00e9ric Fauthoux con \u00fanicamente 14 minutos de media (3,3 puntos y 2,3 rebotes). En el caso de Sedekerskis, s\u00ed ha sido un primera espada en los esquemas de Rimas Kurtinaitis,<strong> aunque su aportaci\u00f3n a nivel num\u00e9rico tampoco ha sido para echar cohetes con 6,5 puntos y 3,7 rebotes de media<\/strong>.<\/p>\n","protected":false},"excerpt":{"rendered":"La pretemporada del Baskonia se adentra en un momento importante con el aterrizaje de los jugadores que han&hellip;\n","protected":false},"author":2,"featured_media":115769,"comment_status":"","ping_status":"","sticky":false,"template":"","format":"standard","meta":{"footnotes":""},"categories":[269],"tags":[299,298,4714,168,12688,25,24,17490,23,167,4991],"class_list":{"0":"post-115768","1":"post","2":"type-post","3":"status-publish","4":"format-standard","5":"has-post-thumbnail","7":"category-baloncesto","8":"tag-baloncesto","9":"tag-basketball","10":"tag-baskonia","11":"tag-deportes","12":"tag-efectivos","13":"tag-es","14":"tag-espana","15":"tag-galbiati","16":"tag-spain","17":"tag-sports","18":"tag-suma"},"share_on_mastodon":{"url":"","error":""},"_links":{"self":[{"href":"https:\/\/www.europesays.com\/es\/wp-json\/wp\/v2\/posts\/115768","targetHints":{"allow":["GET"]}}],"collection":[{"href":"https:\/\/www.europesays.com\/es\/wp-json\/wp\/v2\/posts"}],"about":[{"href":"https:\/\/www.europesays.com\/es\/wp-json\/wp\/v2\/types\/post"}],"author":[{"embeddable":true,"href":"https:\/\/www.europesays.com\/es\/wp-json\/wp\/v2\/users\/2"}],"replies":[{"embeddable":true,"href":"https:\/\/www.europesays.com\/es\/wp-json\/wp\/v2\/comments?post=115768"}],"version-history":[{"count":0,"href":"https:\/\/www.europesays.com\/es\/wp-json\/wp\/v2\/posts\/115768\/revisions"}],"wp:featuredmedia":[{"embeddable":true,"href":"https:\/\/www.europesays.com\/es\/wp-json\/wp\/v2\/media\/115769"}],"wp:attachment":[{"href":"https:\/\/www.europesays.com\/es\/wp-json\/wp\/v2\/media?parent=115768"}],"wp:term":[{"taxonomy":"category","embeddable":true,"href":"https:\/\/www.europesays.com\/es\/wp-json\/wp\/v2\/categories?post=115768"},{"taxonomy":"post_tag","embeddable":true,"href":"https:\/\/www.europesays.com\/es\/wp-json\/wp\/v2\/tags?post=115768"}],"curies":[{"name":"wp","href":"https:\/\/api.w.org\/{rel}","templated":true}]}}