{"id":115775,"date":"2025-09-15T03:45:07","date_gmt":"2025-09-15T03:45:07","guid":{"rendered":"https:\/\/www.europesays.com\/es\/115775\/"},"modified":"2025-09-15T03:45:07","modified_gmt":"2025-09-15T03:45:07","slug":"el-arqueologo-de-cesar-aira","status":"publish","type":"post","link":"https:\/\/www.europesays.com\/es\/115775\/","title":{"rendered":"&#8216;El arque\u00f3logo&#8217; de C\u00e9sar Aira"},"content":{"rendered":"<p>Una de las cosas frecuentes en mi vida es que quien ande cerca de m\u00ed me pregunte <strong>\u00ab\u00bfDe qu\u00e9 te est\u00e1s riendo?\u00bb<\/strong>, o bien \u00ab\u00bfPor qu\u00e9 sonr\u00edes as\u00ed?\u00bb, y que la respuesta, me apetezca explicarlo o no, sea que me estoy acordando de algo le\u00eddo en C\u00e9sar Aira, o que estoy pensando en la simple existencia de la literatura de Aira, que me cae tan bien, o en la existencia del mismo Aira, alguien que me hace tant\u00edsima gracia.<\/p>\n<p>Hay libros suyos con los que me gustar\u00eda que me enterrasen, p<strong>or si acaso en la otra vida nos es concedido alg\u00fan ratito para leer y disfrutar. <\/strong>Por ejemplo, Cumplea\u00f1os, creo que mi favorito, un libro que (seg\u00fan dice \u00e9l\u2026) escribi\u00f3 el d\u00eda en que cumpli\u00f3 cincuenta a\u00f1os, y que yo tengo agendado (espantoso verbo) para releer el 5 de septiembre de 2030, cuando a m\u00ed me ocurra lo propio. O Varamo. O C\u00f3mo me re\u00ed\u2026<\/p>\n<p>El que acaba de publicar en la \u00absucursal\u00bb espa\u00f1ola de la editorial argentina Blatt &amp; R\u00edos se titula <strong>El arque\u00f3logo<\/strong> (Aira tiene afecto a los t\u00edtulos muy sencillos, como primera broma para presentar libros a veces muy complejos y loqu\u00edsimos), y es toda una gozada. Lo m\u00e1s curioso en este caso es que la introducci\u00f3n, digamos, ocupa sesenta p\u00e1ginas, mientras que la narraci\u00f3n, propiamente dicha, tiene la mitad, ocupando el \u00faltimo tercio del volumen. Pero, amigos, amigas, vaya introducci\u00f3n\u2026 Medio en broma medio en serio, como casi siempre en Aira, a medio camino muy consciente entre las burlas y las veras, lo que acomete el argentino es toda una reflexi\u00f3n casi disimulada (casi sepultada, nunca mejor dicho, ya que hablamos de arqueolog\u00eda) sobre la historiograf\u00eda, sobre el pasado, sobre la reconstrucci\u00f3n, sobre las conjeturas y las certezas, sobre c\u00f3mo se construye la cultura y la ciencia.\u00a0<\/p>\n<p>Por supuesto, como quien no quiere la cosa hay varios momentos en los que se nota que Aira est\u00e1 m\u00e1s bien pensando en su obsesi\u00f3n, esto es, <strong>la irresoluble relaci\u00f3n entre la realidad y la ficci\u00f3n <\/strong>(o, mejor, la siempre pendiente respuesta a la pregunta de c\u00f3mo se comporta la realidad, o las realidades, dentro de la ficci\u00f3n, de las ficciones), como cuando se hace notar que \u00absiempre las historias han empezado antes. Y as\u00ed tiene que ser, porque sin antecedentes un hecho solo ser\u00eda un accidente sin significado. [\u2026] Una historia era la punta de un iceberg que llegaba hasta el fondo del mar\u00bb.<\/p>\n<p><strong>Aparte de que el arque\u00f3logo est\u00e1 ya frustrantemente jubilado<\/strong>, muy a su pesar, lo cual quiere decir que es un hombre de edad, no hay muchos datos para imaginarnos f\u00edsicamente al protagonista, ni siquiera sabremos su nombre. Y, sin embargo, como es costumbre que suceda con las criaturas de Aira, el nost\u00e1lgico y mis\u00f3gino arque\u00f3logo deja traslucir su alma de un modo sutil, exhaustivo, aunque se esboce brevemente, completo, aunque apenas se nos hagan saber unos pocos detalles perfectamente expresivos. As\u00ed sucede en esa ristra de breves cap\u00edtulos que, como dec\u00eda, ocupan los dos primeros tercios del libro y que sirven para presentarlo a \u00e9l y para, sin dejar de hacerlo, sin desentenderse de su criatura, introducir consideraciones y digresiones estupendas sobre la vocaci\u00f3n, sobre la entrega al trabajo, cobre la fecundidad profesional, sobre la envidia y maledicencias de los competidores, sobre la burocracia, sobre el esfuerzo. Es un banquete, y la inteligencia sonriente de Aira brilla all\u00ed como en tantos otros sitios, tan frecuentemente (hubo alg\u00fan a\u00f1o en el que Aira public\u00f3 seis libros). <\/p>\n<p>En cuanto al argumento final, sobre cuestiones m\u00e1s o menos relacionadas con amor\u00edos remotos o recientes y posibles paternidades, <strong>es muy entretenida,<\/strong> y en alg\u00fan momento parece que sus pliegues y recovecos van a derivar en esas tramas de maravilloso retorcimiento delirante que recordar\u00e1n quienes hayan le\u00eddo, por ejemplo, El salm\u00f3n o, muy recientemente, En El Pensamiento. Pero no: la cosa se aclara y se amansa pronto, y queda entonces la leve melancol\u00eda de un hombre que lo dio todo en el pasado por puro amor al pasado, y que ahora, en el presente irremediable, vive confundido, aturdido por torpezas personales, recuerdos y fantas\u00edas, teniendo que hacer excavaciones privadas en ciertos desasosegantes sue\u00f1os que le asedian, convencido de que \u00abcreer siempre enriquec\u00eda la vida, as\u00ed fuera con mentiras\u00bb.<\/p>\n","protected":false},"excerpt":{"rendered":"Una de las cosas frecuentes en mi vida es que quien ande cerca de m\u00ed me pregunte \u00ab\u00bfDe&hellip;\n","protected":false},"author":2,"featured_media":115776,"comment_status":"","ping_status":"","sticky":false,"template":"","format":"standard","meta":{"footnotes":""},"categories":[172],"tags":[224,146,147,25,24,225,671,2879,23],"class_list":{"0":"post-115775","1":"post","2":"type-post","3":"status-publish","4":"format-standard","5":"has-post-thumbnail","7":"category-libros","8":"tag-books","9":"tag-entertainment","10":"tag-entretenimiento","11":"tag-es","12":"tag-espana","13":"tag-libros","14":"tag-literatura","15":"tag-novelas","16":"tag-spain"},"share_on_mastodon":{"url":"","error":""},"_links":{"self":[{"href":"https:\/\/www.europesays.com\/es\/wp-json\/wp\/v2\/posts\/115775","targetHints":{"allow":["GET"]}}],"collection":[{"href":"https:\/\/www.europesays.com\/es\/wp-json\/wp\/v2\/posts"}],"about":[{"href":"https:\/\/www.europesays.com\/es\/wp-json\/wp\/v2\/types\/post"}],"author":[{"embeddable":true,"href":"https:\/\/www.europesays.com\/es\/wp-json\/wp\/v2\/users\/2"}],"replies":[{"embeddable":true,"href":"https:\/\/www.europesays.com\/es\/wp-json\/wp\/v2\/comments?post=115775"}],"version-history":[{"count":0,"href":"https:\/\/www.europesays.com\/es\/wp-json\/wp\/v2\/posts\/115775\/revisions"}],"wp:featuredmedia":[{"embeddable":true,"href":"https:\/\/www.europesays.com\/es\/wp-json\/wp\/v2\/media\/115776"}],"wp:attachment":[{"href":"https:\/\/www.europesays.com\/es\/wp-json\/wp\/v2\/media?parent=115775"}],"wp:term":[{"taxonomy":"category","embeddable":true,"href":"https:\/\/www.europesays.com\/es\/wp-json\/wp\/v2\/categories?post=115775"},{"taxonomy":"post_tag","embeddable":true,"href":"https:\/\/www.europesays.com\/es\/wp-json\/wp\/v2\/tags?post=115775"}],"curies":[{"name":"wp","href":"https:\/\/api.w.org\/{rel}","templated":true}]}}