{"id":11578,"date":"2025-07-29T11:52:04","date_gmt":"2025-07-29T11:52:04","guid":{"rendered":"https:\/\/www.europesays.com\/es\/11578\/"},"modified":"2025-07-29T11:52:04","modified_gmt":"2025-07-29T11:52:04","slug":"cada-ultimatum-es-una-amenaza-y-un-paso-hacia-la-guerra","status":"publish","type":"post","link":"https:\/\/www.europesays.com\/es\/11578\/","title":{"rendered":"&#8216;Cada ultim\u00e1tum es una amenaza y un paso hacia la guerra&#8217;"},"content":{"rendered":"<p>El cambio de posici\u00f3n de Donald Trump respecto a la fecha l\u00edmite para que Rusia consiga un acuerdo de paz con Ucrania, ha encontrado ya la primera reacci\u00f3n por parte del Kremlin en palabras de su expresidente, <b>Dimitri Medvedev, actual vicepresidente del Consejo de Seguridad de Rusia.<\/b><\/p>\n<p>El mandatario ruso ha respondido al nuevo \u00abultim\u00e1tum\u00bb de Trump, que en la tarde de este lunes<b> ha &#8216;rectificado&#8217; su posici\u00f3n respecto a la fecha l\u00edmite <\/b>para que Putin consiga un alto el fuego con Ucrania, <a href=\"https:\/\/www.huffingtonpost.es\/global\/trump-da-10-12-dias-putin-llegar-acuerdo-alto-fuego-ucraniabr.html\" target=\"_blank\" rel=\"nofollow noopener\">pasando de 50 d\u00edas -de los cuales hab\u00edan transcurrido ya 14- a \u00ab10 o 12\u00bb.<\/a><\/p>\n<p>\u00abTrump le est\u00e1 dando un ultim\u00e1tum a Rusia: <a href=\"https:\/\/www.huffingtonpost.es\/global\/trump-amenaza-rusia-aranceles-100-hay-acuerdo-paz-ucrania-50-dias.html\" target=\"_blank\" rel=\"nofollow noopener\">\u00bf50 d\u00edas o 10? Deber\u00eda recordar dos cosas: <b>Rusia no es Israel, ni siquiera Ir\u00e1n<\/b>. <\/a>Cada nuevo ultim\u00e1tum es una amenaza y un paso hacia la guerra. No entre Rusia y Ucrania, sino con su propio pa\u00eds. <b>No siga el camino de &#8216;Joe El Dormil\u00f3n\u00bb,<\/b> ha contestado Medvedv, en referencia a Joe Biden.\u00a0<\/p>\n<p>Las palabras de Trump, que dado el contexto (un encuentro con Keir Starmer) <b>y la concreci\u00f3n de sus palabras \u00ab10 o 12 d\u00edas\u00bb,<\/b> m\u00e1s que una orden bien podr\u00edan parecer un vago planteamiento, han sentado como una bomba de relojer\u00eda en Rusia, que no parece contemplar ni aceptar ning\u00fan tipo de mandato del presidente estadounidense.<\/p>\n<p>La nueva postura de Trump responde, seg\u00fan \u00e9l mismo ha asegurado a que <b>se siente \u00abmuy decepcionado\u00bb con Putin<\/b>, y fue en ese momento cuando confirm\u00f3 que iba \u00aba reducir esos 50 d\u00edas a un n\u00famero menor\u00bb.<\/p>\n<p>\u00abVoy a poner una nueva fecha l\u00edmite de unos diez o doce d\u00edas desde hoy. No tiene sentido que est\u00e9 esperando. <b>Con 50 d\u00edas quer\u00eda ser generoso, pero no vemos ning\u00fan avance\u00bb,<\/b> sentenci\u00f3 Trump ante los medios.<\/p>\n","protected":false},"excerpt":{"rendered":"El cambio de posici\u00f3n de Donald Trump respecto a la fecha l\u00edmite para que Rusia consiga un acuerdo&hellip;\n","protected":false},"author":2,"featured_media":11579,"comment_status":"","ping_status":"","sticky":false,"template":"","format":"standard","meta":{"footnotes":""},"categories":[42],"tags":[17,18,352,13,14,8233,11,61,62,63,64,19,20,9,10,15,16,1614,12,21,22,65,66,67],"class_list":{"0":"post-11578","1":"post","2":"type-post","3":"status-publish","4":"format-standard","5":"has-post-thumbnail","7":"category-internacional","8":"tag-breaking-news","9":"tag-breakingnews","10":"tag-donald-trump","11":"tag-featured-news","12":"tag-featurednews","13":"tag-guerra-ucrania","14":"tag-headlines","15":"tag-internacional","16":"tag-international","17":"tag-international-news","18":"tag-internationalnews","19":"tag-latest-news","20":"tag-latestnews","21":"tag-news","22":"tag-noticias","23":"tag-noticias-destacadas","24":"tag-noticiasdestacadas","25":"tag-rusia","26":"tag-titulares","27":"tag-ultimas-noticias","28":"tag-ultimasnoticias","29":"tag-world","30":"tag-world-news","31":"tag-worldnews"},"share_on_mastodon":{"url":"","error":""},"_links":{"self":[{"href":"https:\/\/www.europesays.com\/es\/wp-json\/wp\/v2\/posts\/11578","targetHints":{"allow":["GET"]}}],"collection":[{"href":"https:\/\/www.europesays.com\/es\/wp-json\/wp\/v2\/posts"}],"about":[{"href":"https:\/\/www.europesays.com\/es\/wp-json\/wp\/v2\/types\/post"}],"author":[{"embeddable":true,"href":"https:\/\/www.europesays.com\/es\/wp-json\/wp\/v2\/users\/2"}],"replies":[{"embeddable":true,"href":"https:\/\/www.europesays.com\/es\/wp-json\/wp\/v2\/comments?post=11578"}],"version-history":[{"count":0,"href":"https:\/\/www.europesays.com\/es\/wp-json\/wp\/v2\/posts\/11578\/revisions"}],"wp:featuredmedia":[{"embeddable":true,"href":"https:\/\/www.europesays.com\/es\/wp-json\/wp\/v2\/media\/11579"}],"wp:attachment":[{"href":"https:\/\/www.europesays.com\/es\/wp-json\/wp\/v2\/media?parent=11578"}],"wp:term":[{"taxonomy":"category","embeddable":true,"href":"https:\/\/www.europesays.com\/es\/wp-json\/wp\/v2\/categories?post=11578"},{"taxonomy":"post_tag","embeddable":true,"href":"https:\/\/www.europesays.com\/es\/wp-json\/wp\/v2\/tags?post=11578"}],"curies":[{"name":"wp","href":"https:\/\/api.w.org\/{rel}","templated":true}]}}