{"id":115797,"date":"2025-09-15T04:02:08","date_gmt":"2025-09-15T04:02:08","guid":{"rendered":"https:\/\/www.europesays.com\/es\/115797\/"},"modified":"2025-09-15T04:02:08","modified_gmt":"2025-09-15T04:02:08","slug":"vuelta-a-espana-2025-en-directo-ultima-etapa-protestas-propalestinas-llegada-a-madrid-y-ganadores","status":"publish","type":"post","link":"https:\/\/www.europesays.com\/es\/115797\/","title":{"rendered":"Vuelta a Espa\u00f1a 2025, en directo \u00faltima etapa: protestas propalestinas, llegada a Madrid y ganadores"},"content":{"rendered":"<p>\n\t\t\t\t\t\t\t\t\t\t\t\t\t\t\t\t17:05\t\t\t\t\t\t\t\t\t\t\t\t\t\t\t<\/p>\n<p>\t\t\t\t\t\t\t\t\t\t\t\t\t\t\tHomenaje a Vingegaard: lleva el maillot especial negro y rojo del ganador de la Vuelta<\/p>\n<p>El ciclista dan\u00e9s,<strong> Jonas\u00a0Vingegaard<\/strong>, ha sido homenajeado en esta \u00faltima etapa de la Vuelta a Espa\u00f1a como ganador, su primera victoria en nuestro pa\u00eds. El corredor lleva un <strong><a href=\"https:\/\/www.vozpopuli.com\/deportes\/el-equipo-israeli-cede-a-las-protestas-de-lavuelta-correra-con-un-maillot-neutro-y-sin-nombre.html\" rel=\"nofollow noopener\" target=\"_blank\">maillot <\/a>especial, negro y rojo<\/strong>.\u00a0Vingegaard se ha fotografiado con los miembros de su equipo, Visma, y tambi\u00e9n con\u00a0el resto de participantes de Dinamarca:\u00a0Mads Pedersen, Mikkel Bjerg, Jonas Gregaard, Anders Foldager y Chris Juul-Jensen.<\/p>\n","protected":false},"excerpt":{"rendered":"17:05 Homenaje a Vingegaard: lleva el maillot especial negro y rojo del ganador de la Vuelta El ciclista&hellip;\n","protected":false},"author":2,"featured_media":115798,"comment_status":"","ping_status":"","sticky":false,"template":"","format":"standard","meta":{"footnotes":""},"categories":[273],"tags":[313,312,168,25,24,23,167],"class_list":{"0":"post-115797","1":"post","2":"type-post","3":"status-publish","4":"format-standard","5":"has-post-thumbnail","7":"category-ciclismo","8":"tag-ciclismo","9":"tag-cycling","10":"tag-deportes","11":"tag-es","12":"tag-espana","13":"tag-spain","14":"tag-sports"},"share_on_mastodon":{"url":"","error":""},"_links":{"self":[{"href":"https:\/\/www.europesays.com\/es\/wp-json\/wp\/v2\/posts\/115797","targetHints":{"allow":["GET"]}}],"collection":[{"href":"https:\/\/www.europesays.com\/es\/wp-json\/wp\/v2\/posts"}],"about":[{"href":"https:\/\/www.europesays.com\/es\/wp-json\/wp\/v2\/types\/post"}],"author":[{"embeddable":true,"href":"https:\/\/www.europesays.com\/es\/wp-json\/wp\/v2\/users\/2"}],"replies":[{"embeddable":true,"href":"https:\/\/www.europesays.com\/es\/wp-json\/wp\/v2\/comments?post=115797"}],"version-history":[{"count":0,"href":"https:\/\/www.europesays.com\/es\/wp-json\/wp\/v2\/posts\/115797\/revisions"}],"wp:featuredmedia":[{"embeddable":true,"href":"https:\/\/www.europesays.com\/es\/wp-json\/wp\/v2\/media\/115798"}],"wp:attachment":[{"href":"https:\/\/www.europesays.com\/es\/wp-json\/wp\/v2\/media?parent=115797"}],"wp:term":[{"taxonomy":"category","embeddable":true,"href":"https:\/\/www.europesays.com\/es\/wp-json\/wp\/v2\/categories?post=115797"},{"taxonomy":"post_tag","embeddable":true,"href":"https:\/\/www.europesays.com\/es\/wp-json\/wp\/v2\/tags?post=115797"}],"curies":[{"name":"wp","href":"https:\/\/api.w.org\/{rel}","templated":true}]}}