{"id":115812,"date":"2025-09-15T04:11:08","date_gmt":"2025-09-15T04:11:08","guid":{"rendered":"https:\/\/www.europesays.com\/es\/115812\/"},"modified":"2025-09-15T04:11:08","modified_gmt":"2025-09-15T04:11:08","slug":"los-27-estrenos-de-esta-semana-del-15-al-21-de-septiembre-en-netflix-prime-video-disney-o-filmin","status":"publish","type":"post","link":"https:\/\/www.europesays.com\/es\/115812\/","title":{"rendered":"Los 27 estrenos de esta semana del 15 al 21 de septiembre en Netflix, Prime Video, Disney+ o Filmin"},"content":{"rendered":"<p>Nos metemos ya de lleno en la segunda quincena de septiembre. Y como ya hemos dicho en otros art\u00edculos, las plataformas est\u00e1n despenado estrenar sus t\u00edtulos m\u00e1s potentes en este \u00faltimo trimestre del a\u00f1o. La vuelta al curso llega repleta de diferentes proyectos repletos de estrellas, y que estamos deseando ver desde que se anunciaran. Netflix, por ejemplo, se pone en cabeza con la llegada de dos de sus series m\u00e1s esperadas: <strong>&#8216;Black Rabbit&#8217;, con Jude Law y Jason Bateman<\/strong>; y, por otro lado, &#8216;<a href=\"https:\/\/eltelevisero.huffingtonpost.es\/2025\/09\/el-cambio-de-180-grados-de-luis-zahera-tras-entrevias-con-esta-nueva-serie-de-netflix-fecha-y-sinopsis\/\" rel=\"nofollow noopener\" target=\"_blank\">El refugio at\u00f3mico<\/a>&#8216;, que tiene en su equipo creativo a \u00c1lex Pina y Esther Mart\u00ednez Lobato, ambos creadores de &#8216;La casa de papel&#8217;.<\/p>\n<p>Por otro lado, tenemos varios regresos marcados con rojo en nuestro calendario. &#8216;<a href=\"https:\/\/eltelevisero.huffingtonpost.es\/2023\/07\/merece-la-pena-ver-el-regreso-de-la-mitica-serie-futurama-despues-de-10-anos\/\" rel=\"nofollow noopener\" target=\"_blank\">Futurama<\/a>&#8216; vuelve con su temporada 13 esta semana en Disney Plus. Nuevas aventuras de Fry, Bender y Leela, y buscando volver a enamorar a la cr\u00edtica (y a los fans). <strong>Tambi\u00e9n regresan Jennifer Aniston y Reese Whiterspoon con &#8216;The Morning Show&#8217; en AppleTV+<\/strong>. Y, adem\u00e1s, nuestros superh\u00e9roes favoritos en el spin-off &#8216;Gen V&#8217;, en Prime Video. \u00bfY qu\u00e9 m\u00e1s podemos pedir? La primera serie original de Steve McQueen, retratando el racismo con un reparto repleto de estrellas.<\/p>\n<p><strong>Estrenos en Netflix<\/strong><\/p>\n<p>Black Rabbit<\/p>\n<p><strong>Sinopsis:<\/strong> Cuando el due\u00f1o de un restaurante de moda de la ciudad de Nueva York permite que su turbulento hermano regrese a su vida, abre la puerta a peligros cada vez mayores que amenazan con derribar todo lo que ha construido.<\/p>\n<p><strong>Jude Law <\/strong>hace tiempo que dio el salto tambi\u00e9n al mundo de las series. Y qu\u00e9 bien que lo hizo porque entre los t\u00edtulos que ha protagonizado esta esa obra de culto que es &#8216;The Young Pope&#8217; o la \u00faltima serie de Star Wars &#8216;Tripulaci\u00f3n perdida&#8217;. Ahora le toca meterse en la piel de un hombre que tiene que soportar a su problem\u00e1tico hermano. \u00a1Y tan problem\u00e1tico! No le va a dar m\u00e1s que quebraderos de cabeza continuamente, y brillantemente interpretado por Jason Bateman, que eso hay que tenerlo en cuenta. Un thriller familiar con la ciudad de New York como una protagonista m\u00e1s, creado por <strong>Zach Baylin<\/strong>\u00a0y\u00a0<strong>Kate Susman<\/strong>. \u00abLa serie representa un mundo interesante\u2026 espero que el p\u00fablico se enganche con la relaci\u00f3n complicada, amorosa y vol\u00e1til entre estos hermanos\u00bb, coment\u00f3 Jude Law en la presentaci\u00f3n de la serie.<\/p>\n<p><strong>Fecha de estreno: <\/strong>18 de septiembre <\/p>\n<p>El refugio at\u00f3mico<\/p>\n<p><strong>Sinopsis:<\/strong> La Tercera Guerra Mundial est\u00e1 a punto de estallar y un grupo de multimillonarios se refugia en un b\u00fanker de lujo: Kimera Underground Park. Desde all\u00ed ver\u00e1n en pantallas, en un espect\u00e1culo lleno de perplejidad, c\u00f3mo el mundo que conoc\u00edan se va desplomando sobre sus cabezas. Y mientras fuera la situaci\u00f3n se vuelve cada vez m\u00e1s aterradora, ellos disfrutar\u00e1n de su peque\u00f1a ciudad exclusiva con cancha de b\u00e1sket, restaurante, jard\u00edn zen, cocteler\u00eda, div\u00e1n de psic\u00f3logo, gimnasio y spa. A eso quedar\u00e1 reducida su m\u00edtica condici\u00f3n de privilegio: a ir adapt\u00e1ndose a vivir en un agujero de lujo, en un universo subterr\u00e1neo lleno de enigmas en el que estallar\u00e1n las cuentas pendientes de dos familias atravesadas por una herida del pasado.<\/p>\n<p>Este septiembre tambi\u00e9n llega la nueva serie de los creadores de &#8216;La casa de papel&#8217;, <strong>\u00c1lex Pina<\/strong>\u00a0y\u00a0<strong>Esther Mart\u00ednez Lobato<\/strong>. En este caso, una ficci\u00f3n que mezcla drama, ciencia-ficci\u00f3n y thriller, y que est\u00e1 protagonizada por <strong>Miren Ibarguren<\/strong>,\u00a0<strong>Joaqu\u00edn Furriel<\/strong>,\u00a0<strong>Natalia Verbeke<\/strong>,\u00a0<strong>Carlos Santos<\/strong>,\u00a0<strong>Montse Guallar<\/strong>, <strong>Pau Sim\u00f3n<\/strong>,\u00a0<strong>Al\u00edcia Falc\u00f3<\/strong>,\u00a0<strong>Agustina Bisio<\/strong>\u00a0y\u00a0<strong>\u00c1lex Villaz\u00e1n<\/strong>. 8 episodios\u00a0que prometen emociones fuertes, y dejar muy alto el list\u00f3n de las ficciones espa\u00f1olas este a\u00f1o en Netflix. En una entrevista para El Pa\u00eds, el responsable de contenidos, Diego \u00c1balos, afirm\u00f3 que \u00abno ha habido una serie tan ambiciosa en la historia de Espa\u00f1a\u00bb. Por su parte, Alex Pina desvel\u00f3 detalles de c\u00f3mo va a ser el resultado final de la serie.<\/p>\n<p>\u00abHoy la ciencia ficci\u00f3n es casi naturalismo\u2026 <strong>Quer\u00edamos lograr ese lado aspiracional del lujo de multimillonarios, pero tambi\u00e9n que pudiera atraer a cualquier persona<\/strong>, un lugar donde me gustar\u00eda estar\u2026 Fuera est\u00e1 ocurriendo la Tercera Guerra Mundial y debajo tienes unas zonas acolchadas, redondeadas, donde parece que no hay posibilidad de hacerte da\u00f1o\u00bb.<\/p>\n<p><strong>Fecha de estreno: <\/strong>19 de septiembre<\/p>\n<p><strong>Estrenos en Prime Video<\/strong><\/p>\n<p>Gen V (Temporada 2)<\/p>\n<p><strong>Sinopsis:<\/strong> Mientras el resto de Am\u00e9rica se ajusta a la mano de hierro de Patriota (Antony Starr), en la Universidad Godolkin, el misterioso nuevo decano promueve un plan de estudios que promete hacer a los estudiantes m\u00e1s poderosos que nunca. Cate y Sam son celebrados como h\u00e9roes, mientras Marie, Jordan y Emma vuelven a la universidad a rega\u00f1adientes, con el peso de meses de trauma y p\u00e9rdida encima.\u00a0Pero preocuparse por las fiestas y las clases se hace cuesta arriba con una guerra entre Humanos y Supers gest\u00e1ndose tanto dentro como fuera del campus. El grupo descubre la existencia de un programa secreto que se remonta a la fundaci\u00f3n de la Universidad Godolkin y que podr\u00eda tener implicaciones mucho mayores de lo que imaginan. Y, de alg\u00fan modo, Marie forma parte de ello.<\/p>\n<p>Una de las grandes sorpresas de la temporada pasada es este spinoff de &#8216;The Boys&#8217; que nos lleg\u00f3 gracias a Prime Video. <strong>Y ojo, en su reparto cuenta con Patrick Schwarzenegger<\/strong>, que brill\u00f3 recientemente en la tercera temporada de &#8216;White Lotus&#8217;. Esta ficci\u00f3n enmarcada en el universo creado por Garth Ennis y Eric Kripke no se deja atr\u00e1s nada. Ni gore, ni sexo, ni humor negro. Todo est\u00e1 mezclado para dar una serie diferente, irreverente, y que tuvo muy buenas cr\u00edticas, adem\u00e1s de un gran apoyo por parte del p\u00fablico general. En esta nueva temporada vuelven varios de sus principales protagonistas: <strong>Jaz Sinclair<\/strong>\u00a0como Marie Moreau,\u00a0<strong>Lizze Broadway<\/strong>\u00a0como Emma Meyer,\u00a0<strong>Maddie Phillips<\/strong>\u00a0como Cate Dunlap,\u00a0<strong>London Thor y Derek Luh<\/strong>\u00a0como Jordan Li y\u00a0<strong>Asa Germann<\/strong>\u00a0como Sam Riordan.<\/p>\n<p>Y s\u00ed, seguramente haya varios cameos de la serie &#8216;The Boys&#8217; a lo largo de los episodios. \u00abYa he hablado con Eric Kripke sobre ello. No s\u00e9 c\u00f3mo, pero creo que Frenchie y Kimiko tienen que aparecer de alguna manera. Quiero decir, deben estar en una misi\u00f3n en alg\u00fan lugar de ese mundo, \u00bfno?\u00bb dijo a Direct la actriz que da vida a Kimiko, <strong>Karen Fukuhura<\/strong>.<\/p>\n<p><strong>Fecha de estreno: <\/strong>17 de septiembre<\/p>\n<p><strong>Estrenos en Disney Plus<\/strong><\/p>\n<p>Futurama (Temporada 13)<\/p>\n<p><strong>Sinopsis:<\/strong> \u00a1Bender est\u00e1 descontrolado! \u00a1Un volc\u00e1n est\u00e1 a punto de explotar! \u00a1Fry se enfrenta a un rival por el amor de Leela! \u00bfY el Dr. Zoidberg est\u00e1 ascendiendo al cielo? \u00a1Seguro que ser\u00e1 emocionante! Ya est\u00e1n avisados\u2026 \u00a1es una temporada completamente nueva de\u00a0Futurama!<\/p>\n<p>&#8216;Futurama&#8217; ha sido cancelada muchas veces, s\u00ed, pero se resiste a morir. Y, desde su llegada a Hulu (es decir, a Disney), est\u00e1 viviendo una nueva era. A diferencia de anteriores temporadas en Disney Plus, estrenando cap\u00edtulos semanalmente, ahora nos llegan todos de golpe. Los 10 que conforman la que es ya su 13\u00aa temporada. <strong>Volveremos a ver a Fry, Leela o Bender haciendo mucha cr\u00edtica de la sociedad actual<\/strong>, siempre con ese toque friki-cient\u00edfico que tanto nos gusta. S\u00ed que es verdad que, la anterior temporada, mejor\u00f3 la primera que lleg\u00f3 a Disney. Aqu\u00ed que volver a encontrar el humor despu\u00e9s de ese final que fue &#8216;Meanwhile&#8217;. Y no dudamos ni un solo segundo de que &#8216;Futurama&#8217; iba a volver a encontrarlo. <\/p>\n<p><strong>Fecha de estreno: <\/strong>16 de septiembre<\/p>\n<p>Match: La reina de las apps de citas<\/p>\n<p><strong>Sinopsis:<\/strong> Inspirada en la historia de Whitney Wolfe Herd, fundadora y ex CEO de la plataforma de citas Bumble.<\/p>\n<p>Si est\u00e1is tratando de encontrar pareja de alguna forma, obviamente os sonar\u00e1 la app Bumble. Similar a Tinder pero dicen que con mejores resultados. Porque ya sabemos de sobra que en Tinder la gente casi no habla. 20th Century Studios, al igual que otras productoras como Apple, ha decidido echar mano de biograf\u00edas de personas reales para hacer su nueva pel\u00edcula. Ya tuvimos la del inventor del &#8216;Tetris&#8217; o de los Cheetos. Y ahora le llega el turno a Whitney Wolfe, creadora de Bumble. Aqu\u00ed tenemos a <strong>Lily James como protagonista,<\/strong> que repite con Disney tras &#8216;Pam &amp; Tommy&#8217; para interpretar a una persona real. Dirigida por Rachel Lee Goldenberg y acompa\u00f1ada de Dan Stevens, se sumerge en la creaci\u00f3n de la app de citas y, sobre todo, en la personalidad de Whitney. <\/p>\n<p>\u00ab<strong>Una de nuestras productoras, Jen Gibgot, conoci\u00f3 a su pareja en Bumble<\/strong>. Mi mejor amiga conoci\u00f3 a su marido en Bumble. Empiezas a hablar y te das cuenta de cu\u00e1ntas parejas se han formado y cu\u00e1ntos beb\u00e9s han nacido\u00bb, coment\u00f3 Lily James para Who What Wear. Ese es el profundo efecto que han tenido estas aplicaciones de citas, en particular Bumble. Es incre\u00edble\u00bb.<\/p>\n<p><strong>Fecha de estreno: <\/strong>19 de septiembre<\/p>\n<p><strong>Estrenos en Filmin<\/strong><\/p>\n<p>Small Axe<\/p>\n<p><strong>Sinopsis:<\/strong> Miniserie de antolog\u00eda de cinco entregas, con el racismo sufrido por la comunidad negra de Londres en las d\u00e9cadas de los 60, 70 y 80 como tema central.<\/p>\n<p>El ganador del Oscar Steve McQueen (&#8217;12 a\u00f1os de esclavitud&#8217;, &#8216;Shame&#8217;) nos brinda una de las miniseries m\u00e1s memorables de lo que llevamos de siglo. Una explosi\u00f3n de cultura, m\u00fasica y resistencia en la Londres de los 60, 70 y 80. El t\u00edtulo de la miniserie alude a la frase de una canci\u00f3n de Bob Marley, \u00abIf you are the tall tree, then we are the small axe\u00bb.\u00a0Y est\u00e1 compuesta por cinco episodios: Mangrove; Lovers Rock; Red, White and Blue; Alex Wheatle\u00a0y Education. Cinco cap\u00edtulos que abordan ese racismo sist\u00e9mico que asola gran parte de la sociedad occidental. En el reparto nos encontramos a<strong> Laetitia Wright, John Boyega, Naomie Ackie o Joseph Quinn<\/strong>. Y s\u00ed, la cr\u00edtica est\u00e1 alabando la serie. No es para menos, porque es una de las propuestas m\u00e1s valientes de la actualidad. <\/p>\n<p><strong>Fecha de estreno: <\/strong>16 de septiembre<\/p>\n<p><strong>Estrenos en Apple TV+<\/strong><\/p>\n<p>The Morning Show (Temporada 4)<\/p>\n<p><strong>Sinopsis:<\/strong> La cuarta temporada comienza en la primavera de 2024, casi dos a\u00f1os despu\u00e9s de los sucesos de la tercera temporada. Con la fusi\u00f3n UBA-NBN completada, la redacci\u00f3n del programa debe lidiar con una nueva responsabilidad, motivos ocultos y la naturaleza esquiva de la verdad en un Estados Unidos polarizado. En un mundo plagado de deepfakes, teor\u00edas de la conspiraci\u00f3n y encubrimientos corporativos, \u00bfen qui\u00e9n podemos confiar? \u00bfY c\u00f3mo podemos saber lo que es real?<\/p>\n<p>\u00bfCu\u00e1l es el problema de que llegue una temporada cada dos a\u00f1os (decisi\u00f3n de las productoras <strong>Jennifer Aniston y Reese Whiterspoon<\/strong>? Que los espectadores olviden lo que ha pasado en el resto de la serie. Tambi\u00e9n es verdad que es una serie muy cara (demasiado), y muchas veces se necesita tiempo para que Apple pueda poner el dinero. <strong>Charlotte Stoudt, la actual showrunner, equilibra el sinf\u00edn de temas que toca la serie<\/strong>. Pero es dif\u00edcil encontrar un tono adecuado para una ficci\u00f3n que no ha dejado de reinventarse a s\u00ed misma. Pero oye, no puede llegar en mejor momento, teniendo en cuenta el clima de crispaci\u00f3n que estamos viviendo. Adem\u00e1s, hay dos fichajes perfectos para esta cuarta temporada: Marion Cotillard, como una directiva francesa que supervisa y cuestiona cada decisi\u00f3n de Stella; y Jeremy Irons como el padre de Alex experto en Derecho.<\/p>\n<p><strong>Fecha de estreno: <\/strong>17 de septiembre<\/p>\n<p>M\u00e1s estrenos semanales:<\/p>\n<ul class=\"wp-block-list\">\n<li>Los caballeros del zodiaco (15 de septiembre, Prime Video)<\/li>\n<li>Ciudadanos soberanos (15 de septiembre, Movistar Plus+)<\/li>\n<li>Informe+. \u00c1lvaro Benito. Cicatrices (15 de septiembre, Movistar Plus+)<\/li>\n<li>Tu color (16 de septiembre, Movistar Plus+)<\/li>\n<li>Realeza rebelde: Una ins\u00f3lita historia de amor (16 de septiembre, Netflix)<\/li>\n<li>El grito (16 de septiembre, HBO MAX)<\/li>\n<li>El\u00e9ctrico flor (17 de septiembre, Disney Plus)<\/li>\n<li>Mujer y dinero (17 de septiembre, Movistar Plus+)<\/li>\n<li>A\u00fan estoy aqu\u00ed (17 de septiembre, Movistar Plus+)<\/li>\n<li>Matchroom: Los reyes del espect\u00e1culo deportivo (17 de septiembre, Netflix)<\/li>\n<li>1670 (Temporada 2) (17 de septiembre, Netflix)<\/li>\n<li>Sister Boniface Mysteries (Temporada 4) (17 de septiembre, COSMO)<\/li>\n<li>Plat\u00f3nico (18 de septiembre, Netflix)<\/li>\n<li>Los tipos duros de Bollywood (18 de septiembre, Netflix)<\/li>\n<li>El mismo d\u00eda contigo (18 de septiembre, Netflix)<\/li>\n<li>Y ella dijo quiz\u00e1s (19 de septiembre, Netflix)<\/li>\n<li>El hotel embrujado (19 de septiembre, Netflix)<\/li>\n<li>Eugene Levy, el antiviajero (19 de septiembre, AppleTV+)<\/li>\n<li>Becoming Led Zeppelin (20 de septiembre, Movistar Plus+)<\/li>\n<li>Tras el verano (21 de septiembre, Movistar Plus+)<\/li>\n<\/ul>\n","protected":false},"excerpt":{"rendered":"Nos metemos ya de lleno en la segunda quincena de septiembre. Y como ya hemos dicho en otros&hellip;\n","protected":false},"author":2,"featured_media":115813,"comment_status":"","ping_status":"","sticky":false,"template":"","format":"standard","meta":{"footnotes":""},"categories":[169],"tags":[177,146,147,25,24,176,175,23],"class_list":{"0":"post-115812","1":"post","2":"type-post","3":"status-publish","4":"format-standard","5":"has-post-thumbnail","7":"category-cine","8":"tag-cine","9":"tag-entertainment","10":"tag-entretenimiento","11":"tag-es","12":"tag-espana","13":"tag-film","14":"tag-movies","15":"tag-spain"},"share_on_mastodon":{"url":"","error":""},"_links":{"self":[{"href":"https:\/\/www.europesays.com\/es\/wp-json\/wp\/v2\/posts\/115812","targetHints":{"allow":["GET"]}}],"collection":[{"href":"https:\/\/www.europesays.com\/es\/wp-json\/wp\/v2\/posts"}],"about":[{"href":"https:\/\/www.europesays.com\/es\/wp-json\/wp\/v2\/types\/post"}],"author":[{"embeddable":true,"href":"https:\/\/www.europesays.com\/es\/wp-json\/wp\/v2\/users\/2"}],"replies":[{"embeddable":true,"href":"https:\/\/www.europesays.com\/es\/wp-json\/wp\/v2\/comments?post=115812"}],"version-history":[{"count":0,"href":"https:\/\/www.europesays.com\/es\/wp-json\/wp\/v2\/posts\/115812\/revisions"}],"wp:featuredmedia":[{"embeddable":true,"href":"https:\/\/www.europesays.com\/es\/wp-json\/wp\/v2\/media\/115813"}],"wp:attachment":[{"href":"https:\/\/www.europesays.com\/es\/wp-json\/wp\/v2\/media?parent=115812"}],"wp:term":[{"taxonomy":"category","embeddable":true,"href":"https:\/\/www.europesays.com\/es\/wp-json\/wp\/v2\/categories?post=115812"},{"taxonomy":"post_tag","embeddable":true,"href":"https:\/\/www.europesays.com\/es\/wp-json\/wp\/v2\/tags?post=115812"}],"curies":[{"name":"wp","href":"https:\/\/api.w.org\/{rel}","templated":true}]}}