{"id":115817,"date":"2025-09-15T04:14:07","date_gmt":"2025-09-15T04:14:07","guid":{"rendered":"https:\/\/www.europesays.com\/es\/115817\/"},"modified":"2025-09-15T04:14:07","modified_gmt":"2025-09-15T04:14:07","slug":"rocio-flores-en-de-viernes-en-el-nombre-del-padre-television","status":"publish","type":"post","link":"https:\/\/www.europesays.com\/es\/115817\/","title":{"rendered":"Roc\u00edo Flores en \u2018De viernes\u2019: En el nombre del padre | Televisi\u00f3n"},"content":{"rendered":"<p class=\"\">Me pregunto c\u00f3mo ser\u00eda ahora Telecinco si <a href=\"https:\/\/elpais.com\/television\/2023-05-07\/el-final-de-salvame-cierra-una-epoca-de-television-en-espana.html\" target=\"_blank\" rel=\"noreferrer nofollow noopener\" title=\"https:\/\/elpais.com\/television\/2023-05-07\/el-final-de-salvame-cierra-una-epoca-de-television-en-espana.html\">no hubieran quitado S\u00e1lvame<\/a> y aleda\u00f1os. La pretensi\u00f3n de hacer una televisi\u00f3n blanca y familiar ten\u00eda la misma credibilidad que tenemos cualquiera de nosotros cuando decimos \u201cma\u00f1ana me levanto a las seis, voy a correr, y luego al trabajo\u201d.<\/p>\n<p>M\u00e1s informaci\u00f3n<\/p>\n<p class=\"\">Por continuismo con el fen\u00f3meno que cambi\u00f3 el rumbo de la cadena (el documental <a href=\"https:\/\/elpais.com\/television\/2021-03-29\/rocio-como-contar-una-historia-para-que-siga-viva.html\" target=\"_blank\" rel=\"noreferrer nofollow noopener\" title=\"https:\/\/elpais.com\/television\/2021-03-29\/rocio-como-contar-una-historia-para-que-siga-viva.html\">Roc\u00edo, contar la verdad para seguir viva<\/a>, de 2021), intento ver \u2014cuando no me puede el sentido com\u00fan\u2014 todas las continuaciones y spin off. El viernes pasado, 12 de septiembre, le tocaba <a href=\"https:\/\/www.telecinco.es\/famosos\/20250912\/rocio-flores-revela-prohibicion-contacto-familia-materna_18_016576350.html\" target=\"_blank\" rel=\"noreferrer nofollow noopener\" title=\"https:\/\/www.telecinco.es\/famosos\/20250912\/rocio-flores-revela-prohibicion-contacto-familia-materna_18_016576350.html\">el turno a Roc\u00edo Flores, tercera generaci\u00f3n de Roc\u00edo Jurado, para poner de vuelta y media a su madre.<\/a> Tras la promesa de Telecinco de no volver a llevar por all\u00ed a Antonio David Flores, ha sido su hija (su marioneta medi\u00e1tica) la que se ha sentado en una butaca a contar lo mucho que han sufrido por culpa de su madre. <\/p>\n<p class=\"\">Una entrevista de t\u00fa a t\u00fa con Santi Acosta y <a href=\"https:\/\/www.telecinco.es\/famosos\/20250905\/rocio-flores-carrasco-llora-madre-relacion-de-viernes_18_016512398.html#utm_source=apoyo_editorial_articulo_conjunto\" target=\"_blank\" rel=\"noreferrer nofollow noopener\" title=\"https:\/\/www.telecinco.es\/famosos\/20250905\/rocio-flores-carrasco-llora-madre-relacion-de-viernes_18_016512398.html#utm_source=apoyo_editorial_articulo_conjunto\">un interrogatorio posterior en \u00a1De viernes!<\/a> componen un nuevo cap\u00edtulo en este Falcon Crest sin glamur que empez\u00f3 en el verano de 1995. Lo peor que le pudo pasar a Roc\u00edo Carrasco fue enamorarse de Antonio David, personaje siniestro y pestilente que ha vivido (y muy bien) de hablar mal de la madre de sus hijos y de su exfamilia pol\u00edtica. Antonio David es un vampiro al que Roc\u00edo Carrasco invit\u00f3 a entrar.<\/p>\n<p class=\"\">La entrevista con Roc\u00edo Flores fue un ataque disfrazado de comprensi\u00f3n. Roc\u00edo respond\u00eda con mal disimulado rencor, pero dejando claro que es mejor que su madre. \u201cMi padre nunca nos ha hablado mal de la familia de mi madre\u201d. Lo hac\u00eda en los plat\u00f3s, pero no en casa. \u201cEs mi madre quien nos ha prohibido tener contacto con la familia\u201d, pasando por alto la paliza que la entrevistada le propin\u00f3 a su progenitora. <\/p>\n<p class=\"\">Roc\u00edo Flores es la v\u00edctima de un romance de juventud, una separaci\u00f3n, y un personaje perverso al que <a href=\"https:\/\/elpais.com\/diario\/1997\/06\/11\/ultima\/865980001_850215.html\" target=\"_blank\" rel=\"noreferrer nofollow noopener\" title=\"https:\/\/elpais.com\/diario\/1997\/06\/11\/ultima\/865980001_850215.html\">pillaron hace ya 30 a\u00f1os robando el dinero de las multas<\/a>. Lo m\u00e1s elocuente que ha dicho, y lo \u00fanico que me he podido creer, es que el mayor \u201cdefecto\u201d de su padre es que \u201ces mejor no tenerle como enemigo\u201d. Poco que a\u00f1adir a eso. Lo mejor que podr\u00eda hacer esa familia es dejar de airear su vida en los plat\u00f3s. Quiz\u00e1s les salvar\u00eda de s\u00ed mismos, pero, entonces, \u00bfde qu\u00e9 iban a vivir?<\/p>\n","protected":false},"excerpt":{"rendered":"Me pregunto c\u00f3mo ser\u00eda ahora Telecinco si no hubieran quitado S\u00e1lvame y aleda\u00f1os. La pretensi\u00f3n de hacer una&hellip;\n","protected":false},"author":2,"featured_media":115818,"comment_status":"","ping_status":"","sticky":false,"template":"","format":"standard","meta":{"footnotes":""},"categories":[91],"tags":[38885,6084,146,147,25,24,256,1925,33038,25284,3157,27816,23,692,807],"class_list":{"0":"post-115817","1":"post","2":"type-post","3":"status-publish","4":"format-standard","5":"has-post-thumbnail","7":"category-entretenimiento","8":"tag-antonio-david-flores","9":"tag-documental","10":"tag-entertainment","11":"tag-entretenimiento","12":"tag-es","13":"tag-espana","14":"tag-famosos","15":"tag-opinion","16":"tag-prensa-corazon","17":"tag-programas-entretenimiento","18":"tag-rocio-carrasco","19":"tag-rocio-flores","20":"tag-spain","21":"tag-telecinco","22":"tag-television"},"share_on_mastodon":{"url":"","error":""},"_links":{"self":[{"href":"https:\/\/www.europesays.com\/es\/wp-json\/wp\/v2\/posts\/115817","targetHints":{"allow":["GET"]}}],"collection":[{"href":"https:\/\/www.europesays.com\/es\/wp-json\/wp\/v2\/posts"}],"about":[{"href":"https:\/\/www.europesays.com\/es\/wp-json\/wp\/v2\/types\/post"}],"author":[{"embeddable":true,"href":"https:\/\/www.europesays.com\/es\/wp-json\/wp\/v2\/users\/2"}],"replies":[{"embeddable":true,"href":"https:\/\/www.europesays.com\/es\/wp-json\/wp\/v2\/comments?post=115817"}],"version-history":[{"count":0,"href":"https:\/\/www.europesays.com\/es\/wp-json\/wp\/v2\/posts\/115817\/revisions"}],"wp:featuredmedia":[{"embeddable":true,"href":"https:\/\/www.europesays.com\/es\/wp-json\/wp\/v2\/media\/115818"}],"wp:attachment":[{"href":"https:\/\/www.europesays.com\/es\/wp-json\/wp\/v2\/media?parent=115817"}],"wp:term":[{"taxonomy":"category","embeddable":true,"href":"https:\/\/www.europesays.com\/es\/wp-json\/wp\/v2\/categories?post=115817"},{"taxonomy":"post_tag","embeddable":true,"href":"https:\/\/www.europesays.com\/es\/wp-json\/wp\/v2\/tags?post=115817"}],"curies":[{"name":"wp","href":"https:\/\/api.w.org\/{rel}","templated":true}]}}