{"id":115819,"date":"2025-09-15T04:15:14","date_gmt":"2025-09-15T04:15:14","guid":{"rendered":"https:\/\/www.europesays.com\/es\/115819\/"},"modified":"2025-09-15T04:15:14","modified_gmt":"2025-09-15T04:15:14","slug":"he-probado-varios-cargadores-inalambricos-para-el-movil-y-este-es-el-mejor-comparativas-escaparate","status":"publish","type":"post","link":"https:\/\/www.europesays.com\/es\/115819\/","title":{"rendered":"He probado varios cargadores inal\u00e1mbricos para el m\u00f3vil y este es el mejor | Comparativas | Escaparate"},"content":{"rendered":"<p><img alt=\"\" decoding=\"auto\" class=\"_re lazyload a_m-h\" height=\"414\"  width=\"414\" src=\"https:\/\/www.europesays.com\/es\/wp-content\/uploads\/2025\/09\/DM527MHJNBFINJG2PLBZOBHP3I.png\" loading=\"lazy\"\/>El mejor cargador inal\u00e1mbrico de m\u00f3vil<\/p>\n<p>Nuestra experta ha seleccionado el modelo de SoundMonster como ganador de la comparativa gracias a que se trata de una estaci\u00f3n de carga que permite cargar varios dispositivos a la vez de forma c\u00f3moda.  <\/p>\n<p class=\"\"><b>\u00bfEres de esas personas que est\u00e1n cansadas de estar siempre rodeada de cables? <\/b>Tengo una soluci\u00f3n para ti: los cargadores inal\u00e1mbricos. Y es que, en los \u00faltimos a\u00f1os, la <b>tecnolog\u00eda de carga inal\u00e1mbrica <\/b>ha emergido como una de las innovaciones m\u00e1s significativas, eliminando la necesidad de cables y conectores f\u00edsicos. Esta tecnolog\u00eda promete una experiencia de usuario m\u00e1s c\u00f3moda y eficiente y, aunque su adopci\u00f3n ha sido progresiva, cada vez m\u00e1s fabricantes integran esta funcionalidad en sus productos, desde <a href=\"https:\/\/elpais.com\/escaparate\/comparativas\/2025-05-01\/mejor-movil-gama-media-2025.html\" target=\"_blank\" rel=\"nofollow noopener\" title=\"https:\/\/elpais.com\/escaparate\/comparativas\/2025-05-01\/mejor-movil-gama-media-2025.html\">tel\u00e9fonos inteligentes<\/a> hasta <a href=\"https:\/\/elpais.com\/escaparate\/comparativas\/2024-12-09\/mejor-reloj-inteligente-2024.html\" target=\"_blank\" rel=\"nofollow noopener\" title=\"https:\/\/elpais.com\/escaparate\/comparativas\/2024-12-09\/mejor-reloj-inteligente-2024.html\">relojes<\/a> y <a href=\"https:\/\/elpais.com\/escaparate\/comparativas\/2025-03-03\/mejores-auriculares-inalambricos-baratos.html\" target=\"_blank\" rel=\"nofollow noopener\" title=\"https:\/\/elpais.com\/escaparate\/comparativas\/2025-03-03\/mejores-auriculares-inalambricos-baratos.html\">auriculares<\/a>. Por ello, si est\u00e1s pensando en comprarte un <a href=\"https:\/\/elpais.com\/escaparate\/tecnologia\/2025-06-25\/cargador-de-movil-para-coche.html\" target=\"_blank\" rel=\"nofollow noopener\" title=\"https:\/\/elpais.com\/escaparate\/tecnologia\/2025-06-25\/cargador-de-movil-para-coche.html\">cargador<\/a> inal\u00e1mbrico para no tener que llevar contigo varios <a href=\"https:\/\/elpais.com\/escaparate\/tecnologia\/2024-05-11\/cable-usb-angulo-recto.html\" target=\"_blank\" rel=\"nofollow noopener\" title=\"https:\/\/elpais.com\/escaparate\/tecnologia\/2024-05-11\/cable-usb-angulo-recto.html\">cables<\/a> cada vez que viajas o, simplemente, para que tu mesilla de noche quede m\u00e1s libre de trastos, he probado cuatro de ellos para recomendarte cu\u00e1l elegir. <\/p>\n<p>C\u00f3mo hemos elegido y probado los productos <\/p>\n<p class=\"\">Para comprobar las prestaciones que ofrecen estos dispositivos los he estado probando durante varias semanas de forma alterna. As\u00ed, los he utilizado para cargar principalmente mi tel\u00e9fono m\u00f3vil, pero tambi\u00e9n alg\u00fan que otro dispositivo inteligente, como mi <a href=\"https:\/\/elpais.com\/escaparate\/comparativas\/2023-06-04\/las-mejores-pulseras-de-actividad-baratas-y-de-marcas-superventas.html\" target=\"_blank\" rel=\"nofollow noopener\" title=\"https:\/\/elpais.com\/escaparate\/comparativas\/2023-06-04\/las-mejores-pulseras-de-actividad-baratas-y-de-marcas-superventas.html\">pulsera de actividad<\/a>. Adem\u00e1s, como son <b>c\u00f3modos de transportar,<\/b> los he analizado tanto en mi casa como en alg\u00fan que otro viaje. Y a la hora de examinarlos y valorarlos he tenido en cuenta los siguientes aspectos: <\/p>\n<ul>\n<li><b>Dise\u00f1o<\/b>: \u00bfc\u00f3mo es la calidad y los acabados del cargador? Son accesorios que se adquieren para hacer un uso intensivo de los mismos. <\/li>\n<li><b>Rendimiento:<\/b> c\u00f3mo se comporta cada modelo, si percibimos que la propia base de carga inal\u00e1mbrica o el tel\u00e9fono se calientan m\u00e1s de lo debido\u2026 <\/li>\n<li><b>Ergonom\u00eda<\/b>: \u00bfson c\u00f3modos de utilizar? \u00bfpueden transportarse a cualquier lugar sin problemas? <\/li>\n<li><b>Experiencia de uso<\/b>: si el cargador cumple con lo prometido y funciona correctamente. \u00bfC\u00f3mo es la carga r\u00e1pida que suministra? <\/li>\n<\/ul>\n<p>Tres en uno: cargador inal\u00e1mbrico para m\u00f3vil SoundMonster<img alt=\"cargador movil inalambrico\u200b\" decoding=\"auto\" class=\"_re lazyload a_m-h\" height=\"233\"  width=\"414\"  src=\"https:\/\/www.europesays.com\/es\/wp-content\/uploads\/2025\/09\/F7CEFJ2GXFAB3JBKAOXDQS7OS4.png\" loading=\"lazy\"\/>Cargador inal\u00e1mbrico para m\u00f3vil SoundMonster tres en uno.CORTES\u00cdA DE AMAZON<img alt=\"comparativa cargadores inal\u00e1mbricos para el m\u00f3vil septiembre 2025\" decoding=\"auto\" class=\"_re lazyload a_m-h\" height=\"109\"  width=\"414\"  src=\"https:\/\/www.europesays.com\/es\/wp-content\/uploads\/2025\/09\/XYRPDZPDWZEYTN72B6W46AKRQM.png\" loading=\"lazy\"\/><\/p>\n<p class=\"\"><b>Para qui\u00e9n es:<\/b><b> <\/b>quien quiera una estaci\u00f3n de carga que <b>usar con varios dispositivos a la vez. <\/b><\/p>\n<p class=\"\"><b>Por qu\u00e9 lo hemos elegido:<\/b><b> <\/b>la coloqu\u00e9 primero en el escritorio y luego la cambi\u00e9 a la mesita de noche, donde ha resultado a\u00fan m\u00e1s pr\u00e1ctica. La he usado principalmente con mi m\u00f3vil, que es un iPhone, pero tambi\u00e9n para cargar mis cascos inal\u00e1mbricos, que son de marca Realme. En ambos casos, el cargador los reconoce sin problema, gracias a su<b> compatibilidad con el est\u00e1ndar Qi.<\/b> No importa si el m\u00f3vil lleva una funda, mientras no sea demasiado gruesa: <b>el dispositivo comienza a cargarse de inmediato. <\/b><\/p>\n<p class=\"\"><b>El dise\u00f1o es discreto y compacto<\/b>, algo que agradezco porque no quer\u00eda tener un cacharro demasiado grande en mi mesilla y, adem\u00e1s, tiene un acabado antideslizante que mantiene el tel\u00e9fono en su sitio. La <b>base es giratoria 360\u00ba<\/b> y dispone de un <b>peque\u00f1o LED<\/b> que indica el estado de la carga sin resultar molesto por la noche. Y es que su base est\u00e1 equipada con varios compartimentos de tal manera que en ellos es posible colocar el m\u00f3vil en vertical o en horizontal, dejar el reloj cargando el atura\u2026 <\/p>\n<p class=\"\"><b>El cargador utiliza una entrada USB\u2011C <\/b>y admite una fuente de alimentaci\u00f3n de 9V\/1,67A, lo que permite una potencia de carga de hasta 10 vatios, aunque esto var\u00eda seg\u00fan el dispositivo. En mi experiencia, la <b>velocidad de carga ha sido buena.<\/b> Por ejemplo, al cargar mi m\u00f3vil por la noche, la bater\u00eda alcanza el 100% sin problema, pero si tengo prisa y necesito energ\u00eda con rapidez, es mejor usar un cargador de carga r\u00e1pida. <\/p>\n<p class=\"\">En general, creo que es una opci\u00f3n bastante conveniente para quienes buscan un cargador inal\u00e1mbrico sencillo, funcional y econ\u00f3mico. Es ideal para tenerlo en la mesita de noche o en el escritorio y, sobre todo, muy c\u00f3modo. <\/p>\n<p class=\"\"><b>Sus puntos d\u00e9biles:<\/b><b> <\/b>no tiene funci\u00f3n de carga r\u00e1pida. <\/p>\n<tr>Ficha t\u00e9cnica<\/tr>\n<tr>\n<td><b>Voltaje de entrada:<\/b> 9.  <\/td>\n<\/tr>\n<tr>\n<td><b>Tipo de carga: <\/b>USB tipo C.<\/td>\n<\/tr>\n<tr>\n<td><b>Compatibilidad: <\/b>todo tipo de m\u00f3viles, smartwatch, auriculares\u2026  <\/td>\n<\/tr>\n<p>Con dise\u00f1o circular: cargador inal\u00e1mbrico para m\u00f3vil Belkin<img alt=\"cargador movil inalambrico\u200b\" decoding=\"auto\" class=\"_re lazyload a_m-h\" height=\"233\"  width=\"414\"  src=\"https:\/\/www.europesays.com\/es\/wp-content\/uploads\/2025\/09\/PY7ID7VJKRE67PKJPAHU5S6KQQ.png\" loading=\"lazy\"\/>Cargador inal\u00e1mbrico para m\u00f3vil Belkin con dise\u00f1o circular.CORTES\u00cdA DE AMAZON<img alt=\"comparativa cargadores inal\u00e1mbricos para el m\u00f3vil septiembre 2025\" decoding=\"auto\" class=\"_re lazyload a_m-h\" height=\"109\"  width=\"414\"  src=\"https:\/\/www.europesays.com\/es\/wp-content\/uploads\/2025\/09\/XYRPDZPDWZEYTN72B6W46AKRQM.png\" loading=\"lazy\"\/><\/p>\n<p class=\"\"><b>Para qui\u00e9n es:<\/b><b> <\/b>aquellas personas que busquen un <b>cargador sencillo y compatible con MagSafe. <\/b> <\/p>\n<p class=\"\"><b>Por qu\u00e9 lo hemos elegido:<\/b><b> <\/b>con un dise\u00f1o redondo y con un cable de gran tama\u00f1o, este cargador inal\u00e1mbrico es <b>compatible con todo tipo de m\u00f3viles y dispositivos Apple,<\/b> as\u00ed como con diferentes <b>Android compatibles Qi2,<\/b> como Samsung Galaxy S25. Se caracteriza por contar con una potencia de 15W, que permite cargar los dispositivos de forma r\u00e1pida y c\u00f3moda, puesto que tan s\u00f3lo hay que colocarlo en la parte trasera del tel\u00e9fono. <\/p>\n<p class=\"\">Adem\u00e1s, tiene un soporte tipo caballete que permite utilizar el m\u00f3vil para ver contenido o, incluso, grabar un directo mientras se est\u00e1 cargando. A todo ello se le suma que es compatible con MagSafe, por lo que los iPhone se cargan todav\u00eda m\u00e1s r\u00e1pido y de forma m\u00e1s eficiente con \u00e9l. <\/p>\n<p class=\"\">Utilic\u00e9 este cargador en mi d\u00eda a d\u00eda y tambi\u00e9n en alg\u00fan viaje, ya que como ocupa poco espacio es muy c\u00f3modo de llevar, y mi m\u00f3vil (un iPhone 13) se carg\u00f3 de forma completa en apenas 15 minutos, por lo que me pareci\u00f3 un<b> modelo muy completo a la par que econ\u00f3mico. <\/b>Con otros dispositivos m\u00e1s grandes, como iPad, tarda un poco m\u00e1s en cargar, pero aun as\u00ed suele ser bastante eficiente. <\/p>\n<tr>Ficha t\u00e9cnica<\/tr>\n<tr>\n<td><b>Sus puntos d\u00e9biles: <\/b>nada rese\u00f1able.  <\/td>\n<\/tr>\n<tr>\n<td><b>Voltaje de entrada:<\/b> 5.<\/td>\n<\/tr>\n<tr>\n<td><b>Tipo de carga: <\/b>USB tipo C.<\/td>\n<\/tr>\n<tr>\n<td><b>Compatibilidad: <\/b>todo tipo de dispositivos Apple y dispositivos compatibles con Qi2.<\/td>\n<\/tr>\n<p>Fabricado con 85% materiales reciclados: cargador inal\u00e1mbrico para m\u00f3vil Trust Viro <img alt=\"cargador movil inalambrico\u200b\" decoding=\"auto\" class=\"_re lazyload a_m-h\" height=\"233\"  width=\"414\"  src=\"https:\/\/www.europesays.com\/es\/wp-content\/uploads\/2025\/09\/MAQE7MB55JGBVMLJD3DAWYBFFQ.png\" loading=\"lazy\"\/>Cargador inal\u00e1mbrico para m\u00f3vil Trust Viro.CORTES\u00cdA DE AMAZON<img alt=\"comparativa cargadores inal\u00e1mbricos para el m\u00f3vil septiembre 2025\" decoding=\"auto\" class=\"_re lazyload a_m-h\" height=\"109\"  width=\"414\"  src=\"https:\/\/www.europesays.com\/es\/wp-content\/uploads\/2025\/09\/PUUSM6TT2NBXXIMGXQZJPIILDM.png\" loading=\"lazy\"\/><\/p>\n<p class=\"\"><b>Para qui\u00e9n es:<\/b><b> <\/b>quien quiera un <b>cargador inal\u00e1mbrico potente <\/b>y tenga buen presupuesto para comprarlo. <\/p>\n<p class=\"\"><b>Por qu\u00e9 lo hemos elegido:<\/b> para comenzar a utilizar este cargador port\u00e1til lo coloqu\u00e9 primero en mi escritorio y luego lo pas\u00e9 a la mesita de noche: su<b> dise\u00f1o ligero y compacto<\/b> me permiti\u00f3 integrarlo sin ocupar espacio. Me llam\u00f3 la atenci\u00f3n que est\u00e1 fabricado con un <b>85\u202f% de pl\u00e1stico reciclado,<\/b> lo que le da un punto sostenible para aquellas personas que quieran comprar productos respetuosos con el medioambiente, <\/p>\n<p class=\"\">La he usado principalmente con mi iPhone, pero tambi\u00e9n con varios m\u00f3viles Android de mi familia. El cargador ofrece hasta <b>15\u202fW de carga r\u00e1pida,<\/b> empleando tecnolog\u00edas como Quick Charge\u202f3.0 y USB\u202fPD 3.0 + PPS, lo que se traduce en recargas m\u00e1s eficientes si se usa un adaptador adecuado de al menos 20\u202fW. <\/p>\n<p class=\"\">En mi caso, al apoyar el dispositivo sin funda, el tel\u00e9fono suele ganar un buen porcentaje de bater\u00eda en poco tiempo, aunque nunca como si se utiliza un cable r\u00e1pido de alta gama. Uno de los aspectos que m\u00e1s me gust\u00f3 es su compatibilidad con fundas de hasta 3\u202fmm de grosor, lo que evita tener que quitarlas para cargar el m\u00f3vil. <\/p>\n<p class=\"\">Adem\u00e1s, tiene <b>certificaci\u00f3n Qi.<\/b> Es muy c\u00f3modo de utilizar, puesto que solo con colocar el m\u00f3vil sobre \u00e9l comienza a cargarse de manera r\u00e1pida. Tiene un <b>recubrimiento antideslizante <\/b>que hace que el m\u00f3vil no se caiga mientras se carga y tiene una<b> peque\u00f1a luz LED <\/b>que indica si tiene o no bater\u00eda que es discreta y no molesta por la noche. <\/p>\n<p class=\"\"><b>Sus puntos d\u00e9biles:<\/b><b> <\/b>si cabe destacar algo negativo dir\u00e9 que se calienta tras un rato de uso continuo, lo que no llega a ser alarmante pero s\u00ed perceptible si se usa mucho tiempo seguido, y que su precio es muy elevado. <\/p>\n<tr>Ficha t\u00e9cnica<\/tr>\n<tr>\n<td><b>Voltaje de entrada:<\/b> 15.<\/td>\n<\/tr>\n<tr>\n<td><b>Tipo de carga: <\/b>USB tipo C.<\/td>\n<\/tr>\n<tr>\n<td><b>Compatibilidad: <\/b>todo tipo de dispositivos Apple y dispositivos compatibles con Qi2.  <\/td>\n<\/tr>\n<p>Con dise\u00f1o de doble direccionalidad: cargador inal\u00e1mbrico para m\u00f3vil Xiaomi Mi<img alt=\"cargador movil inalambrico\u200b\" decoding=\"auto\" class=\"_re lazyload a_m-h\" height=\"233\"  width=\"414\"  src=\"https:\/\/www.europesays.com\/es\/wp-content\/uploads\/2025\/09\/X4OS7YRLKJCBRLLXNL2I4SLPLU.png\" loading=\"lazy\"\/>cargador inal\u00e1mbrico para m\u00f3vil Xiaomi Mi.COMPARATIVA DE PCCOMPONENTES<img alt=\"comparativa cargadores inal\u00e1mbricos para el m\u00f3vil septiembre 2025\" decoding=\"auto\" class=\"_re lazyload a_m-h\" height=\"109\"  width=\"414\"  src=\"https:\/\/www.europesays.com\/es\/wp-content\/uploads\/2025\/09\/O4FULOH4F5H4HAV6WLIXZ5FN4A.png\" loading=\"lazy\"\/><\/p>\n<p class=\"\"><b>Para qui\u00e9n es:<\/b><b> <\/b>quien quiera un <b>cargador con varias posiciones. <\/b> <\/p>\n<p class=\"\"><b>Por qu\u00e9 lo hemos elegido:<\/b><b> <\/b>este cargador se caracteriza por contar con un dise\u00f1o que permite mantener el<b> tel\u00e9fono en posici\u00f3n vertical u horizontal,<\/b> lo que me ha venido genial para responder mensajes o ver notificaciones mientras se est\u00e1 cargando. Adem\u00e1s, cuenta con una<b> base estable <\/b>y un <b>recubrimiento antideslizante<\/b> que evita que el dispositivo se mueva incluso con vibraciones leves. <\/p>\n<p class=\"\"><b>La potencia es de hasta 20\u202fW <\/b>y, en mis pruebas, con un<b> adaptador USB\u2011C <\/b>adecuado, el tel\u00e9fono ha subido de 30% a casi 80% en poco m\u00e1s de una hora. Aunque algunos foros advierten que muchos m\u00f3viles no alcanzan los 20\u202fW reales, con mi iPhone s\u00ed que he notado una carga bastante r\u00e1pida. <\/p>\n<p class=\"\"><b>Sus puntos d\u00e9biles:<\/b><b> <\/b>Tiene algunas limitaciones. Por ejemplo, la base ocupa bastante m\u00e1s espacio que otros cargadores inal\u00e1mbricos simples. Tampoco es compatible con todas las fundas: en fundas gruesas o met\u00e1licas puede fallar la detecci\u00f3n, por lo que hay que quitar la funda para cargarlo. <\/p>\n<p class=\"\">Otro inconveniente es el tema del calor. Aunque Xiaomi afirma que el dispositivo mantiene una temperatura moderada durante la carga; en mi experiencia, despu\u00e9s de una hora de uso prolongado, se nota que el cargador se sobrecalentaba. <\/p>\n<tr>Ficha t\u00e9cnica<\/tr>\n<tr>\n<td><b>Voltaje de entrada:<\/b> 20.<\/td>\n<\/tr>\n<tr>\n<td><b>Tipo de carga: <\/b>USB tipo C.<\/td>\n<\/tr>\n<tr>\n<td><b>Compatibilidad: <\/b>todo tipo de dispositivos Apple y dispositivos compatibles con Qi2.  <\/td>\n<\/tr>\n<p>Otro modelo de cargador inal\u00e1mbrico interesante<img alt=\"\" decoding=\"auto\" class=\"_re lazyload a_m-h\" height=\"414\"  width=\"414\" src=\"https:\/\/www.europesays.com\/es\/wp-content\/uploads\/2025\/09\/FB6CJWTWHZGAJJ6B5Z4NQZJZKA.png\" loading=\"lazy\"\/>Si buscas un cargador tres en uno: este modelo de la marca EXV<\/p>\n<p>Permite cargar tres dispositivos a la vez. Adem\u00e1s, tiene una potencia de 20 W y dispone de un dise\u00f1o plegable y port\u00e1til que hace que sea m\u00e1s c\u00f3modo de utilizar, transportar y almacenar.<\/p>\n<p>Preguntas frecuentes sobre los cargadores port\u00e1tiles inal\u00e1mbricos: \u00bfC\u00f3mo funciona un cargador inal\u00e1mbrico? <\/p>\n<p class=\"\">Los cargadores inal\u00e1mbricos funcionan mediante inducci\u00f3n electromagn\u00e9tica. Una bobina en la base del cargador genera un campo magn\u00e9tico que transfiere energ\u00eda a una bobina dentro del dispositivo compatible, cargando la bater\u00eda sin necesidad de cables f\u00edsicos. <\/p>\n<p>\u00bfTodos los m\u00f3viles son compatibles con la carga inal\u00e1mbrica? <\/p>\n<p class=\"\">No. Solo los dispositivos que soportan el est\u00e1ndar Qi (el m\u00e1s com\u00fan) pueden cargarse de forma inal\u00e1mbrica. La mayor\u00eda de los smartphones de gama media-alta recientes, como iPhone desde el modelo 8 en adelante o los Samsung Galaxy S desde el S6, s\u00ed son compatibles. <\/p>\n<p>\u00bfLa carga inal\u00e1mbrica es m\u00e1s lenta que la carga con cable? <\/p>\n<p class=\"\">S\u00ed, por lo general. Aunque ha mejorado mucho, la carga inal\u00e1mbrica sigue siendo m\u00e1s lenta que la carga por cable (sobre todo si se trata de carga r\u00e1pida por cable de 25W o m\u00e1s). Las bases Qi t\u00edpicas entregan entre 5\u202fW y 15\u202fW. <\/p>\n<p>\u00bfPuedo usar el m\u00f3vil mientras se carga de forma inal\u00e1mbrica? <\/p>\n<p class=\"\">S\u00ed, pero es menos c\u00f3modo que con un cable. Algunos cargadores permiten colocar el m\u00f3vil en posici\u00f3n vertical (modo soporte), lo que facilita su uso mientras se carga. <\/p>\n<p class=\"\">*Todos los precios de compra incluidos en este art\u00edculo est\u00e1n actualizados a 15 de septiembre de 2025.<\/p>\n<p class=\"\">Puedes seguir a EL PA\u00cdS ESCAPARATE en <a href=\"https:\/\/www.instagram.com\/escaparate.elpais\/\" target=\"_blank\" rel=\"nofollow noopener\" title=\"https:\/\/www.instagram.com\/escaparate.elpais\/\">Instagram<\/a>, o suscribirte aqu\u00ed a nuestra<a href=\"https:\/\/plus.elpais.com\/newsletters\/lnp\/1\/365\/?prm=not_landingnwl_esc\" target=\"_blank\" rel=\"nofollow noopener\" title=\"https:\/\/plus.elpais.com\/newsletters\/lnp\/1\/365\/?prm=not_landingnwl_esc\"> Newsletter<\/a>.<\/p>\n<p>* Nuestros periodistas recomiendan de forma rigurosa e independiente productos y servicios que puedes adquirir en Internet. Cada vez que compras a trav\u00e9s de algunos enlaces a\u00f1adidos al texto, EL PA\u00cdS recibe una comisi\u00f3n. <a href=\"https:\/\/elpais.com\/elpais\/2017\/05\/05\/escaparate\/1493975850_576536.html\" target=\"_blank\" rel=\"noopener nofollow\">Lee aqu\u00ed<\/a> nuestra pol\u00edtica comercial.<\/p>\n<p><script async src=\"\/\/www.instagram.com\/embed.js\"><\/script><\/p>\n","protected":false},"excerpt":{"rendered":"El mejor cargador inal\u00e1mbrico de m\u00f3vil Nuestra experta ha seleccionado el modelo de SoundMonster como ganador de la&hellip;\n","protected":false},"author":2,"featured_media":115820,"comment_status":"","ping_status":"","sticky":false,"template":"","format":"standard","meta":{"footnotes":""},"categories":[81],"tags":[912,38887,119,123,124,38886,25,24,7181,3826,117,121,122,1604,23,118,120],"class_list":{"0":"post-115819","1":"post","2":"type-post","3":"status-publish","4":"format-standard","5":"has-post-thumbnail","7":"category-ciencia-y-tecnologia","8":"tag-amazon","9":"tag-carga-inalambrica","10":"tag-ciencia","11":"tag-ciencia-y-tecnologia","12":"tag-cienciaytecnologia","13":"tag-comparativas-de-productos","14":"tag-es","15":"tag-espana","16":"tag-estilo-vida","17":"tag-gadgets","18":"tag-science","19":"tag-science-and-technology","20":"tag-scienceandtechnology","21":"tag-smartphone","22":"tag-spain","23":"tag-technology","24":"tag-tecnologia"},"share_on_mastodon":{"url":"","error":""},"_links":{"self":[{"href":"https:\/\/www.europesays.com\/es\/wp-json\/wp\/v2\/posts\/115819","targetHints":{"allow":["GET"]}}],"collection":[{"href":"https:\/\/www.europesays.com\/es\/wp-json\/wp\/v2\/posts"}],"about":[{"href":"https:\/\/www.europesays.com\/es\/wp-json\/wp\/v2\/types\/post"}],"author":[{"embeddable":true,"href":"https:\/\/www.europesays.com\/es\/wp-json\/wp\/v2\/users\/2"}],"replies":[{"embeddable":true,"href":"https:\/\/www.europesays.com\/es\/wp-json\/wp\/v2\/comments?post=115819"}],"version-history":[{"count":0,"href":"https:\/\/www.europesays.com\/es\/wp-json\/wp\/v2\/posts\/115819\/revisions"}],"wp:featuredmedia":[{"embeddable":true,"href":"https:\/\/www.europesays.com\/es\/wp-json\/wp\/v2\/media\/115820"}],"wp:attachment":[{"href":"https:\/\/www.europesays.com\/es\/wp-json\/wp\/v2\/media?parent=115819"}],"wp:term":[{"taxonomy":"category","embeddable":true,"href":"https:\/\/www.europesays.com\/es\/wp-json\/wp\/v2\/categories?post=115819"},{"taxonomy":"post_tag","embeddable":true,"href":"https:\/\/www.europesays.com\/es\/wp-json\/wp\/v2\/tags?post=115819"}],"curies":[{"name":"wp","href":"https:\/\/api.w.org\/{rel}","templated":true}]}}