{"id":115827,"date":"2025-09-15T04:21:08","date_gmt":"2025-09-15T04:21:08","guid":{"rendered":"https:\/\/www.europesays.com\/es\/115827\/"},"modified":"2025-09-15T04:21:08","modified_gmt":"2025-09-15T04:21:08","slug":"exito-de-publico-y-trofeos-en-el-festival-mixto-de-paredes","status":"publish","type":"post","link":"https:\/\/www.europesays.com\/es\/115827\/","title":{"rendered":"\u00c9xito de p\u00fablico y trofeos en el Festival Mixto de Paredes"},"content":{"rendered":"<p>El coso de San Juan de Paredes de Nava vivi\u00f3 ayer domingo un Gran Festival Mixto en el que se lidiaron seis novillos de la ganader\u00eda Hermanos Exp\u00f3sito y que cont\u00f3 con la actuaci\u00f3n del novillero palentino Pedro Caminero, que tore\u00f3 en casa y ante su p\u00fablico.<\/p>\n<p>El festejo se abri\u00f3 y cerr\u00f3 con el rejoneador Ferr\u00e1n Mart\u00edn, que cort\u00f3 dos orejas, una a cada astado. Le sigui\u00f3 Uceda Leal, que se alz\u00f3 con dos trofeos, mientras que Javier Herrero obtuvo una oreja y vio c\u00f3mo su novillo fue premiado con la vuelta al ruedo. Tambi\u00e9n actu\u00f3 Ra\u00fal Rivera, que cort\u00f3 dos orejas y el rabo, antes de que Caminero cerrase el cartel con otros dos ap\u00e9ndices. El palentino, formado en la Escuela Taurina de Palencia y miembro de una familia vinculada al campo bravo, afront\u00f3 la cita como una oportunidad clave en su carrera y volvi\u00f3 a mostrar temple, colocaci\u00f3n y un concepto cl\u00e1sico que le han valido premios en anteriores compromisos.<\/p>\n<p>La corrida estuvo presidida por la concejala Vanesa Fern\u00e1ndez Sal\u00e1n y concluy\u00f3 con una suelta de vaquillas para los aficionados.<\/p>\n<p>fin de semana taurino. La localidad ha vivido un fin de semana intenso en torno a los toros. As\u00ed, el s\u00e1bado por la ma\u00f1ana, los m\u00e1s peque\u00f1os pudieron disfrutar del encierro infantil, mientras que durante la tarde se llev\u00f3 a cabo el famoso Toro de las Pe\u00f1as, en el que Bienformado, de la ganader\u00eda Los Millares, deleit\u00f3 a la juventud y dem\u00e1s asistentes en este evento singular que cada a\u00f1o cobra m\u00e1s protagonismo entre el p\u00fablico.<\/p>\n<p>Ya por la noche, Adri\u00e1n Lambas, Cristian Villegas Chiquit\u00edn, Oliver Garc\u00eda, Rub\u00e9n Hidalgo, Mateo Mart\u00ednez, Use, Diego Almarza, Dany Alonso, \u00c1lvaro Gal\u00e1n, Jonathan Casta\u00f1o y Alejandro Mu\u00f1oz participaron en el concurso de recortes ante novillos de S\u00e1nchez Herrero y con lleno en los tendidos. El triunfo fue para Dani Alonso. En segunda posici\u00f3n qued\u00f3 Jonathan Casta\u00f1o, en tercera, Sergio Hidalgo y en cuarta, Israel P\u00e9rez El Ruso.<\/p>\n<p>Hoy ser\u00e1 el turno de las j\u00f3venes promesas a partir de las 18 horas, momento en el que los parede\u00f1os Juan Mari Rej\u00f3n y Hugo P\u00e9rez Zapatero compartir\u00e1n cartel con el vallisoletano Daniel Ramiro Revenga. A continuaci\u00f3n tendr\u00e1 lugar un encierro urbano con cuatro novillos y dos vaquillas.<\/p>\n<p>Mientras que ma\u00f1ana, a partir de las 17,30 horas, se llevar\u00e1 a cabo un encierro urbano y la exhibici\u00f3n Damas del Recorte, con las castellonenses Sarita \u00c1vila y Paula L\u00f3pez. A continuaci\u00f3n, la suelta de vaquillas pondr\u00e1 el punto y final a las actividades taurinas de las fiestas<\/p>\n","protected":false},"excerpt":{"rendered":"El coso de San Juan de Paredes de Nava vivi\u00f3 ayer domingo un Gran Festival Mixto en el&hellip;\n","protected":false},"author":2,"featured_media":115828,"comment_status":"","ping_status":"","sticky":false,"template":"","format":"standard","meta":{"footnotes":""},"categories":[277],"tags":[373,168,1309,25,24,1949,74,6442,2949,13437,23,167,625,374,444],"class_list":{"0":"post-115827","1":"post","2":"type-post","3":"status-publish","4":"format-standard","5":"has-post-thumbnail","7":"category-toreo","8":"tag-bullfighting","9":"tag-deportes","10":"tag-encierro","11":"tag-es","12":"tag-espana","13":"tag-ganaderia","14":"tag-israel","15":"tag-palencia","16":"tag-paredes-de-nava","17":"tag-recortes","18":"tag-spain","19":"tag-sports","20":"tag-tauromaquia","21":"tag-toreo","22":"tag-toros"},"share_on_mastodon":{"url":"","error":""},"_links":{"self":[{"href":"https:\/\/www.europesays.com\/es\/wp-json\/wp\/v2\/posts\/115827","targetHints":{"allow":["GET"]}}],"collection":[{"href":"https:\/\/www.europesays.com\/es\/wp-json\/wp\/v2\/posts"}],"about":[{"href":"https:\/\/www.europesays.com\/es\/wp-json\/wp\/v2\/types\/post"}],"author":[{"embeddable":true,"href":"https:\/\/www.europesays.com\/es\/wp-json\/wp\/v2\/users\/2"}],"replies":[{"embeddable":true,"href":"https:\/\/www.europesays.com\/es\/wp-json\/wp\/v2\/comments?post=115827"}],"version-history":[{"count":0,"href":"https:\/\/www.europesays.com\/es\/wp-json\/wp\/v2\/posts\/115827\/revisions"}],"wp:featuredmedia":[{"embeddable":true,"href":"https:\/\/www.europesays.com\/es\/wp-json\/wp\/v2\/media\/115828"}],"wp:attachment":[{"href":"https:\/\/www.europesays.com\/es\/wp-json\/wp\/v2\/media?parent=115827"}],"wp:term":[{"taxonomy":"category","embeddable":true,"href":"https:\/\/www.europesays.com\/es\/wp-json\/wp\/v2\/categories?post=115827"},{"taxonomy":"post_tag","embeddable":true,"href":"https:\/\/www.europesays.com\/es\/wp-json\/wp\/v2\/tags?post=115827"}],"curies":[{"name":"wp","href":"https:\/\/api.w.org\/{rel}","templated":true}]}}