{"id":115829,"date":"2025-09-15T04:22:10","date_gmt":"2025-09-15T04:22:10","guid":{"rendered":"https:\/\/www.europesays.com\/es\/115829\/"},"modified":"2025-09-15T04:22:10","modified_gmt":"2025-09-15T04:22:10","slug":"tiene-mucha-ambicion-y-un-motivo-va-a-finalizar-a-su-rival","status":"publish","type":"post","link":"https:\/\/www.europesays.com\/es\/115829\/","title":{"rendered":"\u00abTiene mucha ambici\u00f3n y un motivo; va a finalizar a su rival\u00bb"},"content":{"rendered":"<p><img decoding=\"async\" class=\"voc-author__img\" src=\"https:\/\/www.europesays.com\/es\/wp-content\/uploads\/2025\/07\/autor-1617-foto-9.jpeg\" alt=\"\u00c1lvaro Colmenero\"\/><\/p>\n<p class=\"voc-p\" style=\"\">Las artes marciales mixtas (MMA) espa\u00f1olas est\u00e1n de enhorabuena. Durante la madrugada del martes al mi\u00e9rcoles, a partir de las dos de la madrugada (HBO Max), el canario <strong>Hecher Sosa<\/strong> (13-1) <a href=\"https:\/\/www.abc.es\/deportes\/mma\/hecher-sosa-oposita-ufc-peleara-dana-whites-20250728142114-nt.html\" target=\"_self\" data-voc-vtm-id=\"in-text-traffic\" title=\"buscar\u00e1 convertirse en peleador de la UFC,\" rel=\"nofollow noopener\">buscar\u00e1 convertirse en peleador de la UFC,<\/a> un sue\u00f1o que lleva mucho tiempo persiguiendo y que ahora est\u00e1 m\u00e1s pr\u00f3ximo que nunca. Tan cerca como una victoria vistosa. Para ello, se enfrentar\u00e1 al brasile\u00f1o Mackson Lee (9-0) en el combate estelar de la sexta semana del formato Dana White&#8217;s Contender Series, un programa televisivo donde los atletas que convencen al presidente de la UFC logran entrar dentro de la mayor liga del mundo. <\/p>\n<p class=\"voc-p\" style=\"\">Para Hecher Sosa, que ha conquistado el cintur\u00f3n de FCR y de WOW, el camino no est\u00e1 siendo nada f\u00e1cil. Muchos combates internacionales y otros tantos nacionales para tratar de derrumbar una puerta, la de la UFC, que parec\u00eda inquebrantable. A todo ello, hay que sumarle su situaci\u00f3n personal, con un padre muy enfermo y el fallecimiento de una hermana. Sin embargo, en la adversidad, <a href=\"https:\/\/www.abc.es\/deportes\/mma\/hecher-sosa-oposita-ufc-peleara-dana-whites-20250728142114-nt.html\" target=\"_self\" data-voc-vtm-id=\"in-text-traffic\" title=\"el canario ha decidido crecerse y darle una alegr\u00eda\" rel=\"nofollow noopener\">el canario ha decidido crecerse y darle una alegr\u00eda<\/a> a toda su familia cumpliendo el sue\u00f1o de entrar en la UFC.<\/p>\n<p class=\"voc-p\" style=\"\">Alguien que ha tenido mucha importancia en todos estos \u00faltimos a\u00f1os ha sido su entrenador principal, Mario Alonso, que capitanea el prestigioso gimnasio AFC de Villalba. El t\u00e9cnico madrile\u00f1o habla en exclusiva con ABC MMA para analizar el combate m\u00e1s importante de sus carreras. Y lo tiene todo muy claro. \u00ab<strong>Hecher est\u00e1 hecho una pala como se dice en su tierra canaria. Est\u00e1 fuerte, est\u00e1 s\u00f3lido, est\u00e1 con hambre, tiene ambici\u00f3n, un motiv<\/strong>o. El haber viajado a Las Vegas antes nos ha dado mucha ventaja, el poder medirnos y compararnos, el analizar lo que vamos a vivir\u00bb, cuenta en relaci\u00f3n al periplo que hicieron hace unas semanas para cumplir con las obligaciones de marketing del formato. <\/p>\n<p class=\"voc-p\" style=\"\">En lo que respecta a la pelea, Mario Alonso es conocido por ser un formador muy met\u00f3dico, por desgranar al mil\u00edmetro a cada oponente, llegando a hacer para este pleito un plan de juego de 35 p\u00e1ginas. \u00ab<strong>Este &#8216;game plan&#8217; es diferente, est\u00e1 basado en explicarle que tiene un motivo para hacer un combate diferente, para hacer una pelea con un credenciales internos, adem\u00e1s de t\u00e1cticos y t\u00e9cnicos<\/strong>. Es un mantra. Lo que he hecho es crear una historia, para que mientras lea el &#8216;game plan&#8217; sonr\u00eda. Y tenga ganas de que sea ya la cita; eso es m\u00e1gico\u00bb, desvela el entrenador. <\/p>\n<p class=\"voc-p\" style=\"\">Mario Alonso se\u00f1ala la evoluci\u00f3n que ha tenido en los \u00faltimos a\u00f1os Hecher, hasta convertirse en uno de los pegadores m\u00e1s t\u00e9cnicos del panorama europeo. \u00abMi forma de ver a Hecher es una muy \u00edntegra, s\u00e9 el potencial que tiene y su capacidad, es un deportista que es din\u00e1mico, que <strong>es capaz de cazar, de meter un ritmo muy alto, de crear el caos dentro del control y el control dentro del caos<\/strong>. Cuando empec\u00e9 con \u00e9l, para m\u00ed su punto d\u00e9bil era el &#8216;striking&#8217; y todo el mundo alaba ahora su &#8216;striking&#8217;. Para m\u00ed tiene un potencial incre\u00edble en la lucha y en el grappling y eso le hace m\u00e1s peligroso todav\u00eda. Hecher Sosa es un puntal, un talento que se junta en mi camino y que me est\u00e1 haciendo crecer al mismo que le aporto cosas muy buenas\u00bb, cuenta el t\u00e9cnico madrile\u00f1o. <\/p>\n<p class=\"voc-p\" style=\"\">En cuanto su oponente, el invicto brasile\u00f1o Mackson Lee, no tienen dudas de que est\u00e1n por encima a nivel t\u00e9cnico y t\u00e1ctico. Ha sido una preparaci\u00f3n perfecta. \u00abYo estudio mucho a los rivales, hasta un punto de sentir estar con \u00e9l. Tengo la suerte de tener un proyecto deportivo muy grande y siempre tener un deportista que se parece a nuestro rival. Sabemos c\u00f3mo se levanta, c\u00f3mo patea, c\u00f3mo gira. Hemos juntado deportistas de la selecci\u00f3n ol\u00edmpica de taekwondo, gente de sanda, otros de lucha. \u00c9l es bueno, pero he tra\u00eddo a gente a\u00fan m\u00e1s buena. Hay que respetar al rival, pero ya lo hemos sentido y es muy dif\u00edcil que nos venza\u00bb, traslada Mario Alonso. <\/p>\n<p class=\"voc-p\" style=\"\">El entrenador madrile\u00f1o asegura que Hecher Sosa \u00abva a acabar con su rival\u00bb. \u00abPor lo que \u00e9l es capaz de hacer: mantener un ritmo de acciones enlazadas y constantes, independientemente de donde vaya el combate. Ya lo ha conseguido hacer con primeras espadas a nivel europeo, y nos est\u00e1bamos en el nivel de madurez que tenemos ahora, ni con el prop\u00f3sito personal, laboral y comercial que tiene por delante. <a href=\"https:\/\/www.abc.es\/deportes\/mma\/hecher-sosa-oposita-ufc-peleara-dana-whites-20250728142114-nt.html\" target=\"_self\" data-voc-vtm-id=\"in-text-traffic\" title=\"Nos queda sonre\u00edr\" rel=\"nofollow noopener\">Nos queda sonre\u00edr<\/a>\u00bb, concluye Mario Alonso. <\/p>\n<p>Reportar un error<\/p>\n","protected":false},"excerpt":{"rendered":"Las artes marciales mixtas (MMA) espa\u00f1olas est\u00e1n de enhorabuena. Durante la madrugada del martes al mi\u00e9rcoles, a partir&hellip;\n","protected":false},"author":2,"featured_media":115830,"comment_status":"","ping_status":"","sticky":false,"template":"","format":"standard","meta":{"footnotes":""},"categories":[276],"tags":[5882,11922,8005,168,2226,25,24,38891,8000,5135,3968,6260,805,8001,23,167,343],"class_list":{"0":"post-115829","1":"post","2":"type-post","3":"status-publish","4":"format-standard","5":"has-post-thumbnail","7":"category-ufc","8":"tag-ambicion","9":"tag-analiza","10":"tag-contender","11":"tag-deportes","12":"tag-entrenador","13":"tag-es","14":"tag-espana","15":"tag-finalizar","16":"tag-hecher","17":"tag-motivo","18":"tag-pelea","19":"tag-rival","20":"tag-series","21":"tag-sosa","22":"tag-spain","23":"tag-sports","24":"tag-ufc"},"share_on_mastodon":{"url":"","error":""},"_links":{"self":[{"href":"https:\/\/www.europesays.com\/es\/wp-json\/wp\/v2\/posts\/115829","targetHints":{"allow":["GET"]}}],"collection":[{"href":"https:\/\/www.europesays.com\/es\/wp-json\/wp\/v2\/posts"}],"about":[{"href":"https:\/\/www.europesays.com\/es\/wp-json\/wp\/v2\/types\/post"}],"author":[{"embeddable":true,"href":"https:\/\/www.europesays.com\/es\/wp-json\/wp\/v2\/users\/2"}],"replies":[{"embeddable":true,"href":"https:\/\/www.europesays.com\/es\/wp-json\/wp\/v2\/comments?post=115829"}],"version-history":[{"count":0,"href":"https:\/\/www.europesays.com\/es\/wp-json\/wp\/v2\/posts\/115829\/revisions"}],"wp:featuredmedia":[{"embeddable":true,"href":"https:\/\/www.europesays.com\/es\/wp-json\/wp\/v2\/media\/115830"}],"wp:attachment":[{"href":"https:\/\/www.europesays.com\/es\/wp-json\/wp\/v2\/media?parent=115829"}],"wp:term":[{"taxonomy":"category","embeddable":true,"href":"https:\/\/www.europesays.com\/es\/wp-json\/wp\/v2\/categories?post=115829"},{"taxonomy":"post_tag","embeddable":true,"href":"https:\/\/www.europesays.com\/es\/wp-json\/wp\/v2\/tags?post=115829"}],"curies":[{"name":"wp","href":"https:\/\/api.w.org\/{rel}","templated":true}]}}