{"id":115831,"date":"2025-09-15T04:24:09","date_gmt":"2025-09-15T04:24:09","guid":{"rendered":"https:\/\/www.europesays.com\/es\/115831\/"},"modified":"2025-09-15T04:24:09","modified_gmt":"2025-09-15T04:24:09","slug":"carreno-completa-la-historica-remontada-de-espana-en-la-copa-davis-la-voz-de-galicia","status":"publish","type":"post","link":"https:\/\/www.europesays.com\/es\/115831\/","title":{"rendered":"Carre\u00f1o completa la hist\u00f3rica remontada de Espa\u00f1a en la Copa Davis &#8211; La Voz de Galicia"},"content":{"rendered":"<ol>\n<li><a href=\"https:\/\/news.google.com\/rss\/articles\/CBMi1wFBVV95cUxNT1dHRkRCNzZYajRGY0lQZS00Umw4VGF1c0s1RmxPV2VsNnVKUlJpQWtjQThYc3hWZmtvQ1VBd0JadVQya2VNUlU3SFRMSWg1UHlDWkFQUnh2U0FDTjJuU1BqcTNlUmk2dXJDT2lVVWFKUWgzb3huWndlOFJmUU5sVnJIX0RYZm4xLWhGZGYzdkVadDRUTHZOdmpKSnVsVDVmSVhwaTdKalFLOTk5U25RSVhIWEh4QXBPcE4xNWUzdVdoTk96akpSczQ4NS1xNXpjcE41VzMxUdIB8wFBVV95cUxOSnhMM2pIUU1hajgwcTcyb05JMGxyVDVET3NxSHMzVFpzSkhiLUlCNDZMTUZPTUtZdTdTYmtYdTlSNDVRczJyUkFoNk42RzdJaXZhNFZsYVhkWWNKMGlrZUVUeWJ6bFhoVmFqdmt5MmdQNEFLb3RMRmlkQnZQbzgzRmRWeHQ1VERobEdCTl9IcWwzaE5xa2hUMWtTQk9GVkNxQjVheldtMmdLU1d5X1loTGRBRDZ4VC1RT3FobWR6NVpfN1Zfa3Zsdk8tNm9qbEtYRnRSdFl0c0VnR09Ec2I1T0RHeWJEVmJubW0yQW9lUi1mNjQ?oc=5\" target=\"_blank\" rel=\"nofollow noopener\">Carre\u00f1o completa la hist\u00f3rica remontada de Espa\u00f1a en la Copa Davis<\/a>&nbsp;&nbsp;La Voz de Galicia<\/li>\n<li><a href=\"https:\/\/news.google.com\/rss\/articles\/CBMiyAFBVV95cUxOWk5nWllzcTFnYk1hX3UwYzAweUQxRmFjU1JJVlVJZldWbF9aSlo0Q2FGLXBfSTRrZE41TnBBOUR0V05vWjkwUHJ1cWpEdFJhVFctSG1ZUkx4dGp2dHpFRktoVTJaSk50NUNPMmRfOVFCdEE4THdjaWRtQWJUdFY3S3REd0xjQmhERWdhOTFIWVV5YmFtaklEd2tyeHVobElCQk1RRWJ2emlGYnVBTHlJQzRyRXg0YTVfQ284bDd5c0djeEZ3MkRZUQ?oc=5\" target=\"_blank\" rel=\"nofollow noopener\">Pablo Carre\u00f1o firma una remontada para la historia y clasifica a Espa\u00f1a para las finales de la Copa Davis<\/a>&nbsp;&nbsp;MARCA<\/li>\n<li><a href=\"https:\/\/news.google.com\/rss\/articles\/CBMiqAFBVV95cUxNRUJ0RlA5NGhDRjdHSHV2U0VMcTg2VWVqZ05PUG9JRlQyZzRlNnRnbHNfTjJjRGtWZFZ4OVhmZXRleFNROV9fZXNtb0Ywb1d3NURNLWJKZXNUa1VrOXVxekpUc0M1V1dseU9QdVg3MDlLLTZJd1BHVmNvRjZvdFBzWGM4RTM2NnJrM0RmNkVGWmFsbHlDRlhjR2hSVjZ5dkdaLTVoSy1ESDA?oc=5\" target=\"_blank\" rel=\"nofollow noopener\">Espa\u00f1a obra el milagro y saca su billete para las finales de Bolonia<\/a>&nbsp;&nbsp;ABC<\/li>\n<li><a href=\"https:\/\/news.google.com\/rss\/articles\/CBMirwFBVV95cUxONVhRSE9hM3plcG9mSE42MUtVVVRGWDM4QUFOeXFNd2JoelFhVkVVSXY5SzZicE1fcnVWejcxUE94bG1faFlsQkpQSXpmeGNwNWJsV21uZHQ2QjN6ZHVBRC1lTFMyN0VxQ2pyZEJodTlfR1JtWEF0bUZKaGktQW9lcWt3NFFjYTE2alNpeGNpVWNVMG1SYkdUTHR6NUVSQ3FDaFhOS1ctRkxJams2VEtF0gG0AUFVX3lxTE1KUlhqa2R0WGVzU3ZEMm9XQXh4SGYzc3lVRGhFT1pKY1JPLXZ2ajB1bzdJOFIyOUVLWWltMkZ2cGEycGx2NVJmZDF4THJ4YXlqMVo2cFZnM3lScUttNXZBN2dLaEM0aC0zdnF0Y2EteU5NSmYzZndNR1dUUGg4dUZQcXpvOWpOSHNPUXJqaC1fMnVmRTd4al9jX01taWhfOHZtZ2RiNjRqa3VZNHVTVjl3X2hrQg?oc=5\" target=\"_blank\" rel=\"nofollow noopener\">Carre\u00f1o corona la gesta de Espa\u00f1a contra Dinamarca para estar en las finales de la Davis<\/a>&nbsp;&nbsp;El Confidencial<\/li>\n<li><a href=\"https:\/\/news.google.com\/rss\/articles\/CBMi1AFBVV95cUxOQXhoMTZaQy12ZFJWZmVSU19yQXpvZ3BkeUlma3dXRFRuRFAxNC1SWXlVWS1PVnZRRzVSWGtTQm9MTjF3bVJPQjhMVldMcU50MUsxMUxuYzl3T3F3VGJSTWR5aTFVdkRwLS1QVGljYmI1OVdQUkxCS09fMXZVQ2FkaUI5ckt1aVRzdkI1UlNiY3JDbEZRbjVIQVdpTTF1RXd1SmhXaFJXN1BjUEdwWExGZlVUUWdCVU1Ya2FXNlIwVWFQaFpJNXdxbHY4S25rQV9FYUF0btIB1AFBVV95cUxNWGZqamVpWW0tU2E2MlByN3lzTy1XMW9PMXVXUTNmZ2dCWlZ5TXV4dmE0ZW0xdW9QUE5hbXZ4UDlNTWVYX3BnekxFOWlhX3VRZmNfUlh1dl9Mekx4Q2p0REtDVzNVeWhWdEN3UFd3YjJxZkZ5LWctRTlpc3ZXV18xOUs2UThYMEhjYlF5WUZzTGR1VzVlbjYzWWxCam9MaUFUZno0ZUhtTW02Z3dFSks0WEhvMEpucWVxZng0d3lVNk9KQlVobHVpb2w4bzZCVGhUSi0yLQ?oc=5\" target=\"_blank\" rel=\"nofollow noopener\">La reflexi\u00f3n de Carre\u00f1o sobre la ausencia de Carlos Alcaraz en la Copa Davis<\/a>&nbsp;&nbsp;LaSexta<\/li>\n<\/ol>\n","protected":false},"excerpt":{"rendered":"Carre\u00f1o completa la hist\u00f3rica remontada de Espa\u00f1a en la Copa Davis&nbsp;&nbsp;La Voz de Galicia Pablo Carre\u00f1o firma una&hellip;\n","protected":false},"author":2,"featured_media":115832,"comment_status":"","ping_status":"","sticky":false,"template":"","format":"standard","meta":{"footnotes":""},"categories":[274],"tags":[13877,168,25,24,23,167,327,326],"class_list":{"0":"post-115831","1":"post","2":"type-post","3":"status-publish","4":"format-standard","5":"has-post-thumbnail","7":"category-tenis","8":"tag-copa-davis","9":"tag-deportes","10":"tag-es","11":"tag-espana","12":"tag-spain","13":"tag-sports","14":"tag-tenis","15":"tag-tennis"},"share_on_mastodon":{"url":"","error":""},"_links":{"self":[{"href":"https:\/\/www.europesays.com\/es\/wp-json\/wp\/v2\/posts\/115831","targetHints":{"allow":["GET"]}}],"collection":[{"href":"https:\/\/www.europesays.com\/es\/wp-json\/wp\/v2\/posts"}],"about":[{"href":"https:\/\/www.europesays.com\/es\/wp-json\/wp\/v2\/types\/post"}],"author":[{"embeddable":true,"href":"https:\/\/www.europesays.com\/es\/wp-json\/wp\/v2\/users\/2"}],"replies":[{"embeddable":true,"href":"https:\/\/www.europesays.com\/es\/wp-json\/wp\/v2\/comments?post=115831"}],"version-history":[{"count":0,"href":"https:\/\/www.europesays.com\/es\/wp-json\/wp\/v2\/posts\/115831\/revisions"}],"wp:featuredmedia":[{"embeddable":true,"href":"https:\/\/www.europesays.com\/es\/wp-json\/wp\/v2\/media\/115832"}],"wp:attachment":[{"href":"https:\/\/www.europesays.com\/es\/wp-json\/wp\/v2\/media?parent=115831"}],"wp:term":[{"taxonomy":"category","embeddable":true,"href":"https:\/\/www.europesays.com\/es\/wp-json\/wp\/v2\/categories?post=115831"},{"taxonomy":"post_tag","embeddable":true,"href":"https:\/\/www.europesays.com\/es\/wp-json\/wp\/v2\/tags?post=115831"}],"curies":[{"name":"wp","href":"https:\/\/api.w.org\/{rel}","templated":true}]}}