{"id":115835,"date":"2025-09-15T04:26:14","date_gmt":"2025-09-15T04:26:14","guid":{"rendered":"https:\/\/www.europesays.com\/es\/115835\/"},"modified":"2025-09-15T04:26:14","modified_gmt":"2025-09-15T04:26:14","slug":"dura-apenas-30-segundos-pero-lo-que-ocurre-justo-detras-de-ayuso-en-el-inicio-de-la-cuenta-atras-del-gp-de-madrid-trae-cola","status":"publish","type":"post","link":"https:\/\/www.europesays.com\/es\/115835\/","title":{"rendered":"Dura apenas 30 segundos, pero lo que ocurre justo detr\u00e1s de Ayuso en el inicio de la cuenta atr\u00e1s del GP de Madrid trae cola"},"content":{"rendered":"<p>Parece ser que en Madrid hay libertad, pero no mucha. La presidenta de la Comunidad de Madrid, Isabel D\u00edaz Ayuso, ha dado el pistoletazo de salida este s\u00e1bado al Gran Premio de F\u00f3rmula 1 de Madrid.<\/p>\n<p>La dirigente madrile\u00f1a ha activado una cuenta atr\u00e1s en la Puerta del Sol, junto a la Real Casa de Correos, que terminar\u00e1 el pr\u00f3ximo 13 de septiembre de 2026, d\u00eda en el que la capital espa\u00f1ola acoger\u00e1 una de las carreras del calendario de la F\u00f3rmula 1.<\/p>\n<p>Antes de pulsar el bot\u00f3n y que el reloj empezara a contar, Ayuso ha confesado que\u00a0la competici\u00f3n automovil\u00edstica regresa a la regi\u00f3n 45 a\u00f1os despu\u00e9s de la \u00faltima carrera disputada y lo hace para convertirse en \u00ab<b>la capital mundial de la F\u00f3rmula 1<\/b>\u00ab.<\/p>\n<p>\u00ab<b>Queremos hacer de Madrid la capital mundial del motor<\/b>. La F\u00f3rmula 1 es ya una realidad. Es un orgullo para el mundo entero, porque los amantes del motor y de la libertad van a tener la puerta abierta a un nuevo circuito\u00bb, ha se\u00f1alado.<\/p>\n<p>\u00abGracias a los que lo hacen posible: a los comerciantes, al contribuyente madrile\u00f1o, a nuestros visitantes, que son una riqueza, a todas las personas que pelean y prosperan para que Madrid tenga unos transportes p\u00fablicos de la mejor calidad, unas infraestructuras que permitan <b>tener esta competici\u00f3n de primer orden y que se disfrute como todo lo que se hace en Madrid, siempre con calidad<\/b>\u00ab, ha explicado.<\/p>\n<p>Pero ha habido un momento bastante llamativo nada m\u00e1s ponerse Ayuso ante los micr\u00f3fonos. La presidenta madrile\u00f1a ha empezado su intervenci\u00f3n y, tras ella, adem\u00e1s del reloj que todav\u00eda no hab\u00eda empezado a descontar los segundos, varias personas han sacado varios carteles contrarios a la llegada de la F\u00f3rmula 1 a Madrid.<\/p>\n<p>El mensaje era claro sobre un cartel de color amarillo: \u00ab<b>Stop F\u00f3rmula 1 Madrid<\/b>\u00ab. Se trata de la plataforma que para este domingo ha convocado una protesta en la Puerta del Sol para criticar el apoyo de la administraci\u00f3n madrile\u00f1a a un evento que, seg\u00fan denuncian, provocar\u00e1 la desaparici\u00f3n de \u00abcientos de \u00e1rboles\u00bb, \u00abproblemas de movilidad\u00bb y ser\u00e1 \u00abperjudicial\u00bb para la salud de los vecinos. El lema es &#8216;Nuestros barrios no son un circuito&#8217; y denuncian que el proyecto en Ifema y Valdebebas es \u00ab<b>disparatado y especulativo<\/b>\u00ab.<\/p>\n<p>Lo m\u00e1s llamativo de todo es que algunas de las personas que se hab\u00edan concentrado contra el circuito han empezado a sacar los carteles y protestar cuando ha salido Ayuso. Al escuchar los gritos, <b>la presidenta madrile\u00f1a ha elevado la voz, casi intentando tapar las reclamaciones<\/b>, y varias personas han empezado a aplaudir.<\/p>\n<p>Acto seguido, la se\u00f1al del Ejecutivo regional, que ten\u00eda un plano abierto con el reloj instalado en la c\u00e9ntrica plaza madrile\u00f1a mientras hablaba Ayuso, se ha cerrado hasta enfocarla s\u00f3lo a ella, con la boca de metro de Sol a sus espaldas.\u00a0<\/p>\n<p>Los carteles s\u00f3lo se han visto 30 segundos en la se\u00f1al de la Comunidad de Madrid. No fue hasta cinco minutos despu\u00e9s, cuando la dirigente auton\u00f3mica hab\u00eda terminado de hablar, cuando el<b>\u00a0<\/b>plano volv\u00eda a abrirse.<b> Para entonces ya no hab\u00eda ni rastro de los carteles ni de las protestas<\/b>.<\/p>\n","protected":false},"excerpt":{"rendered":"Parece ser que en Madrid hay libertad, pero no mucha. La presidenta de la Comunidad de Madrid, Isabel&hellip;\n","protected":false},"author":2,"featured_media":115836,"comment_status":"","ping_status":"","sticky":false,"template":"","format":"standard","meta":{"footnotes":""},"categories":[270],"tags":[1467,168,25,24,306,271,272,3515,23,167],"class_list":{"0":"post-115835","1":"post","2":"type-post","3":"status-publish","4":"format-standard","5":"has-post-thumbnail","7":"category-formula-1","8":"tag-comunidad-de-madrid","9":"tag-deportes","10":"tag-es","11":"tag-espana","12":"tag-f1","13":"tag-formula-1","14":"tag-formula1","15":"tag-isabel-diaz-ayuso","16":"tag-spain","17":"tag-sports"},"share_on_mastodon":{"url":"","error":""},"_links":{"self":[{"href":"https:\/\/www.europesays.com\/es\/wp-json\/wp\/v2\/posts\/115835","targetHints":{"allow":["GET"]}}],"collection":[{"href":"https:\/\/www.europesays.com\/es\/wp-json\/wp\/v2\/posts"}],"about":[{"href":"https:\/\/www.europesays.com\/es\/wp-json\/wp\/v2\/types\/post"}],"author":[{"embeddable":true,"href":"https:\/\/www.europesays.com\/es\/wp-json\/wp\/v2\/users\/2"}],"replies":[{"embeddable":true,"href":"https:\/\/www.europesays.com\/es\/wp-json\/wp\/v2\/comments?post=115835"}],"version-history":[{"count":0,"href":"https:\/\/www.europesays.com\/es\/wp-json\/wp\/v2\/posts\/115835\/revisions"}],"wp:featuredmedia":[{"embeddable":true,"href":"https:\/\/www.europesays.com\/es\/wp-json\/wp\/v2\/media\/115836"}],"wp:attachment":[{"href":"https:\/\/www.europesays.com\/es\/wp-json\/wp\/v2\/media?parent=115835"}],"wp:term":[{"taxonomy":"category","embeddable":true,"href":"https:\/\/www.europesays.com\/es\/wp-json\/wp\/v2\/categories?post=115835"},{"taxonomy":"post_tag","embeddable":true,"href":"https:\/\/www.europesays.com\/es\/wp-json\/wp\/v2\/tags?post=115835"}],"curies":[{"name":"wp","href":"https:\/\/api.w.org\/{rel}","templated":true}]}}