{"id":115847,"date":"2025-09-15T04:34:11","date_gmt":"2025-09-15T04:34:11","guid":{"rendered":"https:\/\/www.europesays.com\/es\/115847\/"},"modified":"2025-09-15T04:34:11","modified_gmt":"2025-09-15T04:34:11","slug":"begona-del-teso-critica-de-eddington-poblacion-350-almas-el-diario-vasco","status":"publish","type":"post","link":"https:\/\/www.europesays.com\/es\/115847\/","title":{"rendered":"Bego\u00f1a del Teso: Cr\u00edtica de &#039;Eddington&#039;; Poblaci\u00f3n, 350 almas (+-,+-) &#8211; El Diario Vasco"},"content":{"rendered":"<ol>\n<li><a href=\"https:\/\/news.google.com\/rss\/articles\/CBMiugFBVV95cUxOQWtNTnBHZ2RkSmJsaFdhUE93RHExTU5XNjNTVUFUQTRwNlBSNC1NZ3NZWmw2Mmw0a19KM0tXVW1GM1paYkREcEFPcjd6VHpxaFpUN0JlV2JWaHpJM3VzaWdneFZ2eGI5c3cxXzJZeUxNNUFneVl1d2R3c1NSWlVaQmU4MWJLY0F1M0FNWmlXLWZURHJUT3ViejNrUjhMaGpXUDF5OVJHNk9lSUpUZVhvNFRVX1E5LURTQWfSAb8BQVVfeXFMUEZYX2swaElpZWgwS3hCNExOaE9iSVZGbDA3a1lwbjI4QURoU2NsTmU4QjAwdU9iYUI3ZVRXOTRvd3IxZFhZOC1VeU53V3dybTc3WThzQXY2dURJTFh3c2I0Q05iOHRwWFpyLXNHQkJFZ2FaeF9XdEUySWx4Tk9oQ0thcEZZSmVwWUJFTGF0dERMUzZuc2d5TS1TQ19qc1daZ2lERDBJN3JtZzFteW9vVjluUmd1c3dHWFNYRTdRMGM?oc=5\" target=\"_blank\" rel=\"nofollow noopener\">Bego\u00f1a del Teso: Cr\u00edtica de &#8216;Eddington&#8217;; Poblaci\u00f3n, 350 almas (+-,+-)<\/a>&nbsp;&nbsp;El Diario Vasco<\/li>\n<li><a href=\"https:\/\/news.google.com\/rss\/articles\/CBMijAJBVV95cUxNWnd3cnF4c0Vncl9Zd1VEUk14ZFVnTjFFRkM0NnZuTDJoSTgwOXJqZl9CTHdhMmxTOWd3LXFCYVB6UkhWR0xuSFFlVnVzajRrdWg2b1EwU2piMnQ1aWpPeUJFT2VtZUxpSzR1MXM4b0JqUjduZFU1UTB4eDNTSmxsSV9NSVlrMmZsWFUtY1g4cXZJdUsweGUtUzVxN2VISUpLOHdMS2RZaEJyUThQekY1SGhIaGFVWXVYZ3I0NFhtRGxSQVprbGRoMk9aWkExa0dVLUFsX0dOMzBjNU54amtxbC1VRWl4aEpONl9zM3M3ZEFJNVBWbHVTSDJKdUhDTm9wNjk5NndPbFdESG43?oc=5\" target=\"_blank\" rel=\"nofollow noopener\">Tres cr\u00edticas de cine: \u00abEddington\u00bb, \u00abSim\u00f3n de la monta\u00f1a\u00bb y \u00abGuardianes de la noche: Kimetsu no Yaiba-La fortaleza infinita\u00bb<\/a>&nbsp;&nbsp;La Voz de Galicia<\/li>\n<li><a href=\"https:\/\/news.google.com\/rss\/articles\/CBMiggFBVV95cUxPQmxybTJFcHhRSkRWYl9Gd2xMU3daMENRUkRDNnpoRnY1Sm1tdnFxVUVha3Z2N0RWaElya2RtOXVsWGFwemJ6Z285eEF3cThBTE5sV05zZWRkRlRFZlVwWTlpTS1EVm1jUHVsOEQxcDJfQ2Y3clp6QzhzUGZ3bm1CaHdR0gGCAUFVX3lxTFBpbU9vSkVZT2dWMmlzYm15UlhpVmdFZDJuSjEtaVRST0RoeVowMlFlMEhJOHJad1VtcnJnb05rYmdlV2N1dmtKOFZESVgzbUZCR3RNc2ZpRXpZSmlmVHBYWVBDd21zVmoybmxCN2I2c3QyaEd3MUFrUlUzaWF0LXk2MXc?oc=5\" target=\"_blank\" rel=\"nofollow noopener\">Eddington: Donald Trump y el &#8216;trumpismo&#8217; explicado a los ni\u00f1os (****)<\/a>&nbsp;&nbsp;El Mundo<\/li>\n<li><a href=\"https:\/\/news.google.com\/rss\/articles\/CBMiqwFBVV95cUxQUUxTZ2ZXZURabVlpc21TNXFzeGc3dXZ1UXl3QTJjVlItaWN3UExTMm1udmd4RGZTaC1xWGY3LUxFT2NJdFNodDg0ckpuNURYRkIxQWlSUjdnZ05yWEJMR0RkTzhDQ19UTmM3RWdaSXVENFd2U2lGeVVpMkRnNHl1QU1iTURLaV9iQ3RDa2FBRWRDUDgtVGs5a2h0Tkg1MzZaUm95eEFkeHVlQTg?oc=5\" target=\"_blank\" rel=\"nofollow noopener\">\u2018Eddington\u2019 incomoda tanto como la pandemia que retrata: Joaquin Phoenix protagoniza el thriller definitivo sobre la paranoia del Covid y la locura en Estados Unidos<\/a>&nbsp;&nbsp;Esquire<\/li>\n<li><a href=\"https:\/\/news.google.com\/rss\/articles\/CBMimgFBVV95cUxQaGJQZTlIM1BiUkhCUFNUSW5hWkRITFZKLTRNWkkyMGRPRGZmeDRnZ0VZdGFwNjJIU3ozT2N3VFFZRy0zREdDd2gxazAzMVgtLWZDZkRtQXNzZ3VXUE1kVmM5VWcyZ3NrVUw0TUtacUdBR2RneDVQR0szcFFPZnBnU3FsMXhBbldScWhVUVJhdXNZbXMyYXhQcmZB?oc=5\" target=\"_blank\" rel=\"nofollow noopener\">El meme de Pok\u00e9mon en &#8216;Eddington&#8217; que explica la pel\u00edcula de Ari Aster y la alargada sombra de la Inteligencia Artificial<\/a>&nbsp;&nbsp;Fotogramas<\/li>\n<\/ol>\n","protected":false},"excerpt":{"rendered":"Bego\u00f1a del Teso: Cr\u00edtica de &#8216;Eddington&#8217;; Poblaci\u00f3n, 350 almas (+-,+-)&nbsp;&nbsp;El Diario Vasco Tres cr\u00edticas de cine: \u00abEddington\u00bb, \u00abSim\u00f3n&hellip;\n","protected":false},"author":2,"featured_media":115848,"comment_status":"","ping_status":"","sticky":false,"template":"","format":"standard","meta":{"footnotes":""},"categories":[169],"tags":[38893,38894,177,37056,146,147,25,24,176,175,696,23],"class_list":{"0":"post-115847","1":"post","2":"type-post","3":"status-publish","4":"format-standard","5":"has-post-thumbnail","7":"category-cine","8":"tag-38893","9":"tag-almas","10":"tag-cine","11":"tag-eddington","12":"tag-entertainment","13":"tag-entretenimiento","14":"tag-es","15":"tag-espana","16":"tag-film","17":"tag-movies","18":"tag-poblacion","19":"tag-spain"},"share_on_mastodon":{"url":"","error":""},"_links":{"self":[{"href":"https:\/\/www.europesays.com\/es\/wp-json\/wp\/v2\/posts\/115847","targetHints":{"allow":["GET"]}}],"collection":[{"href":"https:\/\/www.europesays.com\/es\/wp-json\/wp\/v2\/posts"}],"about":[{"href":"https:\/\/www.europesays.com\/es\/wp-json\/wp\/v2\/types\/post"}],"author":[{"embeddable":true,"href":"https:\/\/www.europesays.com\/es\/wp-json\/wp\/v2\/users\/2"}],"replies":[{"embeddable":true,"href":"https:\/\/www.europesays.com\/es\/wp-json\/wp\/v2\/comments?post=115847"}],"version-history":[{"count":0,"href":"https:\/\/www.europesays.com\/es\/wp-json\/wp\/v2\/posts\/115847\/revisions"}],"wp:featuredmedia":[{"embeddable":true,"href":"https:\/\/www.europesays.com\/es\/wp-json\/wp\/v2\/media\/115848"}],"wp:attachment":[{"href":"https:\/\/www.europesays.com\/es\/wp-json\/wp\/v2\/media?parent=115847"}],"wp:term":[{"taxonomy":"category","embeddable":true,"href":"https:\/\/www.europesays.com\/es\/wp-json\/wp\/v2\/categories?post=115847"},{"taxonomy":"post_tag","embeddable":true,"href":"https:\/\/www.europesays.com\/es\/wp-json\/wp\/v2\/tags?post=115847"}],"curies":[{"name":"wp","href":"https:\/\/api.w.org\/{rel}","templated":true}]}}