{"id":115849,"date":"2025-09-15T04:35:11","date_gmt":"2025-09-15T04:35:11","guid":{"rendered":"https:\/\/www.europesays.com\/es\/115849\/"},"modified":"2025-09-15T04:35:11","modified_gmt":"2025-09-15T04:35:11","slug":"duro-castigo-de-flick-a-raphinha","status":"publish","type":"post","link":"https:\/\/www.europesays.com\/es\/115849\/","title":{"rendered":"Duro castigo de Flick a Raphinha"},"content":{"rendered":"<p class=\"parrafo\">El <a href=\"https:\/\/www.estadiodeportivo.com\/futbol\/primera-division\/barcelona-valencia-directo-partido-laliga-sports-vivo-online-20250914-512016.html\" target=\"_blank\" class=\"intext-link\" rel=\"nofollow noopener\">FC Barcelona afronta el duelo de esta noche frente al Valencia CF<\/a> con un contratiempo importante en ataque. <a href=\"https:\/\/www.estadiodeportivo.com\/futbol\/barcelona\/mazazo-confirmado-para-lamine-yamal-20250913-511846.html\" target=\"_blank\" class=\"intext-link\" rel=\"nofollow noopener\">La ausencia de Lamine Yamal, baja confirmada por molestias en el pubis<\/a> seg\u00fan comunic\u00f3 el propio club, <strong>abr\u00eda la puerta a que Raphinha ganase protagonismo<\/strong>. Sin embargo, seg\u00fan adelant\u00f3 RAC1, <strong>el brasile\u00f1o no ser\u00e1 de la partida tras haber llegado tarde al entrenamiento previo al choque<\/strong>, una indisciplina que no ha pasado por alto Hansi Flick.<\/p>\n<p class=\"parrafo\">El t\u00e9cnico alem\u00e1n ha optado por un giro inesperado en su plan ofensivo y <strong>ha decidido apostar por Roony Bardghji, de solo 19 a\u00f1os<\/strong>, como extremo de inicio. Una apuesta arriesgada en un partido clave de la cuarta jornada de LaLiga EA Sports, que pone de manifiesto la <strong>determinaci\u00f3n de Flick para imponer disciplina dentro del vestuario cul\u00e9<\/strong>.<\/p>\n<p><a class=\"elementos-rel-t2\" href=\"https:\/\/www.estadiodeportivo.com\/futbol\/barcelona\/gran-enfado-rfef-con-hansi-flick-por-lamine-yamal-20250914-512022.html\" title=\"Gran enfado de la Federaci\u00f3n con el FC Barcelona\" rel=\"nofollow noopener\" target=\"_blank\">Gran enfado de la Federaci\u00f3n con el FC Barcelona<img decoding=\"async\" src=\"https:\/\/www.europesays.com\/es\/wp-content\/uploads\/2025\/09\/2b797997-f312-4cde-98f1-b75755d730c0_320x180.jpeg\" alt=\"Gran enfado de la Federaci\u00f3n con el FC Barcelona\"\/><\/a><a class=\"elementos-rel-t2\" href=\"https:\/\/www.estadiodeportivo.com\/futbol\/barcelona\/decision-tomada-con-gavi-20250914-511997.html\" title=\"Decisi\u00f3n tomada con Gavi\" rel=\"nofollow noopener\" target=\"_blank\">Decisi\u00f3n tomada con Gavi<img decoding=\"async\" src=\"https:\/\/www.europesays.com\/es\/wp-content\/uploads\/2025\/09\/4577d82c-4735-4cfd-9c95-24b83144cf8b_320x180.jpeg\" alt=\"Decisi\u00f3n tomada con Gavi\"\/><\/a><a class=\"elementos-rel-t2\" href=\"https:\/\/www.estadiodeportivo.com\/futbol\/barcelona\/tremenda-rajada-flick-contra-luis-fuente-que-confirma-baja-lamine-yamal-20250913-511838.html\" title=\"Tremenda rajada de Flick contra Luis de la Fuente, que confirma la baja de Lamine Yamal\" rel=\"nofollow noopener\" target=\"_blank\">Tremenda rajada de Flick contra Luis de la Fuente, que confirma la baja de Lamine Yamal<img decoding=\"async\" src=\"https:\/\/www.europesays.com\/es\/wp-content\/uploads\/2025\/09\/19e6a9a4-2b00-44c4-8f1b-fa49ec1ad5ca_320x180.jpeg\" alt=\"Tremenda rajada de Flick contra Luis de la Fuente, que confirma la baja de Lamine Yamal\"\/><\/a>La situaci\u00f3n de Lamine Yamal preocupa en el club<\/p>\n<p class=\"parrafo\">El joven atacante, que <strong>brill\u00f3 con la selecci\u00f3n espa\u00f1ola con dos asistencias en los choques frente a Bulgaria y Turqu\u00eda<\/strong>, regres\u00f3 a Barcelona con problemas f\u00edsicos que le impiden entrenar y competir en el corto plazo. <a href=\"https:\/\/www.estadiodeportivo.com\/futbol\/barcelona\/grave-acusacion-del-barcelona-federacion-por-lesion-lamine-yamal-20250913-511908.html\" target=\"_blank\" class=\"intext-link\" rel=\"nofollow noopener\">El comunicado m\u00e9dico del Bar\u00e7a es claro<\/a>: \u201cSu evoluci\u00f3n marcar\u00e1 la disponibilidad para la vuelta a los entrenamientos\u201d. De momento, <strong>el canterano es baja contra el Valencia y seria duda para el decisivo duelo de la pr\u00f3xima semana ante el Newcastle en Champions League<\/strong>.<\/p>\n<p class=\"parrafo\">Por su parte, <strong>la figura de Raphinha no deja de estar en el centro de la pol\u00e9mica<\/strong>. No solo por el castigo disciplinario que le deja fuera del once esta noche, sino tambi\u00e9n por <strong>la gesti\u00f3n de sus minutos en la selecci\u00f3n de Brasil<\/strong>. El atacante disput\u00f3 media hora contra Bolivia en un partido de alta exigencia, lo que ha generado malestar en el club cul\u00e9, que recuerda c\u00f3mo otras estrellas como Rodrygo o Vin\u00edcius fueron liberadas de ese compromiso. <strong>En Barcelona se interpreta como un nuevo ejemplo de la \u201cdoble vara de medir\u201d<\/strong> aplicada por Carlo Ancelotti, seleccionador interino de la \u2018canarinha\u2019.<\/p>\n<p class=\"parrafo\">El choque contra el Valencia llega, por tanto, envuelto en ruido externo, adem\u00e1s del interno, <strong>despu\u00e9s de haber tenido que desplazar el encuentro hasta el Estadi Johan Cruyff<\/strong>. Flick dirige con mano dura una plantilla dise\u00f1ada para luchar por todo esta temporada. Despu\u00e9s del <strong>empate en Vallecas ante el Rayo y los apuros frente al Levante, el alem\u00e1n no tolerar\u00e1 m\u00e1s descuidos entre sus futbolistas<\/strong>. As\u00ed, el protagonismo esta noche, sorprendentemente, recaer\u00e1 en un adolescente llamado Roony Bardghji, llamado a aprovechar la oportunidad que le brinda la sanci\u00f3n interna a Raphinha.<\/p>\n","protected":false},"excerpt":{"rendered":"El FC Barcelona afronta el duelo de esta noche frente al Valencia CF con un contratiempo importante en&hellip;\n","protected":false},"author":2,"featured_media":115850,"comment_status":"","ping_status":"","sticky":false,"template":"","format":"standard","meta":{"footnotes":""},"categories":[93],"tags":[168,25,24,284,10116,4970,282,288,1945,23,167,5419],"class_list":{"0":"post-115849","1":"post","2":"type-post","3":"status-publish","4":"format-standard","5":"has-post-thumbnail","7":"category-deportes","8":"tag-deportes","9":"tag-es","10":"tag-espana","11":"tag-estadio-deportivo","12":"tag-f-c-barcelona","13":"tag-flick","14":"tag-futbol","15":"tag-laliga","16":"tag-primera-division","17":"tag-spain","18":"tag-sports","19":"tag-valencia-cf"},"share_on_mastodon":{"url":"","error":""},"_links":{"self":[{"href":"https:\/\/www.europesays.com\/es\/wp-json\/wp\/v2\/posts\/115849","targetHints":{"allow":["GET"]}}],"collection":[{"href":"https:\/\/www.europesays.com\/es\/wp-json\/wp\/v2\/posts"}],"about":[{"href":"https:\/\/www.europesays.com\/es\/wp-json\/wp\/v2\/types\/post"}],"author":[{"embeddable":true,"href":"https:\/\/www.europesays.com\/es\/wp-json\/wp\/v2\/users\/2"}],"replies":[{"embeddable":true,"href":"https:\/\/www.europesays.com\/es\/wp-json\/wp\/v2\/comments?post=115849"}],"version-history":[{"count":0,"href":"https:\/\/www.europesays.com\/es\/wp-json\/wp\/v2\/posts\/115849\/revisions"}],"wp:featuredmedia":[{"embeddable":true,"href":"https:\/\/www.europesays.com\/es\/wp-json\/wp\/v2\/media\/115850"}],"wp:attachment":[{"href":"https:\/\/www.europesays.com\/es\/wp-json\/wp\/v2\/media?parent=115849"}],"wp:term":[{"taxonomy":"category","embeddable":true,"href":"https:\/\/www.europesays.com\/es\/wp-json\/wp\/v2\/categories?post=115849"},{"taxonomy":"post_tag","embeddable":true,"href":"https:\/\/www.europesays.com\/es\/wp-json\/wp\/v2\/tags?post=115849"}],"curies":[{"name":"wp","href":"https:\/\/api.w.org\/{rel}","templated":true}]}}