{"id":115859,"date":"2025-09-15T04:42:13","date_gmt":"2025-09-15T04:42:13","guid":{"rendered":"https:\/\/www.europesays.com\/es\/115859\/"},"modified":"2025-09-15T04:42:13","modified_gmt":"2025-09-15T04:42:13","slug":"emmy-2025-the-pitt-adolescencia-y-the-studio-triunfan-en-una-gala-sosa-y-con-bardem-como-casi-unico-toque-politico-television","status":"publish","type":"post","link":"https:\/\/www.europesays.com\/es\/115859\/","title":{"rendered":"Emmy 2025: \u2018The Pitt\u2019, \u2018Adolescencia\u2019 y \u2018The Studio\u2019 triunfan en una gala sosa y con Bardem como casi \u00fanico toque pol\u00edtico | Televisi\u00f3n"},"content":{"rendered":"<p class=\"\">\u201cTelevisi\u00f3n. El medio m\u00e1s poderoso jam\u00e1s creado, visto por miles de millones de personas en el mundo\u201d. Con ese cartel, para dar paso a un sketch de humor, arrancaban los premios Emmy, que honran lo mejor de la televisi\u00f3n estadounidense. Quiz\u00e1 hoy esa m\u00e1xima sea discutible, con la llegada de internet, pero esta noche de domingo, en Estados Unidos, volvi\u00f3 a tener raz\u00f3n y relevancia.<\/p>\n<p>M\u00e1s informaci\u00f3n<\/p>\n<p class=\"\"><a href=\"https:\/\/elpais.com\/us\/entretenimiento\/2025-09-15\/todos-los-ganadores-de-los-premios-emmy-2025.html\" target=\"_blank\" rel=\"noreferrer nofollow noopener\" title=\"https:\/\/elpais.com\/us\/entretenimiento\/2025-09-15\/todos-los-ganadores-de-los-premios-emmy-2025.html\">La noche, con una gala anodina y escasamente pol\u00edtica,<\/a> con permiso del pa\u00f1uelo palestino de Javier Bardem, dej\u00f3 tres claros ganadores.<a href=\"https:\/\/elpais.com\/television\/2025-03-22\/los-misterios-de-la-adolescencia-se-tornan-muy-oscuros.html\" target=\"_self\" rel=\"nofollow noopener\" title=\"https:\/\/elpais.com\/television\/2025-03-22\/los-misterios-de-la-adolescencia-se-tornan-muy-oscuros.html\"> Adolescencia (Netflix) se convirti\u00f3 en un \u00e9xito<\/a> como miniserie, con seis premios de siete, dejando claro que esta ya no es en absoluto una categor\u00eda menor. The Pitt (HBO Max) se adelant\u00f3 como mejor drama a Separaci\u00f3n (Apple TV+), su competidora, gracias a tres premios, frente a dos <a href=\"https:\/\/elpais.com\/television\/2022-02-22\/separacion-la-inquietante-serie-de-ben-stiller-para-quienes-no-echan-de-menos-ir-la-oficina.html\" target=\"_blank\" rel=\"noreferrer nofollow noopener\" title=\"https:\/\/elpais.com\/television\/2022-02-22\/separacion-la-inquietante-serie-de-ben-stiller-para-quienes-no-echan-de-menos-ir-la-oficina.html\">del drama laboral creado por Ben Stiller<\/a>. \u201cA nuestro equipo, actores, a Noah Wyle, a nuestros amigos, familia&#8230; A todos los trabajadores de la salud y servicios de emergencia: respetadlos, protegedlos, confiad en ellos\u201d, clamaban sus responsables sobre el escenario.<a href=\"https:\/\/elpais.com\/television\/2025-03-26\/the-studio-se-adentra-en-la-locura-y-el-panico-de-los-despachos-de-hollywood.html\" target=\"_self\" rel=\"nofollow noopener\" title=\"https:\/\/elpais.com\/television\/2025-03-26\/the-studio-se-adentra-en-la-locura-y-el-panico-de-los-despachos-de-hollywood.html\"> The Studio (Apple TV+) triunf\u00f3 con cuatro premios<\/a>, entre ellos el de la mejor serie en categor\u00eda de comedia. \u201cEstoy avergonzado de lo feliz que me hace esto\u201d, afirm\u00f3 Seth Rogen al recoger el premio. Se lo dedic\u00f3 a decenas de personas, entre ellas Tim Cook, consejero delegado de Apple, entre el p\u00fablico. Pero, para decepci\u00f3n de los m\u00e1s cafeteros, no a Sal Saperstein. <\/p>\n<p>M\u00e1s informaci\u00f3n<\/p>\n<p class=\"\">En la gala, el primero en aparecer en el escenario fue el aplaudid\u00edsimo Stephen Colbert. Con <a href=\"https:\/\/elpais.com\/us\/entretenimiento\/2025-07-18\/the-late-show-with-stephen-colbert-acabara-en-mayo-de-2026-y-no-tendra-reemplazo-en-las-noches-de-cbs.html\" target=\"_self\" rel=\"nofollow noopener\" title=\"https:\/\/elpais.com\/us\/entretenimiento\/2025-07-18\/the-late-show-with-stephen-colbert-acabara-en-mayo-de-2026-y-no-tendra-reemplazo-en-las-noches-de-cbs.html\">su show cancelado de cara a la pr\u00f3xima primavera <\/a>y con <a href=\"https:\/\/elpais.com\/television\/2025-07-20\/stephen-colbert-el-comico-antitrumpista-cuyo-despido-supone-el-fin-de-una-era-en-television.html\" target=\"_self\" rel=\"nofollow noopener\" title=\"https:\/\/elpais.com\/television\/2025-07-20\/stephen-colbert-el-comico-antitrumpista-cuyo-despido-supone-el-fin-de-una-era-en-television.html\">su nombre en el centro de la conversaci\u00f3n medi\u00e1tica<\/a>, el presentador se arranc\u00f3 con un \u201c\u00bfalguno est\u00e1is contratando?\u201c, y pas\u00f3 a ense\u00f1ar su curriculum, con una foto tan viejecita que estaba en blanco y negro. \u201dHarrison Ford, \u00bfte importa d\u00e1rselo a Spielberg?\u201c, le pidi\u00f3 al actor, que se llev\u00f3 el curriculum. No hab\u00eda tanto de lo que quejarse: luego ganar\u00eda. <\/p>\n<p><img alt=\"R. Scott Gemmill, creador de 'The Pitt', recoge el Emmy a mejor drama por su serie.\" decoding=\"auto\" class=\"_re lazyload a_m-h\" height=\"276\"  width=\"414\"  src=\"https:\/\/www.europesays.com\/es\/wp-content\/uploads\/2025\/09\/EER6HTJF6FF2XN37J7OXEXIVLQ.jpg\" loading=\"lazy\"\/>R. Scott Gemmill, creador de &#8216;The Pitt&#8217;, recoge el Emmy a mejor drama por su serie.Chris Pizzello (Invision\/AP)<\/p>\n<p class=\"\">Colbert le dio el primer premio de la noche, el de mejor actor protagonista de comedia, a Seth Rogen, por The Studio. El siguiente, mejor actriz de comedia, lo entreg\u00f3 otra estrella de la misma, Jennifer Coolidge. \u201cEntre nosotros, esperaba estar nominada por The Pitt\u201d, bromeaba. Se lo llev\u00f3, de nuevo,<a href=\"https:\/\/elpais.com\/gente\/2022-09-28\/el-jeanacimiento-de-jean-smart-cuando-tener-una-carrera-de-40-anos-de-exitos-no-es-incompatible-con-resurgir-a-lo-grande.html\" target=\"_self\" rel=\"nofollow noopener\" title=\"https:\/\/elpais.com\/gente\/2022-09-28\/el-jeanacimiento-de-jean-smart-cuando-tener-una-carrera-de-40-anos-de-exitos-no-es-incompatible-con-resurgir-a-lo-grande.html\"> Jean Smart, por Hacks,<\/a> que lo recibi\u00f3 mientras estaba entre bambalinas. A sus 74 a\u00f1os y con un problema en la rodilla, asegur\u00f3 que una de las mejores cosas de recibir el galard\u00f3n, el s\u00e9ptimo de su carrera y el cuarto por el mismo personaje, era poder agradecerlo a toda la gente estupenda que trabaja con ella. \u201cSeamos buenos los unos con los otros\u201d, dijo tibiamente. Su compa\u00f1era Hannah Einbinder, en cambio, debut\u00f3 como ganadora, pese a estar nominada a\u00f1o tras a\u00f1o. Y se lo dedic\u00f3 a su compa\u00f1era Smart. En una gala escasa en proclamas pol\u00edticas, fue la \u00fanica que dijo sobre el escenario: \u201cFree Palestine\u201d, \u201cPalestina libre\u201d. <\/p>\n<p class=\"\">En comedia, la sorpresa lleg\u00f3 con el mejor actor de reparto. Se lo llev\u00f3 Jeff Hiller por Somebody Somewhere, de manera inesperada. \u201cGracias a HBO por ponernos en la misma plataforma que los adolescentes sexis de Euphoria\u201d, afirmaba emocionado. \u201cGracias a mis amigos y mi marido por no re\u00edrse nunca de m\u00ed\u201d.<\/p>\n<p><img alt=\"Seth Rogen, con sus dos Emmy, a mejor actor y a mejor guion de comedia por 'The Studio'.\" decoding=\"auto\" class=\"_re lazyload a_m-h\" height=\"276\"  width=\"414\"  src=\"https:\/\/www.europesays.com\/es\/wp-content\/uploads\/2025\/09\/F5KQ2D5QU5HMHARTR3TURIDOHI.jpg\" loading=\"lazy\"\/>Seth Rogen, con sus dos Emmy, a mejor actor y a mejor guion de comedia por &#8216;The Studio&#8217;.Richard Shotwell (Invision\/AP)<\/p>\n<p class=\"\">En cuanto a drama, un Noah Wyle emocionado se lo llev\u00f3 por The Pitt, frente a una dura competencia. Se lo dedic\u00f3 a todo el equipo de la serie, a sus hijos, sus padres, sus padrastros, su esposa. \u201cY a todos los que est\u00e1n de turno esta noche, que salen o que van a entrar, que est\u00e1n ah\u00ed para todos por todos los dem\u00e1s\u201d, afirm\u00f3 en referencia a todos los trabajadores hospitalarios. Como actriz de reparto se lo llev\u00f3 Katherine LaNasa por su humano papel de <a href=\"https:\/\/elpais.com\/television\/2025-02-16\/the-pitt-cuando-una-estresante-serie-de-urgencias-medicas-se-graba-en-un-mas-estresante-tiempo-real.html\" target=\"_self\" rel=\"nofollow noopener\" title=\"https:\/\/elpais.com\/television\/2025-02-16\/the-pitt-cuando-una-estresante-serie-de-urgencias-medicas-se-graba-en-un-mas-estresante-tiempo-real.html\">una enfermera de urgencias en The Pitt<\/a>. Se lo dedic\u00f3 a toda la familia de la serie y a su compa\u00f1ero Wyle, emocionado hasta las l\u00e1grimas. La que peor acab\u00f3 fue The White Lotus, que ten\u00eda a cuatro nominadas entre las seis actrices de reparto y tres en actor de reparto, pero finalmente se fue de vac\u00edo.<\/p>\n<p class=\"\">Separaci\u00f3n tambi\u00e9n se llev\u00f3 a dos para sus actores. La hasta ahora casi desconocida Britt Lower, que interpreta a la compleja Helly R. en la ficci\u00f3n de Apple TV+, gan\u00f3 el de mejor actriz principal y se lo dedic\u00f3 a los suyos y al equipo: \u201cGracias por Helly R., gracias por escogerme\u201d, dec\u00eda, sin terminar de cre\u00e9rselo, y con un gui\u00f1o a su papel: en la nota donde ten\u00eda escrito su discurso, se le\u00eda \u201cLet me out\u201d, \u201cS\u00e1came de aqu\u00ed\u201d. Actor de reparto fue para su compa\u00f1ero Tramell Tillman. \u201cMam\u00e1, estuviste ah\u00ed cuando nadie m\u00e1s estuvo. Tu amor y cari\u00f1o est\u00e1n conmigo\u201d, le dedic\u00f3 a su madre, su primera coach de actuaci\u00f3n, en el p\u00fablico. Era el primer hombre negro en ganar en su categor\u00eda.<\/p>\n<p><img alt=\"Katherine LaNasa, ganadora del premio a mejor actriz de reparto en serie dram\u00e1tica por &quot;The Pitt&quot;\" decoding=\"auto\" class=\"_re lazyload a_m-h\" height=\"275\"  width=\"414\"  src=\"https:\/\/www.europesays.com\/es\/wp-content\/uploads\/2025\/09\/S5X6FYAMLBDTLHKUMRX4SQJM5E.jpg\" loading=\"lazy\"\/>Katherine LaNasa, ganadora del premio a mejor actriz de reparto en serie dram\u00e1tica por \u00abThe Pitt\u00bbRichard Shotwell (Invision\/AP)<\/p>\n<p class=\"\">En cuanto a miniserie, como era de esperar, <a href=\"https:\/\/elpais.com\/television\/2025-03-14\/adolescencia-la-mejor-serie-de-netflix-en-lo-que-va-de-ano-ya-se-ha-estrenado.html\" target=\"_self\" rel=\"nofollow noopener\" title=\"https:\/\/elpais.com\/television\/2025-03-14\/adolescencia-la-mejor-serie-de-netflix-en-lo-que-va-de-ano-ya-se-ha-estrenado.html\">arras\u00f3 el drama de Netflix Adolescencia<\/a>. \u201cEsta fue una gran colaboraci\u00f3n, de una hermosa familia\u201d, asegur\u00f3 Stephen Graham, su creador, guionista y protagonista, destacando c\u00f3mo en la producci\u00f3n se hab\u00eda tratado a todo el mundo por igual. \u201cSi eres el tipo que limpia los ba\u00f1os o prepara los bagels, todos somos iguales\u201d.<\/p>\n<p class=\"\">Fue su segunda vez en el escenario, porque tambi\u00e9n recogi\u00f3 el de mejor actor protagonista. El fino y dur\u00edsimo trabajo de Graham como Eddie Miller, el padre que lleva el peso del primer y \u00faltimo cap\u00edtulo de la serie, fue reconocido. \u201cHay mucha gente a la que agradec\u00e9rselo\u201d, aseguraba, citando a sus compa\u00f1eros, sus amigos, su familia y su esposa, que lloraba en el patio de butacas: \u201cEres mi roca, eres mi alma gemela, sin ti estar\u00eda muerto\u201d. <\/p>\n<p class=\"\">\u201cHace tres a\u00f1os, yo no era nadie\u201d, afirmaba Owen Cooper, de apenas 15 a\u00f1os, el ganador a mejor actor de reparto m\u00e1s joven de la historia de los Emmy, de hecho, el hombre de menos edad en ganar de los premios. \u201cNada es imposible\u201d. Adem\u00e1s, tambi\u00e9n Erin Doherty, la psic\u00f3loga del tercer cap\u00edtulo, gan\u00f3 a mejor actriz de reparto. <\/p>\n<p><img alt=\"Owen Cooper, mejor actor protagonista en miniserie por 'Adolescencia' en los Emmy de 2025.\" decoding=\"auto\" class=\"_re lazyload a_m-h\" height=\"277\"  width=\"414\"  src=\"https:\/\/www.europesays.com\/es\/wp-content\/uploads\/2025\/09\/6H63F7YPJZCNXP7HSBIV5YRL5I.jpg\" loading=\"lazy\"\/>Owen Cooper, mejor actor protagonista en miniserie por &#8216;Adolescencia&#8217; en los Emmy de 2025.Chris Pizzello (Invision\/AP)<\/p>\n<p class=\"\">Solo se escap\u00f3 del arrollador carril de los premios de Adolescencia una emocionada <a href=\"https:\/\/elpais.com\/television\/2024-09-01\/el-pinguino-agatha-quien-si-no-y-otras-series-recomendadas-para-septiembre.html\" target=\"_self\" rel=\"nofollow noopener\" title=\"https:\/\/elpais.com\/television\/2024-09-01\/el-pinguino-agatha-quien-si-no-y-otras-series-recomendadas-para-septiembre.html\">Cristin Milioti por El ping\u00fcino<\/a>, y se lo dedic\u00f3 a su familia, amigos, HBO, agentes, compa\u00f1eros&#8230; \u201c\u00a1Os amo, amo actuar, aaaahhhhhhhhhh!\u201c, grit\u00f3 sobre el escenario, arrugando el papel donde llevaba su discurso. <\/p>\n<p class=\"\">Los premios a mejor direcci\u00f3n y guion estuvieron m\u00e1s repartidos. En direcci\u00f3n de comedia, volvi\u00f3 a subir al escenario Seth Rogen por The Studio. En mejor direcci\u00f3n de una serie limitada, hab\u00eda seis candidatos, cinco mujeres y un hombre&#8230; que se lo llev\u00f3. Fue para Philip Barantini por Adolescencia. La sorpresa la dio, en drama, Adam Randall, por la cuarta temporada de Slow Horses. El propio Gary Oldman, protagonista de la serie de esp\u00edas, aplaud\u00eda despacio, desencajado de sorpresa. <\/p>\n<p class=\"\">Los premios a mejor guion tambi\u00e9n fueron variados. El de mejor guion de drama se lo llev\u00f3 Dan Gilroy por Andor; el de comedia, de nuevo, para The Studio, y el de serie limitada, Adolescencia.<\/p>\n<p><img alt=\"Stephen Colbert recoge su Emmy con el equipo de 'The Late Show with Stephen Colbert'.\" decoding=\"auto\" class=\"_re lazyload a_m-h\" height=\"276\"  width=\"414\"  src=\"https:\/\/www.europesays.com\/es\/wp-content\/uploads\/2025\/09\/XR7MPZMBUBE4HFFYPK2EHV2WGE.jpg\" loading=\"lazy\"\/>Stephen Colbert recoge su Emmy con el equipo de &#8216;The Late Show with Stephen Colbert&#8217;.Chris Pizzello (Invision\/AP)<\/p>\n<p class=\"\">Tras a\u00f1os detr\u00e1s de \u00e9l, por fin Stephen Colbert se llev\u00f3 el Emmy a mejor talk series, subiendo al escenario a decenas de sus colaboradores y bajo la ovaci\u00f3n de todos los presentes. \u201cA veces solo sabes cu\u00e1nto amas algo cuando est\u00e1s a punto de perderlo\u201d, dijo sobre su programa. \u201cAmo a mi pa\u00eds\u201d, asegur\u00f3. \u201cSi el ascensor te quiere mandar para abajo, aprieta el bot\u00f3n del piso de arriba\u201d. <\/p>\n<p class=\"\">El <a href=\"https:\/\/elpais.com\/television\/2025-02-17\/en-vivo-desde-nueva-york-y-con-un-buen-monton-de-famosos-saturday-night-live-cumple-50-anos.html\" target=\"_self\" rel=\"nofollow noopener\" title=\"https:\/\/elpais.com\/television\/2025-02-17\/en-vivo-desde-nueva-york-y-con-un-buen-monton-de-famosos-saturday-night-live-cumple-50-anos.html\">especial por el 50\u00ba aniversario de Saturday Night Live<\/a> gan\u00f3 el Emmy a mejor programa de variedades; The Traitors, el de mejor reality show de competici\u00f3n. El premio de honor Bob Hope fue a parar a Ted Danson y Mary Steenburgen, actores y matrimonio desde hace 30 a\u00f1os, por su contribuci\u00f3n a la protecci\u00f3n de diversas causas, como los ni\u00f1os y los oc\u00e9anos. \u201cMi padre era arque\u00f3logo y siempre me dijo que esta vida no va solo sobre nosotros mismos\u201d, afirm\u00f3 Danson. \u201cSed \u00fatiles ayudando con organizaciones\u201d, pidi\u00f3 Steenburgen. <\/p>\n<p class=\"\">Adem\u00e1s de con el in memoriam, donde se record\u00f3 <a href=\"https:\/\/elpais.com\/gente\/2025-07-04\/muere-el-actor-australiano-julian-mcmahon-a-los-56-anos.html\" target=\"_self\" rel=\"nofollow noopener\" title=\"https:\/\/elpais.com\/gente\/2025-07-04\/muere-el-actor-australiano-julian-mcmahon-a-los-56-anos.html\">a Julian McMahon<\/a>, <a href=\"https:\/\/elpais.com\/cultura\/2024-09-27\/muere-la-actriz-maggie-smith-ganadora-de-dos-oscar-a-los-89-anos.html\" target=\"_self\" rel=\"nofollow noopener\" title=\"https:\/\/elpais.com\/cultura\/2024-09-27\/muere-la-actriz-maggie-smith-ganadora-de-dos-oscar-a-los-89-anos.html\">Maggie Smith<\/a>, <a href=\"https:\/\/elpais.com\/cultura\/2025-07-22\/muere-a-los-76-anos-el-musico-ozzy-osbourne.html\" target=\"_self\" rel=\"nofollow noopener\" title=\"https:\/\/elpais.com\/cultura\/2025-07-22\/muere-a-los-76-anos-el-musico-ozzy-osbourne.html\">Ozzy Osbourne<\/a>, <a href=\"https:\/\/elpais.com\/cultura\/2025-01-16\/muere-david-lynch-el-legendario-director-de-clasicos-como-terciopelo-azul-y-twin-peaks.html\" target=\"_self\" rel=\"nofollow noopener\" title=\"https:\/\/elpais.com\/cultura\/2025-01-16\/muere-david-lynch-el-legendario-director-de-clasicos-como-terciopelo-azul-y-twin-peaks.html\">David Lynch<\/a> o <a href=\"https:\/\/elpais.com\/gente\/2025-02-26\/muere-la-actriz-michelle-trachtenberg-protagonista-de-gossip-girl-y-buffy-cazavampiros.html\" target=\"_self\" rel=\"nofollow noopener\" title=\"https:\/\/elpais.com\/gente\/2025-02-26\/muere-la-actriz-michelle-trachtenberg-protagonista-de-gossip-girl-y-buffy-cazavampiros.html\">Michelle Trachtenberg<\/a>, los otros tres mejores momentos fueron gracias a la nostalgia. El primero, por Las chicas de oro, con varias cantantes estadounidenses entonando el tema principal, Thank You for Being a Friend en la cl\u00e1sica cocina de la serie, que cumple cuatro d\u00e9cadas. El segundo, el que se hizo a Las chicas Gilmore, con sus protagonistas, Lauren Graham y Alexis Bledel, juntas sobre el escenario y sobre el porche de su c\u00e9lebre casa en la serie para presentar un premio. M\u00e1s adelante, ya al final de la gala, vendr\u00eda el homenaje a Ley y Orden.<\/p>\n<p><img alt=\"Alexis Bledel y Lauren Graham, protagonistas de 'Las chicas Gilmore', en los Emmy de 2025.\" decoding=\"auto\" class=\"_re lazyload a_m-h\" height=\"276\"  width=\"414\"  src=\"https:\/\/www.europesays.com\/es\/wp-content\/uploads\/2025\/09\/5XNXCU3ZDRB77GGZS5HZLD2UGU.jpg\" loading=\"lazy\"\/>Alexis Bledel y Lauren Graham, protagonistas de &#8216;Las chicas Gilmore&#8217;, en los Emmy de 2025.Monica Schipper (WireImage\/Getty)<\/p>\n<p class=\"\">Cris Abrego, el presidente de la Academia de la Televisi\u00f3n, abog\u00f3 por la televisi\u00f3n p\u00fablica, explicando que muchas peque\u00f1as cadenas locales se han perdido por falta de la financiaci\u00f3n del Congreso, con abucheos al mismo por parte del p\u00fablico. \u201cLa televisi\u00f3n y sus artistas dan forma a nuestra cultura\u201d, afirm\u00f3 el primer latino en presidir la Academia. \u201cEn momentos como estos, la neutralidad no es suficiente. Debemos tener empat\u00eda. Porque sabemos que la cultura no va de arriba abajo, sino de abajo hacia arriba\u201d, ha asegurado. \u201cCon la diversidad llega la fuerza y la imaginaci\u00f3n para seguir adelante. Sigamos creando historia. Asegur\u00e9monos de que la cultura no es una plataforma para los privilegiados\u201d. Fue de los pocos discursos pol\u00edticos de la noche. <\/p>\n<p class=\"\">La gala como tal estuvo desprovista de sorpresas y de momentos brillantes. Lo que m\u00e1s destac\u00f3 del espect\u00e1culo presentado por Nate Bargatze fue un contador para evitar que los ganadores hablaran m\u00e1s de 45 segundos: de entrada, ten\u00eda 100.000 d\u00f3lares que se destinar\u00edan a una asociaci\u00f3n infantil. Pero si sobre el escenario alguien se pasaba con el tiempo, el dinero se descontaba: mil d\u00f3lares menos por segundo. Pese a las aportaciones en directo, acab\u00f3 cayendo hasta los 60.000 d\u00f3lares negativos. Al final, remont\u00f3 a los 350.000, con donaciones del presentador y la cadena CBS. Porque, al final, lo que cuenta es el espect\u00e1culo. <\/p>\n","protected":false},"excerpt":{"rendered":"\u201cTelevisi\u00f3n. El medio m\u00e1s poderoso jam\u00e1s creado, visto por miles de millones de personas en el mundo\u201d. Con&hellip;\n","protected":false},"author":2,"featured_media":115860,"comment_status":"","ping_status":"","sticky":false,"template":"","format":"standard","meta":{"footnotes":""},"categories":[5],"tags":[1014,1015,17,18,25,24,629,256,13,14,11,19,20,9,10,15,16,532,38533,19245,23,807,12,21,22],"class_list":{"0":"post-115859","1":"post","2":"type-post","3":"status-publish","4":"format-standard","5":"has-post-thumbnail","7":"category-titulares","8":"tag-actores","9":"tag-actrices","10":"tag-breaking-news","11":"tag-breakingnews","12":"tag-es","13":"tag-espana","14":"tag-estados-unidos","15":"tag-famosos","16":"tag-featured-news","17":"tag-featurednews","18":"tag-headlines","19":"tag-latest-news","20":"tag-latestnews","21":"tag-news","22":"tag-noticias","23":"tag-noticias-destacadas","24":"tag-noticiasdestacadas","25":"tag-premios","26":"tag-premios-emmy","27":"tag-series-americanas","28":"tag-spain","29":"tag-television","30":"tag-titulares","31":"tag-ultimas-noticias","32":"tag-ultimasnoticias"},"share_on_mastodon":{"url":"","error":""},"_links":{"self":[{"href":"https:\/\/www.europesays.com\/es\/wp-json\/wp\/v2\/posts\/115859","targetHints":{"allow":["GET"]}}],"collection":[{"href":"https:\/\/www.europesays.com\/es\/wp-json\/wp\/v2\/posts"}],"about":[{"href":"https:\/\/www.europesays.com\/es\/wp-json\/wp\/v2\/types\/post"}],"author":[{"embeddable":true,"href":"https:\/\/www.europesays.com\/es\/wp-json\/wp\/v2\/users\/2"}],"replies":[{"embeddable":true,"href":"https:\/\/www.europesays.com\/es\/wp-json\/wp\/v2\/comments?post=115859"}],"version-history":[{"count":0,"href":"https:\/\/www.europesays.com\/es\/wp-json\/wp\/v2\/posts\/115859\/revisions"}],"wp:featuredmedia":[{"embeddable":true,"href":"https:\/\/www.europesays.com\/es\/wp-json\/wp\/v2\/media\/115860"}],"wp:attachment":[{"href":"https:\/\/www.europesays.com\/es\/wp-json\/wp\/v2\/media?parent=115859"}],"wp:term":[{"taxonomy":"category","embeddable":true,"href":"https:\/\/www.europesays.com\/es\/wp-json\/wp\/v2\/categories?post=115859"},{"taxonomy":"post_tag","embeddable":true,"href":"https:\/\/www.europesays.com\/es\/wp-json\/wp\/v2\/tags?post=115859"}],"curies":[{"name":"wp","href":"https:\/\/api.w.org\/{rel}","templated":true}]}}