{"id":115861,"date":"2025-09-15T04:43:09","date_gmt":"2025-09-15T04:43:09","guid":{"rendered":"https:\/\/www.europesays.com\/es\/115861\/"},"modified":"2025-09-15T04:43:09","modified_gmt":"2025-09-15T04:43:09","slug":"las-infantiles-y-los-juveniles-del-bm-lalin-jugaran-en-la-liga-ouro","status":"publish","type":"post","link":"https:\/\/www.europesays.com\/es\/115861\/","title":{"rendered":"Las infantiles y los juveniles del BM Lal\u00edn jugar\u00e1n en la Liga Ouro"},"content":{"rendered":"<p class=\"ft-text\">La prol\u00edfica cantera del Balonm\u00e1n Lal\u00edn hizo doblete este fin de semana en sendos play-off que colocan a las infantiles y los juveniles en la pr\u00f3xima temporada de la Liga Ouro auton\u00f3mica. Las chicas del Prefabricados Faro entrenadas por Iago y Danijela Savic se hicieron con la plaza despu\u00e9s de empatar a 24 tantos con el Gaspo Occident Cangas en el \u00faltimo partido de la promoci\u00f3n disputado en la pista del pabell\u00f3n del IES Rodeira de la capital de O Morrazo.<\/p>\n<p><img decoding=\"async\" src=\"https:\/\/www.europesays.com\/es\/wp-content\/uploads\/2025\/09\/3a288936-3560-410c-af7c-b876a6dee968_alta-libre-aspect-ratio_default_0.jpg\" width=\"1200\" height=\"774\" alt=\"Las infantiles y los juveniles del BM Lal\u00edn jugar\u00e1n en la Liga Ouro\" class=\"ft-helper-img-rd\" loading=\"lazy\" hasdataaida=\"true\"\/><\/p>\n<p class=\"ft-helper-fontColor-quaternary ft-helper-fontSize-body-S ft-helper-spacer-t-xxs\">Las infantiles y los juveniles del BM Lal\u00edn jugar\u00e1n en la Liga Ouro <\/p>\n<p class=\"ft-text\">Por su parte, los jugadores Embutidos Lalinense juvenil masculino se alzaron con la victoria tambi\u00e9n en el \u00faltimo partido del play-off (33-27), el que les enfrent\u00f3 al Celtamotor Reconquista de Vigo. Los pupilos de Pachi y Berta Gonz\u00e1lez se mostraron intratables durante las tres jornadas de la competici\u00f3n celebrada en el Lal\u00edn Arena. Los rojinegros nunca dieron opciones a sus rivales ol\u00edvicos demostrando ser el conjunto m\u00e1s fuerte de todos los que disputaron el torneo que dar\u00e1 paso a una nueva temporada en la Liga Ouro con presencia lalinista tanto masculina como femenina.<\/p>\n<p><a id=\"comments\" name=\"comments\" title=\"\" class=\"ft-anchor ft-anchor--absolute ft-helper-spacer-voffset-xlg\" rel=\"\"><\/a><\/p>\n","protected":false},"excerpt":{"rendered":"La prol\u00edfica cantera del Balonm\u00e1n Lal\u00edn hizo doblete este fin de semana en sendos play-off que colocan a&hellip;\n","protected":false},"author":2,"featured_media":115862,"comment_status":"","ping_status":"","sticky":false,"template":"","format":"standard","meta":{"footnotes":""},"categories":[278],"tags":[1782,376,383,2512,168,25,24,375,10884,36612,18161,22504,23,167],"class_list":{"0":"post-115861","1":"post","2":"type-post","3":"status-publish","4":"format-standard","5":"has-post-thumbnail","7":"category-balonmano","8":"tag-balonman-lalin","9":"tag-balonmano","10":"tag-bm","11":"tag-cantera","12":"tag-deportes","13":"tag-es","14":"tag-espana","15":"tag-handball","16":"tag-infantiles","17":"tag-jugaran","18":"tag-juveniles","19":"tag-lalin","20":"tag-spain","21":"tag-sports"},"share_on_mastodon":{"url":"","error":""},"_links":{"self":[{"href":"https:\/\/www.europesays.com\/es\/wp-json\/wp\/v2\/posts\/115861","targetHints":{"allow":["GET"]}}],"collection":[{"href":"https:\/\/www.europesays.com\/es\/wp-json\/wp\/v2\/posts"}],"about":[{"href":"https:\/\/www.europesays.com\/es\/wp-json\/wp\/v2\/types\/post"}],"author":[{"embeddable":true,"href":"https:\/\/www.europesays.com\/es\/wp-json\/wp\/v2\/users\/2"}],"replies":[{"embeddable":true,"href":"https:\/\/www.europesays.com\/es\/wp-json\/wp\/v2\/comments?post=115861"}],"version-history":[{"count":0,"href":"https:\/\/www.europesays.com\/es\/wp-json\/wp\/v2\/posts\/115861\/revisions"}],"wp:featuredmedia":[{"embeddable":true,"href":"https:\/\/www.europesays.com\/es\/wp-json\/wp\/v2\/media\/115862"}],"wp:attachment":[{"href":"https:\/\/www.europesays.com\/es\/wp-json\/wp\/v2\/media?parent=115861"}],"wp:term":[{"taxonomy":"category","embeddable":true,"href":"https:\/\/www.europesays.com\/es\/wp-json\/wp\/v2\/categories?post=115861"},{"taxonomy":"post_tag","embeddable":true,"href":"https:\/\/www.europesays.com\/es\/wp-json\/wp\/v2\/tags?post=115861"}],"curies":[{"name":"wp","href":"https:\/\/api.w.org\/{rel}","templated":true}]}}