{"id":115893,"date":"2025-09-15T05:03:08","date_gmt":"2025-09-15T05:03:08","guid":{"rendered":"https:\/\/www.europesays.com\/es\/115893\/"},"modified":"2025-09-15T05:03:08","modified_gmt":"2025-09-15T05:03:08","slug":"que-se-sabe-de-la-incursion-de-drones-rusos-en-polonia-y-de-la-respuesta-que-dio-la-otan-el-pais-expres","status":"publish","type":"post","link":"https:\/\/www.europesays.com\/es\/115893\/","title":{"rendered":"Qu\u00e9 se sabe de la incursi\u00f3n de drones rusos en Polonia (y de la respuesta que dio la OTAN) | El PA\u00cdS Expr\u00e9s"},"content":{"rendered":"<p>GUERRA DE RUSIA EN UCRANIA<\/p>\n<p><img fetchpriority=\"high\" alt=\"FOTODELD\u00cdA Lask (Polonia), 11\/09\/2025.- El primer ministro polaco, Donald Tusk, comparece ante los medios de comunicaci\u00f3n durante una visita a la 32.\u00aa Base A\u00e9rea T\u00e1ctica de Lask, Polonia, este jueves. Tusk agradeci\u00f3 al personal de la fuerza a\u00e9rea un d\u00eda despu\u00e9s de que el ej\u00e9rcito derribara drones rusos que violaban el espacio a\u00e9reo polaco. EFE\/ Marian Zubrzycki POLAND OUT&#13;&#10;\" decoding=\"auto\" class=\"_re  a_m-h\" height=\"414\"  width=\"414\"  src=\"https:\/\/www.europesays.com\/es\/wp-content\/uploads\/2025\/09\/FP547PZI3VBHZARE53CD4YGCA4.jpg\" loading=\"eager\"\/>FOTODELD\u00cdA Lask (Polonia), 11\/09\/2025.- El primer ministro polaco, Donald Tusk, comparece ante los medios de comunicaci\u00f3n durante una visita a la 32.\u00aa Base A\u00e9rea T\u00e1ctica de Lask, Polonia, este jueves. Tusk agradeci\u00f3 al personal de la fuerza a\u00e9rea un d\u00eda despu\u00e9s de que el ej\u00e9rcito derribara drones rusos que violaban el espacio a\u00e9reo polaco. EFE\/ Marian Zubrzycki POLAND OUT&#13;<br \/>\nFoto: Marian Zubrzycki (EFE)<\/p>\n<p class=\"\">El 9 de septiembre, Rusia lanz\u00f3 m\u00e1s de 400 drones contra Ucrania, de los cuales 19 entraron en el espacio a\u00e9reo polaco. Fue el primer d\u00eda en la historia de la OTAN en que se derribaron aparatos enemigos en un pa\u00eds miembro. <\/p>\n<p class=\"\"><b>\u00bfC\u00f3mo fue la intervenci\u00f3n militar?<\/b><\/p>\n<ul>\n<li>A partir de las 20.35 se desplegaron aviones de vigilancia y helic\u00f3pteros en la frontera. <\/li>\n<li>A las 21.45 se cerr\u00f3 el aeropuerto de Lublin y poco despu\u00e9s se sum\u00f3 un avi\u00f3n esp\u00eda italiano.<\/li>\n<li>A las 23.00, Varsovia clausur\u00f3 tambi\u00e9n sus aeropuertos principales, mientras los radares Patriot detectaban los drones. <\/li>\n<li>A las 23.30 se produjo la primera incursi\u00f3n en Polonia, coincidiendo con la operaci\u00f3n de un caza neerland\u00e9s reabastecido en vuelo.<\/li>\n<\/ul>\n<p class=\"\"><b>\u00bfHasta d\u00f3nde llegaron los drones? <\/b>Los restos aparecieron en zonas alejadas, incluso a 450 kil\u00f3metros de la frontera. El ej\u00e9rcito polaco prioriz\u00f3 interceptar solo los aparatos con potencial destructivo, evitando disparar en \u00e1reas pobladas y dejando pasar objetivos menores.<\/p>\n<p class=\"\"><b>\u00bfPor d\u00f3nde entraron? <\/b>El Gobierno polaco confirm\u00f3 que algunos drones proced\u00edan de Ucrania y otros de Bielorrusia, algo in\u00e9dito. <\/p>\n<ul>\n<li>El primer ministro polaco, Donald Tusk, vincul\u00f3 el hecho con los ejercicios militares que Rusia y Bielorrusia ejecutan cada cuatro a\u00f1os y donde ensaya la respuesta a una agresi\u00f3n de un pa\u00eds de la OTAN.<\/li>\n<\/ul>\n<p class=\"\">\u00a9Foto: Marian Zubrzycki (EFE)<\/p>\n<p class=\"\"><a href=\"https:\/\/elpais.com\/internacional\/2025-09-15\/que-revelan-los-datos-de-los-aviones-de-la-otan-sobre-el-derribo-de-los-drones-rusos.html\" target=\"_self\" rel=\"nofollow noopener\" title=\"https:\/\/elpais.com\/internacional\/2025-09-15\/que-revelan-los-datos-de-los-aviones-de-la-otan-sobre-el-derribo-de-los-drones-rusos.html\">Si quieres saber m\u00e1s, puedes leer aqu\u00ed.<\/a><\/p>\n","protected":false},"excerpt":{"rendered":"GUERRA DE RUSIA EN UCRANIA FOTODELD\u00cdA Lask (Polonia), 11\/09\/2025.- El primer ministro polaco, Donald Tusk, comparece ante los&hellip;\n","protected":false},"author":2,"featured_media":115894,"comment_status":"","ping_status":"","sticky":false,"template":"","format":"standard","meta":{"footnotes":""},"categories":[42],"tags":[17,18,1616,15971,700,13,14,69,7082,11,61,62,63,64,19,20,9,10,15,16,1613,7027,1614,12,7081,21,22,1617,38903,65,66,67],"class_list":{"0":"post-115893","1":"post","2":"type-post","3":"status-publish","4":"format-standard","5":"has-post-thumbnail","7":"category-internacional","8":"tag-breaking-news","9":"tag-breakingnews","10":"tag-defensa","11":"tag-ejercito-aire","12":"tag-europa","13":"tag-featured-news","14":"tag-featurednews","15":"tag-guerra","16":"tag-guerra-de-rusia-en-ucrania","17":"tag-headlines","18":"tag-internacional","19":"tag-international","20":"tag-international-news","21":"tag-internationalnews","22":"tag-latest-news","23":"tag-latestnews","24":"tag-news","25":"tag-noticias","26":"tag-noticias-destacadas","27":"tag-noticiasdestacadas","28":"tag-otan","29":"tag-polonia","30":"tag-rusia","31":"tag-titulares","32":"tag-ucrania","33":"tag-ultimas-noticias","34":"tag-ultimasnoticias","35":"tag-union-europea","36":"tag-vladimir-padrino-lopez","37":"tag-world","38":"tag-world-news","39":"tag-worldnews"},"share_on_mastodon":{"url":"","error":""},"_links":{"self":[{"href":"https:\/\/www.europesays.com\/es\/wp-json\/wp\/v2\/posts\/115893","targetHints":{"allow":["GET"]}}],"collection":[{"href":"https:\/\/www.europesays.com\/es\/wp-json\/wp\/v2\/posts"}],"about":[{"href":"https:\/\/www.europesays.com\/es\/wp-json\/wp\/v2\/types\/post"}],"author":[{"embeddable":true,"href":"https:\/\/www.europesays.com\/es\/wp-json\/wp\/v2\/users\/2"}],"replies":[{"embeddable":true,"href":"https:\/\/www.europesays.com\/es\/wp-json\/wp\/v2\/comments?post=115893"}],"version-history":[{"count":0,"href":"https:\/\/www.europesays.com\/es\/wp-json\/wp\/v2\/posts\/115893\/revisions"}],"wp:featuredmedia":[{"embeddable":true,"href":"https:\/\/www.europesays.com\/es\/wp-json\/wp\/v2\/media\/115894"}],"wp:attachment":[{"href":"https:\/\/www.europesays.com\/es\/wp-json\/wp\/v2\/media?parent=115893"}],"wp:term":[{"taxonomy":"category","embeddable":true,"href":"https:\/\/www.europesays.com\/es\/wp-json\/wp\/v2\/categories?post=115893"},{"taxonomy":"post_tag","embeddable":true,"href":"https:\/\/www.europesays.com\/es\/wp-json\/wp\/v2\/tags?post=115893"}],"curies":[{"name":"wp","href":"https:\/\/api.w.org\/{rel}","templated":true}]}}