{"id":115903,"date":"2025-09-15T05:11:08","date_gmt":"2025-09-15T05:11:08","guid":{"rendered":"https:\/\/www.europesays.com\/es\/115903\/"},"modified":"2025-09-15T05:11:08","modified_gmt":"2025-09-15T05:11:08","slug":"la-vuelta-ya-mira-a-monaco-un-sueno-para-el-anfitrion-langellotti","status":"publish","type":"post","link":"https:\/\/www.europesays.com\/es\/115903\/","title":{"rendered":"La Vuelta ya mira a M\u00f3naco, un \u201csue\u00f1o\u201d para el anfitri\u00f3n Langellotti"},"content":{"rendered":"<p class=\"\">Con La Vuelta 2025 terminada,<b> en el horizonte, aunque queda todav\u00eda quede casi un a\u00f1o por delante, aparece M\u00f3naco<\/b>. La previsi\u00f3n inicial es la de comenzar la carrera el 22 de agosto, <a href=\"https:\/\/as.com\/ciclismo\/vuelta_espana\/proxima-presentacion-monaco-2026-n\/\" target=\"_self\" rel=\"nofollow noopener\" title=\"https:\/\/as.com\/ciclismo\/vuelta_espana\/proxima-presentacion-monaco-2026-n\/\">pero lo que s\u00ed est\u00e1 claro es el punto de partida: M\u00f3naco.<\/a> <b>El Principado acoger\u00e1 por vez primera el inicio de la ronda espa\u00f1ola <\/b>y en el pelot\u00f3n espera estar el \u00fanico monegasco del World Tour: Victor Langellotti (30 a\u00f1os). El del Ineos, presente en la actual Vuelta, recal\u00f3 esta temporada en el Ineos tras una larga estancia en el World Tour. <b>\u201cFue un cambio enorme, en todos los sentidos, y estoy muy contento de c\u00f3mo est\u00e1 yendo\u201d,<\/b> cuenta Victor, sonriente antes de la \u00faltima jornada, a AS.<\/p>\n<p class=\"\">Esta temporada logr\u00f3 en el Tour de Polonia <a href=\"https:\/\/as.com\/ciclismo\/mas_ciclismo\/langellotti-se-lleva-la-etapa-y-se-hace-con-el-maillot-amarillo-n\/\" target=\"_self\" rel=\"nofollow noopener\" title=\"https:\/\/as.com\/ciclismo\/mas_ciclismo\/langellotti-se-lleva-la-etapa-y-se-hace-con-el-maillot-amarillo-n\/\">una de las victorias m\u00e1s espectaculares de la temporada ciclista<\/a> por la remontada que hizo, <b>adelantando a todo tipo de rivales por diferentes lados, llegando desde atr\u00e1s<\/b>. Es decir, su punto m\u00e1ximo llega una vez empezada la treintena. <b>\u201cTuve una madurez tard\u00eda. S\u00e9 que mentalmente no ten\u00eda la capacidad ni la madurez para estar a este nivel con 20 0 23 a\u00f1os. <\/b>Tard\u00e9 m\u00e1s que la mayor\u00eda. Mi reto siempre fue correr en el Sky (actual Ineos) en el pasado,<b> y cuando firm\u00e9 el contrato con el equipo fue cumplir un sue\u00f1o\u201d, <\/b>a\u00f1ade Langellotti, que cada ma\u00f1ana saluda a los buenos amigos que dej\u00f3 en el Burgos BH.<\/p>\n<p>Noticias relacionadas<a href=\"https:\/\/as.com\/ciclismo\/vuelta_espana\/el-caos-se-apodera-del-final-de-la-vuelta-en-madrid-n\/\" class=\"s_m_w\" title=\"Los manifestantes a favor de Palestina bloquearon las carreteras de Madrid, haciendo imposible el transcurso de una Vuelta que lleg\u00f3 a su fin sin meta.\" data-tb-link=\"\" rel=\"nofollow noopener\" target=\"_blank\"><img decoding=\"async\" src=\"https:\/\/www.europesays.com\/es\/wp-content\/uploads\/2025\/09\/SIPSQLHUOBL6NDZKVX2EFREKYU.jpg\" alt=\"El caos se apodera del final de La Vuelta en Madrid\" class=\"\" height=\"1\" width=\"1\"   loading=\"lazy\" data-tb-thumbnail=\"\"\/><\/a><a href=\"https:\/\/as.com\/ciclismo\/vuelta_espana\/vingegaard-ganar-aqui-en-la-bola-del-mundo-es-especial-n\/\" class=\"s_m_w\" title=\"El dan\u00e9s certifica su victoria final en La Vuelta y lo hace a lo grande. \u201cEntiendo por qu\u00e9 lo hacen\u201d, dice Jonas sobre los manifestantes.\" data-tb-link=\"\" rel=\"nofollow noopener\" target=\"_blank\"><img decoding=\"async\" src=\"https:\/\/www.europesays.com\/es\/wp-content\/uploads\/2025\/09\/1757913068_239_ONZAB27NRRELVMI7WNKJA6DVZI.jpg\" alt=\"Vingegaard: \u201cSiempre so\u00f1\u00e9 ganar La Vuelta, es algo incre\u00edble\u201d\" class=\"\" height=\"1\" width=\"1\"   loading=\"lazy\" data-tb-thumbnail=\"\"\/><\/a><\/p>\n<p class=\"\">Ning\u00fan monegasco hab\u00eda logrado una victoria en el World Tour (las carreras de m\u00e1xima categor\u00eda)<b> hasta que lo hiciese Langellotti este a\u00f1o en la citada jornada de Polonia<\/b>. La Vuelta es una carrera que le encanta, y partiendo desde su casa en 2026 (Pogacar, entre otros, tambi\u00e9n vive en M\u00f3naco pero es esloveno), Victor har\u00e1 todo lo posible por estar.<b> \u201cA largo plazo mi objetivo es estar en la salida de La Vuelta desde mi casa.<\/b> Para cualquier ciclista estar en una gran vuelta es algo genial, <b>pero salir desde casa debe ser incre\u00edble. <\/b><a href=\"https:\/\/as.com\/ciclismo\/vuelta_espana\/la-vuelta-y-una-salida-en-monaco-seria-un-sueno-n\/\" target=\"_self\" rel=\"nofollow noopener\" title=\"https:\/\/as.com\/ciclismo\/vuelta_espana\/la-vuelta-y-una-salida-en-monaco-seria-un-sueno-n\/\"><b>Un sue\u00f1o. Luchar\u00e9 a tope para conseguirlo\u201d<\/b>,<\/a> concluye un simp\u00e1tico corredor que ya tiene en mente su gran reto para el pr\u00f3ximo a\u00f1o.<\/p>\n<p class=\"\"><b>\u00a1Tus opiniones importan!<\/b> Comenta en los art\u00edculos y suscr\u00edbete gratis a nuestra <a href=\"https:\/\/asfan.as.com\/newsletters\/\" target=\"_blank\" rel=\"nofollow noopener\" title=\"https:\/\/asfan.as.com\/newsletters\/\">newsletter<\/a> y a las alertas informativas en la <a href=\"https:\/\/as.com\/aplicacion-de-as-n\/\" target=\"_blank\" rel=\"nofollow noopener\" title=\"https:\/\/as.com\/aplicacion-de-as-n\/\">App<\/a> o el canal de <a href=\"https:\/\/www.whatsapp.com\/channel\/0029VaAasdA7j6g745nz9M10\" target=\"_blank\" rel=\"nofollow noopener\" title=\"https:\/\/www.whatsapp.com\/channel\/0029VaAasdA7j6g745nz9M10\">WhatsApp<\/a>. \u00bfBuscas licenciar contenido? Haz clic <a href=\"https:\/\/profesional.elpais.com\/soluciones-sindicacion?utm_medium=interno&amp;utm_source=crosslinking&amp;utm_campaign=sindicacion_as_pie_articulos\" target=\"_blank\" rel=\"nofollow noopener\" title=\"https:\/\/profesional.elpais.com\/soluciones-sindicacion?utm_medium=interno&amp;utm_source=crosslinking&amp;utm_campaign=sindicacion_as_pie_articulos\">aqu\u00ed<\/a><\/p>\n","protected":false},"excerpt":{"rendered":"Con La Vuelta 2025 terminada, en el horizonte, aunque queda todav\u00eda quede casi un a\u00f1o por delante, aparece&hellip;\n","protected":false},"author":2,"featured_media":115904,"comment_status":"","ping_status":"","sticky":false,"template":"","format":"standard","meta":{"footnotes":""},"categories":[273],"tags":[313,312,168,25,24,23,167],"class_list":{"0":"post-115903","1":"post","2":"type-post","3":"status-publish","4":"format-standard","5":"has-post-thumbnail","7":"category-ciclismo","8":"tag-ciclismo","9":"tag-cycling","10":"tag-deportes","11":"tag-es","12":"tag-espana","13":"tag-spain","14":"tag-sports"},"share_on_mastodon":{"url":"","error":""},"_links":{"self":[{"href":"https:\/\/www.europesays.com\/es\/wp-json\/wp\/v2\/posts\/115903","targetHints":{"allow":["GET"]}}],"collection":[{"href":"https:\/\/www.europesays.com\/es\/wp-json\/wp\/v2\/posts"}],"about":[{"href":"https:\/\/www.europesays.com\/es\/wp-json\/wp\/v2\/types\/post"}],"author":[{"embeddable":true,"href":"https:\/\/www.europesays.com\/es\/wp-json\/wp\/v2\/users\/2"}],"replies":[{"embeddable":true,"href":"https:\/\/www.europesays.com\/es\/wp-json\/wp\/v2\/comments?post=115903"}],"version-history":[{"count":0,"href":"https:\/\/www.europesays.com\/es\/wp-json\/wp\/v2\/posts\/115903\/revisions"}],"wp:featuredmedia":[{"embeddable":true,"href":"https:\/\/www.europesays.com\/es\/wp-json\/wp\/v2\/media\/115904"}],"wp:attachment":[{"href":"https:\/\/www.europesays.com\/es\/wp-json\/wp\/v2\/media?parent=115903"}],"wp:term":[{"taxonomy":"category","embeddable":true,"href":"https:\/\/www.europesays.com\/es\/wp-json\/wp\/v2\/categories?post=115903"},{"taxonomy":"post_tag","embeddable":true,"href":"https:\/\/www.europesays.com\/es\/wp-json\/wp\/v2\/tags?post=115903"}],"curies":[{"name":"wp","href":"https:\/\/api.w.org\/{rel}","templated":true}]}}