{"id":115910,"date":"2025-09-15T05:15:10","date_gmt":"2025-09-15T05:15:10","guid":{"rendered":"https:\/\/www.europesays.com\/es\/115910\/"},"modified":"2025-09-15T05:15:10","modified_gmt":"2025-09-15T05:15:10","slug":"las-desgarradoras-fotos-de-makoke-en-el-hospital-que-ahora-cobran-sentido-nadie-se-merece-esto","status":"publish","type":"post","link":"https:\/\/www.europesays.com\/es\/115910\/","title":{"rendered":"Las desgarradoras fotos de Makoke en el hospital que ahora cobran sentido: \u00abNadie se merece esto\u00bb"},"content":{"rendered":"<p class=\"c-paragraph\">Hace unas semanas,\u00a0<b><b><a href=\"https:\/\/www.20minutos.es\/tags\/personas\/makoke.html\" title=\"Makoke\" rel=\"nofollow noopener\" target=\"_blank\">Makoke<\/a> se vio obligada a aplazar su boda<\/b><\/b>\u00a0con Gonzalo a causa del\u00a0<b><b>delicado estado de salud por el que estaba atravesando un familiar<\/b><\/b>. Despu\u00e9s, fue fotografiada en las inmediaciones de la Unidad de Oncolog\u00eda de la Cl\u00ednica Universidad de Navarra, en Pamplona en unas duras im\u00e1genes que saltaron a la portada de la revista Lecturas y que fueron muy comentadas, incluso m\u00e1s tarde por ella misma. Fotograf\u00edas que, ahora, cobran todo el sentido.<\/p>\n<p class=\"c-paragraph\">Se sabe ahora que ese allegado\u00a0<b><b>se trata de Marina, su nuera<\/b><\/b>, que, a trav\u00e9s de una carta dedicada a Javier Tudela y un carrusel de im\u00e1genes,\u00a0<b><b>lo ha hecho p\u00fablico a trav\u00e9s de sus redes sociales.\u00a0<\/b><\/b><\/p>\n<p class=\"c-paragraph\">Este fin de semana, en el que\u00a0<b><b>Makoke y Gonzalo deber\u00edan estar celebrando su enlace<\/b><\/b>, la colaboradora de\u00a0Fiesta\u00a0ha acudido al programa de Emma Garc\u00eda para explicar c\u00f3mo se encuentran<b><b>\u00a0<\/b>tanto ella como el resto de la familia. \u00abBien, hombre,<\/b>\u00a0<b><b><a href=\"https:\/\/www.20minutos.es\/television\/makoke-se-rompe-escuchar-carta-que-su-nuera-ha-dedicado-su-hijo-no-se-merecen-esto_6325817_0.html\" rel=\"nofollow noopener\" target=\"_blank\">este fin de semana ha sido un poquito&#8230; ha sido duro<\/a>\u00ab,<\/b><\/b>\u00a0ha confesado la televisiva en plat\u00f3. \u00abDeber\u00eda estar cas\u00e1ndome, ahora deber\u00edamos estar comiendo. <b>No se merece nadie esto<\/b>\u00ab, ha declarado.<\/p>\n<p class=\"c-paragraph\">Tras escuchar las palabras que Marina ha dedicado a su hijo, Makoke no ha podido evitar romperse.\u00a0<b><b>\u00abSon una pareja que se quiere much\u00edsimo,<\/b><\/b>\u00a0est\u00e1n s\u00faper unidos, son s\u00faper fuertes los cuatro. Es una familia maravillosa y\u00a0<b><b>no se merecen esto<\/b><\/b>, no se lo merece nadie, evidentemente no, pero como me toca en primera persona, pues me duele\u00bb, ha expresado entre l\u00e1grimas.<\/p>\n<p class=\"c-paragraph\">La colaboradora del programa de Telecinco ha comentado\u00a0<b><b>c\u00f3mo lo est\u00e1 llevando Javier Tudela<\/b><\/b>: \u00a0\u00abEst\u00e1 fuerte. Y es que hay cosas que no han salido,\u00a0<b><b>momentos que son muy duros y que \u00e9l hace re\u00edr<\/b><\/b>, yo no s\u00e9, o sea, en alg\u00fan momento explotar\u00e1. Porque est\u00e1 teniendo una fuerza, todo el rato con una sonrisa y con los ni\u00f1os, con todo.\u00a0<b><b>Nos est\u00e1 dando un ejemplo a todos incre\u00edble. Yo no sab\u00eda qui\u00e9n mi hijo ten\u00eda esa fuerza\u00bb.<\/b><\/b><\/p>\n","protected":false},"excerpt":{"rendered":"Hace unas semanas,\u00a0Makoke se vio obligada a aplazar su boda\u00a0con Gonzalo a causa del\u00a0delicado estado de salud por&hellip;\n","protected":false},"author":2,"featured_media":115911,"comment_status":"","ping_status":"","sticky":false,"template":"","format":"standard","meta":{"footnotes":""},"categories":[174],"tags":[255,38904,24374,146,147,25,24,256,1016,4207,15187,23],"class_list":{"0":"post-115910","1":"post","2":"type-post","3":"status-publish","4":"format-standard","5":"has-post-thumbnail","7":"category-famosos","8":"tag-celebrities","9":"tag-comentadas","10":"tag-duras","11":"tag-entertainment","12":"tag-entretenimiento","13":"tag-es","14":"tag-espana","15":"tag-famosos","16":"tag-fotos","17":"tag-las","18":"tag-makoke","19":"tag-spain"},"share_on_mastodon":{"url":"","error":""},"_links":{"self":[{"href":"https:\/\/www.europesays.com\/es\/wp-json\/wp\/v2\/posts\/115910","targetHints":{"allow":["GET"]}}],"collection":[{"href":"https:\/\/www.europesays.com\/es\/wp-json\/wp\/v2\/posts"}],"about":[{"href":"https:\/\/www.europesays.com\/es\/wp-json\/wp\/v2\/types\/post"}],"author":[{"embeddable":true,"href":"https:\/\/www.europesays.com\/es\/wp-json\/wp\/v2\/users\/2"}],"replies":[{"embeddable":true,"href":"https:\/\/www.europesays.com\/es\/wp-json\/wp\/v2\/comments?post=115910"}],"version-history":[{"count":0,"href":"https:\/\/www.europesays.com\/es\/wp-json\/wp\/v2\/posts\/115910\/revisions"}],"wp:featuredmedia":[{"embeddable":true,"href":"https:\/\/www.europesays.com\/es\/wp-json\/wp\/v2\/media\/115911"}],"wp:attachment":[{"href":"https:\/\/www.europesays.com\/es\/wp-json\/wp\/v2\/media?parent=115910"}],"wp:term":[{"taxonomy":"category","embeddable":true,"href":"https:\/\/www.europesays.com\/es\/wp-json\/wp\/v2\/categories?post=115910"},{"taxonomy":"post_tag","embeddable":true,"href":"https:\/\/www.europesays.com\/es\/wp-json\/wp\/v2\/tags?post=115910"}],"curies":[{"name":"wp","href":"https:\/\/api.w.org\/{rel}","templated":true}]}}