{"id":115914,"date":"2025-09-15T05:18:13","date_gmt":"2025-09-15T05:18:13","guid":{"rendered":"https:\/\/www.europesays.com\/es\/115914\/"},"modified":"2025-09-15T05:18:13","modified_gmt":"2025-09-15T05:18:13","slug":"la-nueva-serie-de-telecinco-ella-maldita-alma-se-deja-ver-en-el-south-de-cadiz-y-llena-el-gran-teatro-falla","status":"publish","type":"post","link":"https:\/\/www.europesays.com\/es\/115914\/","title":{"rendered":"La nueva serie de Telecinco &#8216;Ella, maldita alma&#8217; se deja ver en el South de C\u00e1diz y llena el Gran Teatro Falla"},"content":{"rendered":"<p class=\"article-text\">\n        La tercera jornada del <strong>South International Series Fest<\/strong> 2025 en <strong>C\u00e1diz <\/strong>ha tra\u00eddo a su primera gran estrella internacional, la actriz Diane Kruger para presentar su nueva serie Peque\u00f1os desastres que llegar\u00e1 a Espa\u00f1a a trav\u00e9s de HBO Max; ha acogido el reconocimiento y homenaje a Paco Le\u00f3n, Premio de Honor del festival; y tambi\u00e9n ha dejado ver por primera vez <strong>Ella, maldita alma<\/strong>, la nueva serie de <strong>Telecinco<\/strong>.\n    <\/p>\n<p>    <a href=\"https:\/\/www.eldiario.es\/noticias\/maria-castro-recibio-premio-honor-2025-south-international-series-festival_1_12600879.html\" data-mrf-recirculation=\"saber-mas\" data-dl-event=\"saber-mas\" rel=\"nofollow noopener\" target=\"_blank\"><\/p>\n<p class=\"know-more__title\">Mar\u00eda Castro recibi\u00f3 el Premio de Honor 2025 del South International Series Festival<\/p>\n<p>            <img decoding=\"async\" class=\"lazy\" loading=\"lazy\" data-src=\"https:\/\/static.eldiario.es\/clip\/0ed8237d-d54c-4623-9baf-c8a987f53365_16-9-aspect-ratio_default_0.jpg\" src=\"data:image\/svg+xml,%3Csvg xmlns=\" http:=\"\" viewbox=\"0 0 880 495\" alt=\"Mar\u00eda Castro recibi\u00f3 el Premio de Honor 2025 del South International Series Festival\"\/><\/p>\n<p>                        <\/a><\/p>\n<p class=\"article-text\">\n        La uni\u00f3n de esta ficci\u00f3n creada por <strong>Aurora Guerra<\/strong> y protagonizada por <strong>Maxi Iglesias, Marti\u00f1o Rivas y Karina Kolokolchykova<\/strong> con el South es curiosa: adem\u00e1s de haberse rodado en localizaciones de la provincia de C\u00e1diz, <a href=\"https:\/\/www.eldiario.es\/vertele\/series\/telecinco-presenta-triangulo-amoroso-cura-maxi-iglesias-evidencia-tiempos-han-cambiado_1_11771149.html\" data-mrf-recirculation=\"links-noticia\" class=\"link\" rel=\"nofollow noopener\" target=\"_blank\">se present\u00f3<\/a> en la edici\u00f3n del a\u00f1o pasado, cuando estaba empezando su rodaje y pudimos <a href=\"https:\/\/www.eldiario.es\/vertele\/entrevistas\/maxi-iglesias-telecinco-ella-maldita-alma-serie-luce-sotana-gente-le-conte-ofrecian-dijo-no-hiciera_1_11797004.html\" data-mrf-recirculation=\"links-noticia\" class=\"link\" rel=\"nofollow noopener\" target=\"_blank\">hablar con sus actores<\/a>, y ahora ha vuelto a la edici\u00f3n de este a\u00f1o para dejarse vez por primera vez antes de su estreno.\n    <\/p>\n<p class=\"article-text\">\n        Y ha triunfado: llenazo en un emblema de la ciudad como el <strong>Gran Teatro Falla<\/strong>, para asistir a la breve presentaci\u00f3n sobre el escenario a cargo de los productores de Plano a Plano, Aurora Guerra y los protagonistas Karina Kolokolchykova y Marti\u00f1o Rivas, y luego para poder ver en primicia el primer cap\u00edtulo de la ficci\u00f3n, que a\u00fan no tiene fecha de estreno en Telecinco.\n    <\/p>\n<blockquote class=\"twitter-tweet\" data-lang=\"es\"><p><a href=\"https:\/\/twitter.com\/X\/status\/1967204406216245427?ref_src=twsrc%5Etfw\" rel=\"nofollow noopener\" target=\"_blank\"><\/p><\/blockquote>\n<blockquote class=\"twitter-tweet\" data-lang=\"es\"><p><a href=\"https:\/\/twitter.com\/X\/status\/1967183802171806141?ref_src=twsrc%5Etfw\" rel=\"nofollow noopener\" target=\"_blank\"><\/p><\/blockquote>\n<p class=\"article-text\">\n        Mediaset Espa\u00f1a es &#8216;Media sponsor&#8217; del South International Series Festival, por lo que el grupo, que tambi\u00e9n presentar\u00e1 otra de sus nuevas series como es <a href=\"https:\/\/www.eldiario.es\/vertele\/series\/mediaset-desvela-reparto-completo-nueva-serie-romi-maria-cerezuela-natalia-millan-cabeza_1_10722346.html\" data-mrf-recirculation=\"links-noticia\" class=\"link\" rel=\"nofollow noopener\" target=\"_blank\"><strong>Romi<\/strong><\/a>, ya lo hab\u00eda promocionado incluso en sus informativos:\n    <\/p>\n<blockquote class=\"twitter-tweet\" data-lang=\"es\"><p><a href=\"https:\/\/twitter.com\/X\/status\/1966905966584340829?ref_src=twsrc%5Etfw\" rel=\"nofollow noopener\" target=\"_blank\"><\/p><\/blockquote>\n<p class=\"article-text\">\n        La cobertura medi\u00e1tica ha sido esta vez m\u00e1s complicada, puesto que la presentaci\u00f3n ha sido breve y como introducci\u00f3n a la emisi\u00f3n del cap\u00edtulo, y los actores no han concedido entrevistas. Pero s\u00ed ha permitido poner a Ella, maldita alma en la lista de pr\u00f3ximos estrenos de Telecinco.\n    <\/p>\n<p class=\"article-text\">\n        Adem\u00e1s de sus tres protagonistas, completan su elenco <strong>Nacho Fresneda, Mar\u00eda de Nati, Antonio Gil, Susana C\u00f3rdoba, Paco Mar\u00edn y Ana Ruiz<\/strong>.\n    <\/p>\n<p>    <strong>As\u00ed es &#8216;Ella, maldita alma&#8217;<\/strong><\/p>\n<p class=\"article-text\">\n        Producida junto a Plano a Plano y creada por\u00a0Aurora Guerra, Ella, maldita alma est\u00e1 <strong>basada en un relato del escritor gallego\u00a0Manuel Rivas<\/strong>\u00a0y cuenta con\u00a0C\u00e9sar Ben\u00edtez,\u00a0\u00c1lvaro Ben\u00edtez, Emilio Amar\u00e9\u00a0y\u00a0Arantxa \u00c9cija\u00a0al frente de la producci\u00f3n ejecutiva, y con la direcci\u00f3n de\u00a0I\u00f1aki Mercero\u00a0y\u00a0Javier Quintas. Su grabaci\u00f3n se realiz\u00f3 en\u00a0<strong>diversas localizaciones de C\u00e1diz<\/strong>, como Conil de la Frontera, Zahara de los Atunes y Jerez de la Frontera.\u00a0\n    <\/p>\n<p class=\"article-text\">\n        Esta nueva ficci\u00f3n narra la\u00a0historia de amor imposible\u00a0entre dos personas que luchan con todas sus fuerzas por negarse a sucumbir ante unos sentimientos que les arrollan:\u00a0<strong>Ferm\u00edn\u00a0<\/strong>(Maxi Iglesias), un\u00a0carism\u00e1tico sacerdote; y\u00a0<strong>Ana\u00a0<\/strong>(Karina Kolokolchykova) la mujer de su primo\u00a0<strong>Isaac\u00a0<\/strong>(Marti\u00f1o Rivas), casi su hermano, cuya familia le acogi\u00f3 desde la infancia y que es, sin saberlo, el tercer v\u00e9rtice de este complejo tri\u00e1ngulo amoroso.\u00a0\n    <\/p>\n<p>    <a href=\"https:\/\/www.eldiario.es\/vertele\/noticias\/jose-luis-moreno-presentar-docuserie-jueces-moral-fiscales-corruptos-policia-roba_1_12600703.html\" data-mrf-recirculation=\"saber-mas-abajo\" data-dl-event=\"saber-mas-abajo\" rel=\"nofollow noopener\" target=\"_blank\"><\/p>\n<p class=\"know-more__title\">Jos\u00e9 Luis Moreno contra todos para presentar su docuserie: \u201cJueces sin moral, fiscales corruptos, polic\u00eda que roba\u201d<\/p>\n<p>            <img decoding=\"async\" class=\"lazy\" loading=\"lazy\" data-src=\"https:\/\/static.eldiario.es\/clip\/1e241e8a-c2f8-4609-a8b8-f3952d63a8c2_16-9-aspect-ratio_default_0.jpg\" src=\"data:image\/svg+xml,%3Csvg xmlns=\" http:=\"\" viewbox=\"0 0 880 495\" alt=\"Jos\u00e9 Luis Moreno contra todos para presentar su docuserie: &quot;Jueces sin moral, fiscales corruptos, polic\u00eda que roba&quot;\"\/><\/p>\n<p>                        <\/a><\/p>\n<p class=\"article-text\">\n        \u201cA la vez que la trama principal presenta al espectador una\u00a0amalgama de valores y sentimientos contrapuestos\u00a0como el\u00a0amor, la\u00a0familia, la\u00a0pasi\u00f3n, la\u00a0culpa, la\u00a0traici\u00f3n\u00a0y la\u00a0lealtad, la serie\u00a0dibuja un retrato de la sociedad\u00a0a trav\u00e9s de la vida cotidiana de un rico abanico de\u00a0personajes secundarios, sus relaciones, motivaciones e inquietudes; las peculiaridades de La Isleta, la\u00a0localidad imaginaria\u00a0en la que se desarrolla;\u00a0una subtrama de intriga\u00a0de pol\u00edtica y corrupci\u00f3n; y referencias a la actualidad a trav\u00e9s de elementos como\u00a0la guerra de Ucrania\u00a0o la\u00a0multiculturalidad\u201d, la present\u00f3 Telecinco.\n    <\/p>\n<p>            <img decoding=\"async\" class=\"lazy\" loading=\"lazy\" data-src=\"https:\/\/static.eldiario.es\/clip\/fc4a387d-949c-4428-9fdf-3e9fa977b238_16-9-aspect-ratio_default_1125754.jpg\" src=\"data:image\/svg+xml,%3Csvg xmlns=\" http:=\"\" viewbox=\"0 0 3872 2178\" alt=\"'Ella, maldita alma' en el photocall del South\"\/><\/p>\n<p>                                    <script async src=\"https:\/\/platform.twitter.com\/widgets.js\" charset=\"utf-8\"><\/script><\/p>\n","protected":false},"excerpt":{"rendered":"La tercera jornada del South International Series Fest 2025 en C\u00e1diz ha tra\u00eddo a su primera gran estrella&hellip;\n","protected":false},"author":2,"featured_media":115915,"comment_status":"","ping_status":"","sticky":false,"template":"","format":"standard","meta":{"footnotes":""},"categories":[171],"tags":[10512,2193,51,146,147,25,24,13766,3956,2490,25041,795,156,38526,23,1651,692,214,809],"class_list":{"0":"post-115914","1":"post","2":"type-post","3":"status-publish","4":"format-standard","5":"has-post-thumbnail","7":"category-tv","8":"tag-alma","9":"tag-cadiz","10":"tag-deja","11":"tag-entertainment","12":"tag-entretenimiento","13":"tag-es","14":"tag-espana","15":"tag-falla","16":"tag-gran","17":"tag-llena","18":"tag-maldita","19":"tag-nueva","20":"tag-serie","21":"tag-south","22":"tag-spain","23":"tag-teatro","24":"tag-telecinco","25":"tag-tv","26":"tag-ver"},"share_on_mastodon":{"url":"","error":""},"_links":{"self":[{"href":"https:\/\/www.europesays.com\/es\/wp-json\/wp\/v2\/posts\/115914","targetHints":{"allow":["GET"]}}],"collection":[{"href":"https:\/\/www.europesays.com\/es\/wp-json\/wp\/v2\/posts"}],"about":[{"href":"https:\/\/www.europesays.com\/es\/wp-json\/wp\/v2\/types\/post"}],"author":[{"embeddable":true,"href":"https:\/\/www.europesays.com\/es\/wp-json\/wp\/v2\/users\/2"}],"replies":[{"embeddable":true,"href":"https:\/\/www.europesays.com\/es\/wp-json\/wp\/v2\/comments?post=115914"}],"version-history":[{"count":0,"href":"https:\/\/www.europesays.com\/es\/wp-json\/wp\/v2\/posts\/115914\/revisions"}],"wp:featuredmedia":[{"embeddable":true,"href":"https:\/\/www.europesays.com\/es\/wp-json\/wp\/v2\/media\/115915"}],"wp:attachment":[{"href":"https:\/\/www.europesays.com\/es\/wp-json\/wp\/v2\/media?parent=115914"}],"wp:term":[{"taxonomy":"category","embeddable":true,"href":"https:\/\/www.europesays.com\/es\/wp-json\/wp\/v2\/categories?post=115914"},{"taxonomy":"post_tag","embeddable":true,"href":"https:\/\/www.europesays.com\/es\/wp-json\/wp\/v2\/tags?post=115914"}],"curies":[{"name":"wp","href":"https:\/\/api.w.org\/{rel}","templated":true}]}}