{"id":115916,"date":"2025-09-15T05:19:17","date_gmt":"2025-09-15T05:19:17","guid":{"rendered":"https:\/\/www.europesays.com\/es\/115916\/"},"modified":"2025-09-15T05:19:17","modified_gmt":"2025-09-15T05:19:17","slug":"ariana-grande-y-lady-gaga-se-llevan-los-maximos-galardones-en-los-premios-vma-de-la-mtv","status":"publish","type":"post","link":"https:\/\/www.europesays.com\/es\/115916\/","title":{"rendered":"Ariana Grande y Lady Gaga se llevan los m\u00e1ximos galardones en los premios VMA de la MTV"},"content":{"rendered":"<p>La cantante <strong><a href=\"https:\/\/www.ultimahora.es\/etiqueta\/Ariana+Grande.html?utm_source=Inline-tag&amp;utm_medium=internal\" rel=\"nofollow noopener\" target=\"_blank\">Ariana Grande<\/a> se alz\u00f3 con el m\u00e1ximo galard\u00f3n en los <a href=\"https:\/\/www.ultimahora.es\/etiqueta\/MTV+Video+Music+Awards.html?utm_source=Inline-tag&amp;utm_medium=internal\" rel=\"nofollow noopener\" target=\"_blank\">MTV Video Music Awards<\/a><\/strong>, y <a href=\"https:\/\/www.ultimahora.es\/etiqueta\/Lady+Gaga.html?utm_source=Inline-tag&amp;utm_medium=internal\" rel=\"nofollow noopener\" target=\"_blank\">Lady Gaga<\/a> y Sabrina Carpenter consiguieron importantes premios, en una celebraci\u00f3n repleta de estrellas de los favoritos de los fans en Nueva York el domingo.<\/p>\n<p>Ariana Grande gan\u00f3 el premio al v\u00eddeo del a\u00f1o por <strong>Brighter Days Ahead<\/strong>, lo que le vali\u00f3 el mayor galard\u00f3n de la noche en los premios que votan los fans.<\/p>\n<p>\u00abEl arte ha sido un espacio seguro para m\u00ed desde que era una ni\u00f1a. Estoy muy agradecida de poder dedicarme a ello\u00bb, dijo Grande mientras sosten\u00eda el trofeo MTV (MTV Moon Person) en el escenario del UBS Arena.<\/p>\n<p>Minutos antes, Grande recogi\u00f3 el premio al mejor video pop y <strong>dio las gracias a su padre, que actu\u00f3 por primera vez en el v\u00eddeo de Brighter Days Ahead<\/strong>. Le llam\u00f3 \u00abel mejor compa\u00f1ero de escena, y padre, del mundo\u00bb.<\/p>\n<p><strong>Lady Gaga fue coronada como artista del a\u00f1o<\/strong> al comienzo del espect\u00e1culo, imponi\u00e9ndose a las favoritas de los VMA <a href=\"https:\/\/www.ultimahora.es\/etiqueta\/Taylor+Swift.html?utm_source=Inline-tag&amp;utm_medium=internal\" rel=\"nofollow noopener\" target=\"_blank\">Taylor Swift<\/a> y Beyonc\u00e9. Gaga, actualmente de gira con su \u00e1lbum <strong>Mayhem<\/strong>, subi\u00f3 al escenario con un vestido de volantes negro y morado con mangas gigantes.<\/p>\n<p>\u00abNo puedo ni empezar a deciros lo que significa ser recompensada por ser artista, ser recompensada por algo que ya es tan gratificante\u00bb, dijo Gaga antes de salir corriendo para dar un <strong>concierto en el Madison Square Garden<\/strong>.<\/p>\n<p>La victoria de Gaga <strong>impidi\u00f3 que Beyonc\u00e9 o Swift se convirtieran en las artistas m\u00e1s galardonadas de la historia de los VMA<\/strong>. Ambas siguen empatadas con 30 VMAs cada una.<\/p>\n<p>Gaga tambi\u00e9n consigui\u00f3 el <strong>premio a la mejor colaboraci\u00f3n por Die with a Smile<\/strong>, un dueto con <strong>Bruno Mars<\/strong> que era candidato al premio de v\u00eddeo que fue a parar a Grande.<\/p>\n<p><strong>Sabrina Carpenter<\/strong> se llev\u00f3 el premio al mejor \u00e1lbum por <strong>Short n&#8217; Sweet<\/strong>. \u00abDe verdad que no doy por sentado que dediqu\u00e9is tiempo de vuestras vidas para escuchar un \u00e1lbum\u00bb, dijo la cantante pop.<\/p>\n<p><strong>Ros\u00e9<\/strong>, de 28 a\u00f1os y miembro del grupo B<strong>lackpink<\/strong>, dedic\u00f3 su victoria al \u00abbicho raro\u00bb de cuando ten\u00eda 16 a\u00f1os. \u00abEste es un gran momento para mi yo de 16 a\u00f1os y para cualquiera que sue\u00f1e con ser aceptado por igual por su duro trabajo\u00bb, dijo en el escenario.<\/p>\n<p>El cantante ingl\u00e9s <strong>Yungblud<\/strong> enton\u00f3 <strong>Crazy Train<\/strong> para dar comienzo a un <strong>homenaje musical al fallecido rockero brit\u00e1nico Ozzy Osbourne<\/strong> con Nuno Bettencourt a la guitarra. Steven Tyler y Joe Perry, miembros de Aerosmith, se unieron en una emocionante versi\u00f3n de \u00abMama, I&#8217;m Coming Home\u00bb que hizo que el p\u00fablico agitara las manos en el aire.<\/p>\n<p><strong>Mariah Carey<\/strong> <strong>recibi\u00f3 el premio a toda una carrera<\/strong> y habl\u00f3 de lo divertido que es hacer v\u00eddeos musicales. Los v\u00eddeos son \u00abminipel\u00edculas que visualizan la pura fantas\u00eda de todo\u00bb, dijo. \u00abY a veces es solo una excusa para dramatizar y hacer cosas que no har\u00eda en la vida real\u00bb.<\/p>\n<p>Los VMA empezaron a emitirse en MTV en 1984 y se hicieron famosos por momentos memorables como un <strong>beso en el escenario entre Madonna y Britney Spears<\/strong> y la aparici\u00f3n de Gaga con un vestido de carne cruda. La ceremonia del domingo se retransmiti\u00f3 en directo por la CBS y por MTV.<\/p>\n<p>En otros premios, el cantante de folk-pop <strong>Alex Warren<\/strong> fue nombrado <strong>mejor artista revelaci\u00f3n<\/strong>.<\/p>\n","protected":false},"excerpt":{"rendered":"La cantante Ariana Grande se alz\u00f3 con el m\u00e1ximo galard\u00f3n en los MTV Video Music Awards, y Lady&hellip;\n","protected":false},"author":2,"featured_media":115917,"comment_status":"","ping_status":"","sticky":false,"template":"","format":"standard","meta":{"footnotes":""},"categories":[170],"tags":[30465,6632,209,146,147,25,24,4643,15331,184,185,23,3945],"class_list":{"0":"post-115916","1":"post","2":"type-post","3":"status-publish","4":"format-standard","5":"has-post-thumbnail","7":"category-musica","8":"tag-ariana-grande","9":"tag-beyonce","10":"tag-cultura","11":"tag-entertainment","12":"tag-entretenimiento","13":"tag-es","14":"tag-espana","15":"tag-lady-gaga","16":"tag-mtv-video-music-awards","17":"tag-music","18":"tag-musica","19":"tag-spain","20":"tag-taylor-swift"},"share_on_mastodon":{"url":"","error":""},"_links":{"self":[{"href":"https:\/\/www.europesays.com\/es\/wp-json\/wp\/v2\/posts\/115916","targetHints":{"allow":["GET"]}}],"collection":[{"href":"https:\/\/www.europesays.com\/es\/wp-json\/wp\/v2\/posts"}],"about":[{"href":"https:\/\/www.europesays.com\/es\/wp-json\/wp\/v2\/types\/post"}],"author":[{"embeddable":true,"href":"https:\/\/www.europesays.com\/es\/wp-json\/wp\/v2\/users\/2"}],"replies":[{"embeddable":true,"href":"https:\/\/www.europesays.com\/es\/wp-json\/wp\/v2\/comments?post=115916"}],"version-history":[{"count":0,"href":"https:\/\/www.europesays.com\/es\/wp-json\/wp\/v2\/posts\/115916\/revisions"}],"wp:featuredmedia":[{"embeddable":true,"href":"https:\/\/www.europesays.com\/es\/wp-json\/wp\/v2\/media\/115917"}],"wp:attachment":[{"href":"https:\/\/www.europesays.com\/es\/wp-json\/wp\/v2\/media?parent=115916"}],"wp:term":[{"taxonomy":"category","embeddable":true,"href":"https:\/\/www.europesays.com\/es\/wp-json\/wp\/v2\/categories?post=115916"},{"taxonomy":"post_tag","embeddable":true,"href":"https:\/\/www.europesays.com\/es\/wp-json\/wp\/v2\/tags?post=115916"}],"curies":[{"name":"wp","href":"https:\/\/api.w.org\/{rel}","templated":true}]}}