{"id":115926,"date":"2025-09-15T05:26:08","date_gmt":"2025-09-15T05:26:08","guid":{"rendered":"https:\/\/www.europesays.com\/es\/115926\/"},"modified":"2025-09-15T05:26:08","modified_gmt":"2025-09-15T05:26:08","slug":"elon-musk-dice-que-el-reino-unido-necesita-un-cambio-de-gobierno-revolucionario-en-un-mitin-antimigrantes","status":"publish","type":"post","link":"https:\/\/www.europesays.com\/es\/115926\/","title":{"rendered":"Elon Musk dice que el Reino Unido necesita un cambio de gobierno \u201crevolucionario\u201d en un mitin antimigrantes"},"content":{"rendered":"<p>      CNN<br \/>\n        \u00a0\u2014\u00a0<\/p>\n<p class=\"paragraph inline-placeholder vossi-paragraph\" data-uri=\"es.cms.cnn.com\/_components\/paragraph\/instances\/cmfjoli4i00b026qb25xdbhwa@published\" data-editable=\"text\" data-component-name=\"paragraph\" data-article-gutter=\"true\">\n            El multimillonario Elon Musk afirm\u00f3 este s\u00e1bado que el Reino Unido necesita un \u201ccambio de gobierno revolucionario\u201d, al hablar de forma virtual en una protesta de ultraderecha contra la inmigraci\u00f3n en Londres.\n    <\/p>\n<p class=\"paragraph inline-placeholder vossi-paragraph\" data-uri=\"es.cms.cnn.com\/_components\/paragraph\/instances\/cmfjou8670009356nwl6wqaly@published\" data-editable=\"text\" data-component-name=\"paragraph\" data-article-gutter=\"true\">\n            Los comentarios del hombre m\u00e1s rico del mundo, exasesor de Donald Trump, se dieron d\u00edas antes de la pr\u00f3xima visita de Estado del presidente de EE.UU. a Gran Breta\u00f1a, prevista cuando faltan cuatro a\u00f1os para las siguientes elecciones generales.\n    <\/p>\n<p class=\"paragraph inline-placeholder vossi-paragraph\" data-uri=\"es.cms.cnn.com\/_components\/paragraph\/instances\/cmfjou867000a356n6biicuok@published\" data-editable=\"text\" data-component-name=\"paragraph\" data-article-gutter=\"true\">\n            \u201cSe necesita una reforma masiva del Gobierno en Gran Breta\u00f1a y que la gente est\u00e9 a cargo, no una burocracia que no se preocupa\u201d, dijo Musk en una sesi\u00f3n de preguntas y respuestas con el activista pol\u00edtico de ultraderecha Tommy Robinson, organizador de la manifestaci\u00f3n, cuyo nombre real es Stephen Yaxley-Lennon.\n    <\/p>\n<p class=\"paragraph inline-placeholder vossi-paragraph\" data-uri=\"es.cms.cnn.com\/_components\/paragraph\/instances\/cmfjou867000b356n6ef18n9c@published\" data-editable=\"text\" data-component-name=\"paragraph\" data-article-gutter=\"true\">\n            \u201cDebemos tener un cambio de gobierno revolucionario\u2026 Esto realmente requiere que todos movilicen al pueblo, que tomen el control, reformen el Gobierno y se aseguren de que en verdad tengan un gobierno del pueblo y para el pueblo\u201d, agreg\u00f3 el multimillonario.\n    <\/p>\n<p class=\"paragraph inline-placeholder vossi-paragraph\" data-uri=\"es.cms.cnn.com\/_components\/paragraph\/instances\/cmfjou867000c356nzbfliumh@published\" data-editable=\"text\" data-component-name=\"paragraph\" data-article-gutter=\"true\">\n            Musk se ha venido involucrando en la pol\u00edtica del Reino Unido desde hace alg\u00fan tiempo. El verano pasado, durante una ola de disturbios violentos contra la inmigraci\u00f3n en Gran Breta\u00f1a, el director ejecutivo de Tesla y due\u00f1o de X dijo que \u201cla guerra civil es inevitable\u201d.\n    <\/p>\n<p class=\"paragraph inline-placeholder vossi-paragraph\" data-uri=\"es.cms.cnn.com\/_components\/paragraph\/instances\/cmfjou867000d356n921giwfn@published\" data-editable=\"text\" data-component-name=\"paragraph\" data-article-gutter=\"true\">\n            En enero, dijo que el primer ministro brit\u00e1nico, Keir Starmer, deber\u00eda estar en prisi\u00f3n al reavivar un esc\u00e1ndalo de a\u00f1os sobre abusos sexuales infantiles en partes de Inglaterra.\n    <\/p>\n<p class=\"paragraph inline-placeholder vossi-paragraph\" data-uri=\"es.cms.cnn.com\/_components\/paragraph\/instances\/cmfjou867000e356n9g1mnbpr@published\" data-editable=\"text\" data-component-name=\"paragraph\" data-article-gutter=\"true\">\n            Durante un tiempo, Musk estuvo aliado con Nigel Farage, l\u00edder del partido populista Reform UK. Pero la amistad se rompi\u00f3 a comienzos de este a\u00f1o cuando Farage se neg\u00f3 a respaldar el apoyo de Musk a Robinson, fundador de la ya desaparecida English Defence League (EDL), un grupo antimigrante, que anteriormente fue encarcelado por desacato al tribunal tras repetir falsas acusaciones contra un refugiado sirio.\n    <\/p>\n<p class=\"paragraph inline-placeholder vossi-paragraph\" data-uri=\"es.cms.cnn.com\/_components\/paragraph\/instances\/cmfjou867000f356nh21dp8xs@published\" data-editable=\"text\" data-component-name=\"paragraph\" data-article-gutter=\"true\">\n            En otras declaraciones incendiarias este s\u00e1bado, Musk dijo a la multitud a trav\u00e9s de una transmisi\u00f3n en una pantalla gigante que \u201cla violencia se acerca a ustedes. O se defienden o mueren\u201d.\n    <\/p>\n<p class=\"paragraph inline-placeholder vossi-paragraph\" data-uri=\"es.cms.cnn.com\/_components\/paragraph\/instances\/cmfjou867000g356nu10pueat@published\" data-editable=\"text\" data-component-name=\"paragraph\" data-article-gutter=\"true\">\n            Tambi\u00e9n se refiri\u00f3 al asesinato del activista pol\u00edtico estadounidense Charlie Kirk en EE.UU. el mi\u00e9rcoles, al decir que \u201cla gente de izquierda\u201d celebraba abiertamente su muerte.\n    <\/p>\n<p class=\"paragraph inline-placeholder vossi-paragraph\" data-uri=\"es.cms.cnn.com\/_components\/paragraph\/instances\/cmfjou867000h356n7gwsp0cf@published\" data-editable=\"text\" data-component-name=\"paragraph\" data-article-gutter=\"true\">\n            \u201cLa izquierda es el partido del asesinato y de celebrar asesinatos\u201d, dijo Musk.\n    <\/p>\n<p class=\"paragraph inline-placeholder vossi-paragraph\" data-uri=\"es.cms.cnn.com\/_components\/paragraph\/instances\/cmfjou867000i356nz6cce2jy@published\" data-editable=\"text\" data-component-name=\"paragraph\" data-article-gutter=\"true\">\n            El secretario de Negocios brit\u00e1nico, Peter Kyle, calific\u00f3 el discurso de Musk como \u201cligeramente incomprensible\u201d y \u201ctotalmente inapropiado\u201d en una entrevista con la BBC este domingo.\n    <\/p>\n<p class=\"paragraph inline-placeholder vossi-paragraph\" data-uri=\"es.cms.cnn.com\/_components\/paragraph\/instances\/cmfjou867000j356no1e8yn5m@published\" data-editable=\"text\" data-component-name=\"paragraph\" data-article-gutter=\"true\">\n            Pero Kyle a\u00f1adi\u00f3 que la protesta de Robinson \u2014que reuni\u00f3 entre 110.000 y 150.000 manifestantes, seg\u00fan la polic\u00eda\u2014 muestra que quienes est\u00e1n en el poder deben abordar \u201cgrandes preocupaciones\u201d que pueda tener la poblaci\u00f3n, incluida la inmigraci\u00f3n.\n    <\/p>\n<p class=\"paragraph inline-placeholder vossi-paragraph\" data-uri=\"es.cms.cnn.com\/_components\/paragraph\/instances\/cmfjou867000k356nuv18i086@published\" data-editable=\"text\" data-component-name=\"paragraph\" data-article-gutter=\"true\">\n            \u201cCreo que estos son momentos que nos llaman la atenci\u00f3n a quienes estamos en la vida p\u00fablica para redoblar nuestros esfuerzos en atender las grandes preocupaciones que tiene la gente en todo nuestro pa\u00eds\u201d, dijo Kyle. Tambi\u00e9n se\u00f1al\u00f3 que la manifestaci\u00f3n demostr\u00f3 que la libertad de expresi\u00f3n est\u00e1 \u201cviva y en buen estado en este pa\u00eds\u201d.\n    <\/p>\n<p class=\"paragraph inline-placeholder vossi-paragraph\" data-uri=\"es.cms.cnn.com\/_components\/paragraph\/instances\/cmfjou867000l356n8oeaxss3@published\" data-editable=\"text\" data-component-name=\"paragraph\" data-article-gutter=\"true\">\n            La Polic\u00eda Metropolitana de Londres inform\u00f3 que 24 personas fueron arrestadas, mientras que 26 agentes resultaron heridos, cuatro de ellos de gravedad, en la protesta de ultraderecha del s\u00e1bado. Entre las lesiones se reportaron dientes rotos, posible fractura de nariz, una conmoci\u00f3n cerebral, una hernia discal y un golpe en la cabeza, indic\u00f3 la fuerza en un comunicado la noche del s\u00e1bado.\n    <\/p>\n","protected":false},"excerpt":{"rendered":"CNN \u00a0\u2014\u00a0 El multimillonario Elon Musk afirm\u00f3 este s\u00e1bado que el Reino Unido necesita un \u201ccambio de gobierno&hellip;\n","protected":false},"author":2,"featured_media":115927,"comment_status":"","ping_status":"","sticky":false,"template":"","format":"standard","meta":{"footnotes":""},"categories":[42],"tags":[17,18,11405,13,14,11,590,61,62,63,64,19,20,890,9,10,15,16,2444,12,21,22,65,66,67],"class_list":{"0":"post-115926","1":"post","2":"type-post","3":"status-publish","4":"format-standard","5":"has-post-thumbnail","7":"category-internacional","8":"tag-breaking-news","9":"tag-breakingnews","10":"tag-elon-musk","11":"tag-featured-news","12":"tag-featurednews","13":"tag-headlines","14":"tag-inmigracion","15":"tag-internacional","16":"tag-international","17":"tag-international-news","18":"tag-internationalnews","19":"tag-latest-news","20":"tag-latestnews","21":"tag-migrantes","22":"tag-news","23":"tag-noticias","24":"tag-noticias-destacadas","25":"tag-noticiasdestacadas","26":"tag-reino-unido","27":"tag-titulares","28":"tag-ultimas-noticias","29":"tag-ultimasnoticias","30":"tag-world","31":"tag-world-news","32":"tag-worldnews"},"share_on_mastodon":{"url":"","error":""},"_links":{"self":[{"href":"https:\/\/www.europesays.com\/es\/wp-json\/wp\/v2\/posts\/115926","targetHints":{"allow":["GET"]}}],"collection":[{"href":"https:\/\/www.europesays.com\/es\/wp-json\/wp\/v2\/posts"}],"about":[{"href":"https:\/\/www.europesays.com\/es\/wp-json\/wp\/v2\/types\/post"}],"author":[{"embeddable":true,"href":"https:\/\/www.europesays.com\/es\/wp-json\/wp\/v2\/users\/2"}],"replies":[{"embeddable":true,"href":"https:\/\/www.europesays.com\/es\/wp-json\/wp\/v2\/comments?post=115926"}],"version-history":[{"count":0,"href":"https:\/\/www.europesays.com\/es\/wp-json\/wp\/v2\/posts\/115926\/revisions"}],"wp:featuredmedia":[{"embeddable":true,"href":"https:\/\/www.europesays.com\/es\/wp-json\/wp\/v2\/media\/115927"}],"wp:attachment":[{"href":"https:\/\/www.europesays.com\/es\/wp-json\/wp\/v2\/media?parent=115926"}],"wp:term":[{"taxonomy":"category","embeddable":true,"href":"https:\/\/www.europesays.com\/es\/wp-json\/wp\/v2\/categories?post=115926"},{"taxonomy":"post_tag","embeddable":true,"href":"https:\/\/www.europesays.com\/es\/wp-json\/wp\/v2\/tags?post=115926"}],"curies":[{"name":"wp","href":"https:\/\/api.w.org\/{rel}","templated":true}]}}