{"id":115930,"date":"2025-09-15T05:30:21","date_gmt":"2025-09-15T05:30:21","guid":{"rendered":"https:\/\/www.europesays.com\/es\/115930\/"},"modified":"2025-09-15T05:30:21","modified_gmt":"2025-09-15T05:30:21","slug":"corrida-de-toros-en-muro","status":"publish","type":"post","link":"https:\/\/www.europesays.com\/es\/115930\/","title":{"rendered":"CORRIDA DE TOROS EN MURO"},"content":{"rendered":"<p class=\"ft-text ft-helper-closenews\"><strong>Tras ocho a\u00f1os de inactividad taurina la plaza de toros de Muro reabri\u00f3 ayer sus puertas para acoger una corrida de toros.<\/strong> Una reapertura fruto del esfuerzo moral y econ\u00f3mico de Balears Cambio de Tercio, empresa organizadora del festejo.<\/p>\n<p class=\"ft-text\">La plaza registr\u00f3 un<strong> lleno aparente<\/strong>. Salieron por toriles<strong> seis astados<\/strong> desiguales de presentaci\u00f3n y juego, de pobres y sospechosas defensas y faltos de trap\u00edo a excepci\u00f3n del sexto, el \u00fanico con aspecto de toro.<\/p>\n<p class=\"ft-text\">Lo m\u00e1s inadmisible es que la autoridad competente; presidente, delegado gubernativo y asesor t\u00e9cnico, permitiese que no se respetase el orden de lidia de los espadas actuantes ignorando lo que estipula el Reglamento Nacional de Espect\u00e1culos Taurinos que determina que los espadas anunciados estoquear\u00e1n por orden de antig\u00fcedad profesional todas las reses que se lidien en la corrida. Un hecho, se\u00f1ores \u2018taurinos\u2019, que s\u00ed vulnera de forma flagrante los principios de integridad profesional exigibles a quienes ejercen funciones t\u00e9cnicas y empresariales. Este hecho de distorsionar el orden de lidia no solo resulta inadmisible desde un punto de vista \u00e9tico, sino que constituye un evidente y palmario conflicto de intereses. As\u00ed las cosas de Miranda y Conde invirtieron el orden.<\/p>\n<p><img decoding=\"async\" src=\"https:\/\/www.europesays.com\/es\/wp-content\/uploads\/2025\/09\/f024487d-967b-4f41-8941-aef0bb0569cb_alta-libre-aspect-ratio_default_0.jpg\" width=\"1200\" height=\"800\" alt=\"Aspecto general del lleno que presentaban los tendidos en La Monumental de Muro\" class=\"ft-helper-img-rd\" loading=\"lazy\" hasdataaida=\"true\"\/><\/p>\n<p class=\"ft-helper-fontColor-quaternary ft-helper-fontSize-body-S ft-helper-spacer-t-xxs\">Aspecto general del lleno que presentaban los tendidos en La Monumental de Muro  \/ Guillem Bosch<\/p>\n<p>JAVIER CONDE<\/p>\n<p class=\"ft-text\"><strong>Desconfiado y con excesivas precauciones anduvo en ambos recibos capoteros.<\/strong> Con su peculiar estilo logr\u00f3 redondos de buena factura a su primero, pero el animal doblaba las manos al final de cada serie. Se gust\u00f3 en algunos pasajes de la faena aunque no llegara a ajustarse. Lo envi\u00f3 al desolladero tras tres pinchazos y una estocada trasera tendida. Su segundo fue un inv\u00e1lido que rod\u00f3 estrepitosamente por los suelos durante toda la faena a pesar de las labores de enfermero por parte de Conde por mantener al animalito en pie. Aquello fue un quiero y no puedo. Tras catorce minutos sin que sonara el aviso, lo pasaport\u00f3 de dos pinchazos y estocada.<\/p>\n<p><img decoding=\"async\" src=\"https:\/\/www.europesays.com\/es\/wp-content\/uploads\/2025\/09\/aa769383-2bc5-4eaf-af68-38c3c85b2c1a_alta-libre-aspect-ratio_default_0.jpg\" width=\"1200\" height=\"800\" alt=\"Javier Conde iniciando su labor muleteril al segundo de la tarde\" class=\"ft-helper-img-rd\" loading=\"lazy\" hasdataaida=\"true\"\/><\/p>\n<p class=\"ft-helper-fontColor-quaternary ft-helper-fontSize-body-S ft-helper-spacer-t-xxs\">Javier Conde iniciando su labor muleteril al segundo de la tarde  \/ Guillem Bosch<\/p>\n<p>DAVID DE MIRANDA<\/p>\n<p class=\"ft-text\"><strong>Sin acople en el saludo al que abri\u00f3 plaza. <\/strong>Con estatuarios en el centro inici\u00f3 la faena con la franela. Toreo asentado y con acople, con series en la corta distancia debido a la escasez de fuerza y empuje de su oponente. Una serie de bernadinas precedieron a una impecable estocada. Dos orejas. Largo recibo con el percal al cuarto donde el astado ya mostr\u00f3 su falta de fuerzas perdiendo las manos tras cada lance. Inici\u00f3 el \u00faltimo tercio con sublimes ayudados por bajo, pero el de Garcigrande carec\u00eda de entrega y por tanto falt\u00f3 ligaz\u00f3n entre muletazo y muletazo. Estocada trasera y tendida de efecto fulminante. Dos orejas.<\/p>\n<p>MARCO P\u00c9REZ<\/p>\n<p class=\"ft-text\"><strong>Con clase y mucho gusto manej\u00f3 la capa en ambos. <\/strong>Excelente faena bien estructurada ligando series largas haciendo alarde de un sobrado oficio y amplio repertorio. Entendi\u00f3 a la perfecci\u00f3n al tercero, de El Pilar, un gran toro, de embestida franca midiendo los tiempos entre tanda y tanda. Valor, entrega y poder fueron la base. Estocada entera, pero trasera y tres descabellos tras quince minutos sin que sonase el aviso. Dos orejas.Con el que cerraba plaza, de largo recorrido pero algo rebrincado anduvo firme, reboz\u00e1ndose el toro hasta el hombro contrario en cada pase de pecho. Estocada casi entera que cay\u00f3 baja y descabello. Dos orejas y rabo. \u00a1Ancha es Castilla!<\/p>\n<p><img decoding=\"async\" src=\"https:\/\/www.europesays.com\/es\/wp-content\/uploads\/2025\/09\/d6fe99d9-b901-4c9c-b6f4-d20b35196150_alta-libre-aspect-ratio_default_0.jpg\" width=\"1200\" height=\"800\" alt=\"Marco P\u00e9rez, ante Potrico, de El Pilar, premiado con la vuelta al ruedo\" class=\"ft-helper-img-rd\" loading=\"lazy\" hasdataaida=\"true\"\/><\/p>\n<p class=\"ft-helper-fontColor-quaternary ft-helper-fontSize-body-S ft-helper-spacer-t-xxs\">Marco P\u00e9rez, ante Potrico, de El Pilar, premiado con la vuelta al ruedo  \/ Guillem Bosch<\/p>\n<p>Protesta de los antitaurinos antes de la corrida<\/p>\n<p class=\"ft-text\">Distintas entidades antitaurinas llevaron a cabo ayer por la tarde una protesta ante el coso de Muro para manifestar su <strong>rechazo <\/strong>a las corridas de toros y a su recuperaci\u00f3n en este municipio. Los convocantes fueron <strong>Satya Animal, Progreso en Verde, Mallorca Against Bullfighting, Estalla y la Fundaci\u00f3n Franz Weber<\/strong>.<\/p>\n<p><img decoding=\"async\" src=\"https:\/\/www.europesays.com\/es\/wp-content\/uploads\/2025\/09\/f50f54bf-eebd-4e17-9870-c6df875b9ee1_alta-libre-aspect-ratio_default_0.jpg\" width=\"1200\" height=\"800\" alt=\"Protesta de los antitaurinos antes de la corrida\" class=\"ft-helper-img-rd\" loading=\"lazy\" hasdataaida=\"true\"\/><\/p>\n<p class=\"ft-helper-fontColor-quaternary ft-helper-fontSize-body-S ft-helper-spacer-t-xxs\">Protesta de los antitaurinos antes de la corrida  \/ Guillem Bosch<\/p>\n<p data-close=\"closedContent\" class=\"subscribeHideForDisplay\">Suscr\u00edbete para seguir leyendo<\/p>\n","protected":false},"excerpt":{"rendered":"Tras ocho a\u00f1os de inactividad taurina la plaza de toros de Muro reabri\u00f3 ayer sus puertas para acoger&hellip;\n","protected":false},"author":2,"featured_media":115931,"comment_status":"","ping_status":"","sticky":false,"template":"","format":"standard","meta":{"footnotes":""},"categories":[277],"tags":[8657,5436,373,1904,168,25,24,3956,1479,38907,23,167,374,913,10424],"class_list":{"0":"post-115930","1":"post","2":"type-post","3":"status-publish","4":"format-standard","5":"has-post-thumbnail","7":"category-toreo","8":"tag-antitaurinos","9":"tag-buen","10":"tag-bullfighting","11":"tag-corridas-de-toros","12":"tag-deportes","13":"tag-es","14":"tag-espana","15":"tag-gran","16":"tag-lluvia","17":"tag-potrico","18":"tag-spain","19":"tag-sports","20":"tag-toreo","21":"tag-toro","22":"tag-trofeos"},"share_on_mastodon":{"url":"","error":""},"_links":{"self":[{"href":"https:\/\/www.europesays.com\/es\/wp-json\/wp\/v2\/posts\/115930","targetHints":{"allow":["GET"]}}],"collection":[{"href":"https:\/\/www.europesays.com\/es\/wp-json\/wp\/v2\/posts"}],"about":[{"href":"https:\/\/www.europesays.com\/es\/wp-json\/wp\/v2\/types\/post"}],"author":[{"embeddable":true,"href":"https:\/\/www.europesays.com\/es\/wp-json\/wp\/v2\/users\/2"}],"replies":[{"embeddable":true,"href":"https:\/\/www.europesays.com\/es\/wp-json\/wp\/v2\/comments?post=115930"}],"version-history":[{"count":0,"href":"https:\/\/www.europesays.com\/es\/wp-json\/wp\/v2\/posts\/115930\/revisions"}],"wp:featuredmedia":[{"embeddable":true,"href":"https:\/\/www.europesays.com\/es\/wp-json\/wp\/v2\/media\/115931"}],"wp:attachment":[{"href":"https:\/\/www.europesays.com\/es\/wp-json\/wp\/v2\/media?parent=115930"}],"wp:term":[{"taxonomy":"category","embeddable":true,"href":"https:\/\/www.europesays.com\/es\/wp-json\/wp\/v2\/categories?post=115930"},{"taxonomy":"post_tag","embeddable":true,"href":"https:\/\/www.europesays.com\/es\/wp-json\/wp\/v2\/tags?post=115930"}],"curies":[{"name":"wp","href":"https:\/\/api.w.org\/{rel}","templated":true}]}}