{"id":115932,"date":"2025-09-15T05:33:12","date_gmt":"2025-09-15T05:33:12","guid":{"rendered":"https:\/\/www.europesays.com\/es\/115932\/"},"modified":"2025-09-15T05:33:12","modified_gmt":"2025-09-15T05:33:12","slug":"asi-sono-el-himno-de-espana-antes-del-partido-contra-dinamarca-en-la-davis","status":"publish","type":"post","link":"https:\/\/www.europesays.com\/es\/115932\/","title":{"rendered":"as\u00ed son\u00f3 el himno de Espa\u00f1a antes del partido contra Dinamarca en la Davis"},"content":{"rendered":"<p><strong>Espa\u00f1a<\/strong> y la <strong>Davis<\/strong>. El golpe de abanico predomina en <a href=\"https:\/\/okdiario.com\/deportes\/fortin-llamado-puente-romano-espana-davis-15404101\" target=\"_blank\" rel=\"noopener noreferrer nofollow\"><strong>Puente Romano<\/strong><\/a>. \u00ab\u00a1C\u00f3mo pega!\u00bb, le dice un aficionado a otro. La temperatura elev\u00f3 sus cotas cuando el <a href=\"https:\/\/okdiario.com\/deportes\/espana-vuelve-tierra-prometida-davis-imbatibilidad-otro-siglo-15392394\" target=\"_blank\" rel=\"noopener noreferrer nofollow\">equipo espa\u00f1ol<\/a> hizo acto de presencia en la <a href=\"https:\/\/www.rfet.es\/\" rel=\"nofollow noopener\" target=\"_blank\">pista<\/a> central. Abanderados por <strong>David Ferrer<\/strong>, capit\u00e1n del equipo espa\u00f1ol, la n\u00f3mina de raquetas espa\u00f1olas acudi\u00f3 al centro de la pista, donde ya esperaban sus hom\u00f3nimos daneses para escuchar los acordes de los himnos nacionales.<\/p>\n<p>Primero el n\u00f3rdico, cantado por varios sectores de la grada. \u00ab\u00a1Denmark!\u00bb. Un martillo desde los asientos. Y despu\u00e9s, el himno de Espa\u00f1a. Todos los tenistas espa\u00f1oles abrazados mientras las banderas espa\u00f1olas presid\u00edan en todos los rincones. Cuarta vez que Puente Romano se engalana para recibir a Espa\u00f1a dentro del marco de la <strong>Copa Davis<\/strong>. Las tres anteriores se saldaron con victoria.<\/p>\n<p>La primera, en 1989, contra\u00a0<strong>M\u00e9xico<\/strong>. El equipo espa\u00f1ol estaba formado por\u00a0<strong>Emilio S\u00e1nchez Vicario, Jorge Arrese, Javier S\u00e1nchez Vicario y Sergio Casal con Manuel Orantes<\/strong>\u00a0como capit\u00e1n. De aquella edici\u00f3n se recuerda que los organizadores decidieron introducir la muerte s\u00fabita en todos los sets menos en el \u00faltimo.<\/p>\n<p>En 2018 fue<strong>\u00a0Reino Unido<\/strong>\u00a0quien se present\u00f3 y le sali\u00f3 cruz en Puente Romano. En ausencia de\u00a0<strong>Nadal<\/strong>\u00a0emergi\u00f3\u00a0<strong>Albert Ramos<\/strong>, ganador de dos de los tres puntos de la Armada. Cuatro a\u00f1os despu\u00e9s, en 2022, la Espa\u00f1a rindi\u00f3 cuentas de\u00a0Ruman\u00eda\u00a0el d\u00eda que\u00a0<strong>Alcaraz<\/strong>\u00a0debut\u00f3 en la Davis. Un triunfo m\u00e1s trabajado de lo esperado tras la derrota en los dobles. El murciano lleg\u00f3, vio y venci\u00f3 a\u00a0<strong>Copil<\/strong>. Sell\u00f3 el segundo punto de Espa\u00f1a.<\/p>\n<p>Este fin de semana se disputa la cuarta sinfon\u00eda. Cabe recordar, para m\u00e1s optimismo, que la Armada no ha perdido ninguna de las \u00faltimas 28 que ha disputado sobre tierra batida, superficie a la que volver\u00e1n despu\u00e9s de tres a\u00f1os. Espa\u00f1a no cede una eliminatoria sobre arcilla desde 1999, cuando la <strong>Brasil<\/strong>\u00a0de\u00a0<strong>Gustavo Kuerten<\/strong>\u00a0se impuso. Desde entonces ninguna cruz.<\/p>\n","protected":false},"excerpt":{"rendered":"Espa\u00f1a y la Davis. El golpe de abanico predomina en Puente Romano. \u00ab\u00a1C\u00f3mo pega!\u00bb, le dice un aficionado&hellip;\n","protected":false},"author":2,"featured_media":115933,"comment_status":"","ping_status":"","sticky":false,"template":"","format":"standard","meta":{"footnotes":""},"categories":[274],"tags":[168,25,24,23,167,327,326],"class_list":{"0":"post-115932","1":"post","2":"type-post","3":"status-publish","4":"format-standard","5":"has-post-thumbnail","7":"category-tenis","8":"tag-deportes","9":"tag-es","10":"tag-espana","11":"tag-spain","12":"tag-sports","13":"tag-tenis","14":"tag-tennis"},"share_on_mastodon":{"url":"","error":""},"_links":{"self":[{"href":"https:\/\/www.europesays.com\/es\/wp-json\/wp\/v2\/posts\/115932","targetHints":{"allow":["GET"]}}],"collection":[{"href":"https:\/\/www.europesays.com\/es\/wp-json\/wp\/v2\/posts"}],"about":[{"href":"https:\/\/www.europesays.com\/es\/wp-json\/wp\/v2\/types\/post"}],"author":[{"embeddable":true,"href":"https:\/\/www.europesays.com\/es\/wp-json\/wp\/v2\/users\/2"}],"replies":[{"embeddable":true,"href":"https:\/\/www.europesays.com\/es\/wp-json\/wp\/v2\/comments?post=115932"}],"version-history":[{"count":0,"href":"https:\/\/www.europesays.com\/es\/wp-json\/wp\/v2\/posts\/115932\/revisions"}],"wp:featuredmedia":[{"embeddable":true,"href":"https:\/\/www.europesays.com\/es\/wp-json\/wp\/v2\/media\/115933"}],"wp:attachment":[{"href":"https:\/\/www.europesays.com\/es\/wp-json\/wp\/v2\/media?parent=115932"}],"wp:term":[{"taxonomy":"category","embeddable":true,"href":"https:\/\/www.europesays.com\/es\/wp-json\/wp\/v2\/categories?post=115932"},{"taxonomy":"post_tag","embeddable":true,"href":"https:\/\/www.europesays.com\/es\/wp-json\/wp\/v2\/tags?post=115932"}],"curies":[{"name":"wp","href":"https:\/\/api.w.org\/{rel}","templated":true}]}}