{"id":115934,"date":"2025-09-15T05:34:08","date_gmt":"2025-09-15T05:34:08","guid":{"rendered":"https:\/\/www.europesays.com\/es\/115934\/"},"modified":"2025-09-15T05:34:08","modified_gmt":"2025-09-15T05:34:08","slug":"alberto-de-monaco-evacuado-de-la-vuelta-ciclista-en-madrid","status":"publish","type":"post","link":"https:\/\/www.europesays.com\/es\/115934\/","title":{"rendered":"Alberto de M\u00f3naco evacuado de la vuelta ciclista en Madrid"},"content":{"rendered":"<p data-journey-content=\"true\" data-node-id=\"3\" class=\"css-i9p093 emevuu60\">El <a href=\"https:\/\/www.diezminutos.es\/familia-real\/otras-monarquias\/a61094201\/alberto-de-monaco-docuserie-familia-grimaldi-charlene\/\" target=\"_blank\" data-vars-ga-outbound-link=\"https:\/\/www.diezminutos.es\/familia-real\/otras-monarquias\/a61094201\/alberto-de-monaco-docuserie-familia-grimaldi-charlene\/\" data-vars-ga-ux-element=\"Hyperlink\" data-vars-ga-call-to-action=\"Pr\u00edncipe Alberto de M\u00f3naco, de 66 a\u00f1os,\" data-node-id=\"3.1\" data-mrf-link=\"https:\/\/www.diezminutos.es\/familia-real\/otras-monarquias\/a61094201\/alberto-de-monaco-docuserie-familia-grimaldi-charlene\/\" class=\"body-link css-177bzfx emevuu60\" rel=\"nofollow noopener\">Pr\u00edncipe Alberto de M\u00f3naco, de 66 a\u00f1os,<\/a> ha tenido que ser evacuado de Madrid por las protestas. El jefe de Estado monegasco se encontraba en la capital, junto a otros muchos representantes del deporte la cultura y la pol\u00edtica, para asistir a los actos de clausura de vuelta espa\u00f1ola cuando ha tenido que ser trasladado de manera preventiva a un lugar seguro. Todo ello, debido a <strong data-node-id=\"3.3\">las protestas propalestinas en el centro de la capital espa\u00f1ola que han llevado a cancelar finalmente la \u00faltima etapa de la esta competici\u00f3n deportiva. <\/strong><\/p>\n<p data-journey-content=\"true\" data-node-id=\"6\" class=\"css-i9p093 emevuu60\">La presencia de <strong data-node-id=\"6.1\">Alberto de M\u00f3naco en la capital se deb\u00eda a la pr\u00f3xima edici\u00f3n de esta competici\u00f3n ciclista est\u00e1 prevista que arranque en Montecarlo<\/strong>, reforzando as\u00ed la proyecci\u00f3n internacional de la carrera y sus lazos con el Principado.<\/p>\n<p data-journey-content=\"true\" data-node-id=\"8\" class=\"css-i9p093 emevuu60\">Las manifestaciones, que se llevan celebrando desde el inicio de la Vuelta en Tur\u00edn, se han convocado en las inmediaciones del recorrido final, obligaron a reforzar las medidas de seguridad. Ni los m\u00e1s de 2.500 agentes entre polic\u00edas, guardias civiles y equipos de seguridad han podido hacer frente a las protestas que han tenido <strong data-node-id=\"8.1\">su punto \u00e1lgido en la zona de El Paseo del Prado mirando hacia la estaci\u00f3n ferroviaria de Atocha.<\/strong><\/p>\n<p><img draggable=\"true\" alt=\"vatican monaco religion royals\" title=\"VATICAN-MONACO-RELIGION-ROYALS\" loading=\"lazy\" width=\"6000\" height=\"4300\" decoding=\"async\" data-nimg=\"1\" style=\"color:transparent;width:100%;height:auto;\"   src=\"https:\/\/www.europesays.com\/es\/wp-content\/uploads\/2025\/09\/monacos-prince-alberto-ii-gets-out-of-a-car-at-the-san-news-photo-1757872946.pjpeg\" class=\"css-0 e1g79fud0\"\/><\/p>\n<p>TIZIANA FABI\/\/Getty Images<\/p>\n<p><strong data-node-id=\"12\"><br data-node-id=\"12.0\"\/><\/strong><\/p>\n<p data-journey-content=\"true\" data-node-id=\"15\" class=\"css-i9p093 emevuu60\"> La Vuelta, que celebraba su 90\u00aa edici\u00f3n, ha estado marcada por<strong data-node-id=\"15.1\"> las protestas contra el \u00abgenocidio\u00bb en Gaza.<\/strong> Unas manifestaciones que se han repetido a lo largo de todo el recorrido po<strong data-node-id=\"15.3\">r la presencia del equipo Israel-Premier Tech.<\/strong> <\/p>\n<p data-journey-content=\"true\" data-node-id=\"17\" class=\"css-i9p093 emevuu60\">Unas concentraciones que han llevado a cancelar todos los actos previstos, la entrega de medallas y que han llevado a tomar decisiones de \u00faltima hora como<strong data-node-id=\"17.1\"> trasladar de forma preventiva al pr\u00edncipe Alberto a un lugar seguro<\/strong> antes de la finalizaci\u00f3n para evitar incidentes mayores. <\/p>\n<p data-journey-content=\"true\" data-node-id=\"19\" class=\"css-i9p093 emevuu60\">Eran las c\u00e1maras de TVE las que captaban la \u00fanica imagen del hijo de Grace Kelly y Rainero, vestido de manera informal, abandonando el centro de la capital, arropado por sus escoltas. Una imagen ins\u00f3lita que el marido de Charlene seguro que no olvidar\u00e1. <\/p>\n<p><img draggable=\"true\" alt=\"la vuelta 80th tour of spain 2025 stage 21\" title=\"La Vuelta - 80th Tour of Spain 2025 - Stage 21\" loading=\"lazy\" width=\"1024\" height=\"668\" decoding=\"async\" data-nimg=\"1\" style=\"color:transparent;width:100%;height:auto;\"   src=\"https:\/\/www.europesays.com\/es\/wp-content\/uploads\/2025\/09\/general-view-of-the-peloton-is-at-a-standstill-due-to-the-news-photo-1757873043.pjpeg\" class=\"css-0 e1g79fud0\"\/><\/p>\n<p>Dario Belingheri\/\/Getty Images<\/p>\n<p><img src=\"https:\/\/www.europesays.com\/es\/wp-content\/uploads\/2025\/09\/1757914448_269_4104b2dc-9d92-4a2f-a41f-327dc6377620_1734436473.jpg\" alt=\"Headshot of Valentina Vera\" title=\"Headshot of Valentina Vera\" width=\"100%\" height=\"100%\" decoding=\"async\" loading=\"lazy\" class=\"css-o0wq4v ev8dhu53\"\/><\/p>\n<p>Valentina Vera es una periodista experta en cr\u00f3nica rosa, realidad, &#8216;reality&#8217;, moda y belleza. Siempre al d\u00eda de las \u00faltimas novedades de los famosos nacionales e internacionales y de las casas reales europeas. Su trabajo como redactora le permite ser testigo de las bodas de los personajes m\u00e1s relevantes del panorama social; de alfombras rojas; de funerales de Estado o de acontecimientos hist\u00f3ricos: como la proclamaci\u00f3n de Felipe VI como Rey o la coronaci\u00f3n de Carlos III de Inglaterra.<br \/>\nLicenciada en Periodismo por la Universidad Complutense de Madrid. Comenz\u00f3 su andadura en el mundo del coraz\u00f3n en el a\u00f1o 2013 en la revista \u00a1Hola! Y desde 2014 forma parte del grupo Hearst, donde ha ido adquiriendo experiencia tanto en la edici\u00f3n impresa como en el formato web de la revista Diez Minutos.<br \/>\nEl medio digital le apasiona por la inmediatez en la que sus lectores pueden ser testigos de lo que sucede en la vida de los famosos desde cualquier parte del mundo. Instagram, Twitter y TikTok se han convertido en una herramienta m\u00e1s de informaci\u00f3n a la hora de crear, gestionar y organizar el contenido, ya que le permiten conocer la \u00faltima hora de lo que sucede en la vida de los famosos.<br \/>\nEn constante formaci\u00f3n de estrategias y t\u00e9cnicas de optimizaci\u00f3n digital para su trabajo como redactora, en la actualidad tambi\u00e9n se encuentra estudiando Diet\u00e9tica. Llevar un estilo de vida saludable es algo que le apasiona y cree que la nutrici\u00f3n es una parte fundamental.<\/p>\n","protected":false},"excerpt":{"rendered":"El Pr\u00edncipe Alberto de M\u00f3naco, de 66 a\u00f1os, ha tenido que ser evacuado de Madrid por las protestas.&hellip;\n","protected":false},"author":2,"featured_media":115935,"comment_status":"","ping_status":"","sticky":false,"template":"","format":"standard","meta":{"footnotes":""},"categories":[273],"tags":[313,312,168,253,25,24,23,167],"class_list":{"0":"post-115934","1":"post","2":"type-post","3":"status-publish","4":"format-standard","5":"has-post-thumbnail","7":"category-ciclismo","8":"tag-ciclismo","9":"tag-cycling","10":"tag-deportes","11":"tag-discover","12":"tag-es","13":"tag-espana","14":"tag-spain","15":"tag-sports"},"share_on_mastodon":{"url":"","error":""},"_links":{"self":[{"href":"https:\/\/www.europesays.com\/es\/wp-json\/wp\/v2\/posts\/115934","targetHints":{"allow":["GET"]}}],"collection":[{"href":"https:\/\/www.europesays.com\/es\/wp-json\/wp\/v2\/posts"}],"about":[{"href":"https:\/\/www.europesays.com\/es\/wp-json\/wp\/v2\/types\/post"}],"author":[{"embeddable":true,"href":"https:\/\/www.europesays.com\/es\/wp-json\/wp\/v2\/users\/2"}],"replies":[{"embeddable":true,"href":"https:\/\/www.europesays.com\/es\/wp-json\/wp\/v2\/comments?post=115934"}],"version-history":[{"count":0,"href":"https:\/\/www.europesays.com\/es\/wp-json\/wp\/v2\/posts\/115934\/revisions"}],"wp:featuredmedia":[{"embeddable":true,"href":"https:\/\/www.europesays.com\/es\/wp-json\/wp\/v2\/media\/115935"}],"wp:attachment":[{"href":"https:\/\/www.europesays.com\/es\/wp-json\/wp\/v2\/media?parent=115934"}],"wp:term":[{"taxonomy":"category","embeddable":true,"href":"https:\/\/www.europesays.com\/es\/wp-json\/wp\/v2\/categories?post=115934"},{"taxonomy":"post_tag","embeddable":true,"href":"https:\/\/www.europesays.com\/es\/wp-json\/wp\/v2\/tags?post=115934"}],"curies":[{"name":"wp","href":"https:\/\/api.w.org\/{rel}","templated":true}]}}