{"id":115938,"date":"2025-09-15T05:36:09","date_gmt":"2025-09-15T05:36:09","guid":{"rendered":"https:\/\/www.europesays.com\/es\/115938\/"},"modified":"2025-09-15T05:36:09","modified_gmt":"2025-09-15T05:36:09","slug":"el-class-sant-antoni-se-gusta-en-la-copa-de-espana","status":"publish","type":"post","link":"https:\/\/www.europesays.com\/es\/115938\/","title":{"rendered":"El Class Sant Antoni se gusta en la Copa de Espa\u00f1a"},"content":{"rendered":"<p class=\"ft-text\">El Class B\u00e0squet Sant Antoni consigui\u00f3 este domingo la primera victoria en la era de <strong>Josep Maria Berrocal <\/strong>como entrenador. En el primer partido oficial del curso, en el <strong>estreno de la Copa de Espa\u00f1a<\/strong>, los isle\u00f1os superaron con much\u00edsima autoridad al Maderas Sorl\u00ed Benicarlo, a domicilio, por 65-90 en el grupo F de la competici\u00f3n. Con Dani de la R\u00faa y Greg Gantt fuera por motivos f\u00edsicos, los nuevos integrantes de la plantilla demostraron que se ha acertado de lleno con los fichajes.<\/p>\n<p class=\"ft-text\">Un espect\u00e1culo en el que se vieron el desparpajo de Iker Ruiz, la clase de Kai Johnson, la inteligencia de Santi Paz (el m\u00e1s valorado con un 22), el oficio de Solarin y Rodri G\u00f3mez, as\u00ed como el imponente trabajo de Zizic y Stoilov bajo los aros. Pero en esta maravilla, fue Blat el que acab\u00f3 como m\u00e1ximo anotador del partido con 21 puntos, gracias especialmente a su letalidad desde los 6,75 metros. Otro jugador descomunal, excelente tambi\u00e9n en la direcci\u00f3n de equipo.<\/p>\n<p class=\"ft-text\">Queda mucho por delante, pero despu\u00e9s de<strong> tutear al Palmer de Primera FEB <\/strong>en el Trofeu Aon y encajar una digna derrota, lleg\u00f3 la primera gran alegr\u00eda. Ante un rival de su misma categor\u00eda, los pitusos lo bordaron y dejaron claro que quieren ser una de las escuadras m\u00e1s importantes de la Segunda FEB. Que haberse quedado a las puertas del ascenso durante dos temporadas consecutivas no fue flor de un d\u00eda. Es verdad que el Benicarl\u00f3 no tuvo su d\u00eda, con unos porcentajes de tiro horribles, pero eso tambi\u00e9n se debe al buen trabajo de los sanantonienses, a pesar de ser un equipo muy renovado y que lleva poco tiempo entrenando.<\/p>\n<p class=\"ft-text\">Desde el inicio, el conjunto Portmany marc\u00f3 territorio. Y de qu\u00e9 manera.<strong> Dos triples consecutivos de Blat<\/strong> y un 2+1 de Stoilov (con mate incluido) fueron la carta de presentaci\u00f3n de los isle\u00f1os, que lo siguieron bordando. Intensidad defensiva, dominio del rebote y acierto en el tiro fueron las claves para destrozar al bloque local. La \u00faltima canasta del primer cuarto la anot\u00f3 Solarin, otro de los refuerzos de relumbr\u00f3n de los ibicencos, que acabaron el periodo 13-30.<\/p>\n<p class=\"ft-text\"><strong>El show continu\u00f3 <\/strong>en el segundo acto, con un 0-7 de salida. Stoilov comenz\u00f3 anotando un libre y Blat, descomunal, otros dos triples para fijar el 13-37 y obligar al entrenador del Benicarl\u00f3, Sergio Lam\u00faa, a pedir tiempo muerto. Sirvi\u00f3 de poco porque el Class era una m\u00e1quina casi perfecta. Con apenas dos semanas de entrenamientos, la mano de su nuevo entrenador ya se nota. La diferencia creci\u00f3 hasta los 25 puntos (21-46) y al descanso era de +26 (27-53).<\/p>\n<p class=\"ft-text\">En el retorno a la pista, el Benicarl\u00f3 tir\u00f3 de orgullo, a la vez que el Sant Antoni se relaj\u00f3 un poco. Con un 11-2 de salida a favor de los peninsulares, el marcador se fue al 38-55. Pero un triple de Johnson y una canasta de dos de Stoilov aplacaron la primera revoluci\u00f3n local. Sin embargo, los de Benicarl\u00f3 tuvieron fe y acabaron el periodo 16 abajo con un triple sobre la bocina de Pablo Harguindey (51-67). Llov\u00eda menos para ellos. Pero fue un espejismo.<\/p>\n<p class=\"ft-text\">Ya en el \u00faltimo cuarto, el Sant Antoni puso las cosas en su sitio. Se vieron los mejores minutos de<strong> Zizic<\/strong>, imponente en la pintura y acumulando puntos para los suyos. Pronto volvi\u00f3 el +20 para los isle\u00f1os (53-73), que acabaron hurgando en la herida del Maderas Sorl\u00ed para terminar venciendo por un incontestable 65-90.<\/p>\n<p class=\"ft-text\">El pr\u00f3ximo domingo, 21 de septiembre, el Sant Antoni visitar\u00e1 la cancha del <strong>Amics del B\u00e0squet Castell\u00f3<\/strong>, en la segunda jornada copera. El encuentro se disputar\u00e1 desde las 12 horas. Ser\u00e1 otra buena oportunidad para ver la evoluci\u00f3n de este ilusionante Class.<\/p>\n","protected":false},"excerpt":{"rendered":"El Class B\u00e0squet Sant Antoni consigui\u00f3 este domingo la primera victoria en la era de Josep Maria Berrocal&hellip;\n","protected":false},"author":2,"featured_media":115939,"comment_status":"","ping_status":"","sticky":false,"template":"","format":"standard","meta":{"footnotes":""},"categories":[269],"tags":[16437,299,298,4597,18993,2493,168,1053,25,24,285,9647,8729,23,167],"class_list":{"0":"post-115938","1":"post","2":"type-post","3":"status-publish","4":"format-standard","5":"has-post-thumbnail","7":"category-baloncesto","8":"tag-antoni","9":"tag-baloncesto","10":"tag-basketball","11":"tag-basquet","12":"tag-class","13":"tag-copa","14":"tag-deportes","15":"tag-domingo","16":"tag-es","17":"tag-espana","18":"tag-fichajes","19":"tag-gusta","20":"tag-sant","21":"tag-spain","22":"tag-sports"},"share_on_mastodon":{"url":"","error":""},"_links":{"self":[{"href":"https:\/\/www.europesays.com\/es\/wp-json\/wp\/v2\/posts\/115938","targetHints":{"allow":["GET"]}}],"collection":[{"href":"https:\/\/www.europesays.com\/es\/wp-json\/wp\/v2\/posts"}],"about":[{"href":"https:\/\/www.europesays.com\/es\/wp-json\/wp\/v2\/types\/post"}],"author":[{"embeddable":true,"href":"https:\/\/www.europesays.com\/es\/wp-json\/wp\/v2\/users\/2"}],"replies":[{"embeddable":true,"href":"https:\/\/www.europesays.com\/es\/wp-json\/wp\/v2\/comments?post=115938"}],"version-history":[{"count":0,"href":"https:\/\/www.europesays.com\/es\/wp-json\/wp\/v2\/posts\/115938\/revisions"}],"wp:featuredmedia":[{"embeddable":true,"href":"https:\/\/www.europesays.com\/es\/wp-json\/wp\/v2\/media\/115939"}],"wp:attachment":[{"href":"https:\/\/www.europesays.com\/es\/wp-json\/wp\/v2\/media?parent=115938"}],"wp:term":[{"taxonomy":"category","embeddable":true,"href":"https:\/\/www.europesays.com\/es\/wp-json\/wp\/v2\/categories?post=115938"},{"taxonomy":"post_tag","embeddable":true,"href":"https:\/\/www.europesays.com\/es\/wp-json\/wp\/v2\/tags?post=115938"}],"curies":[{"name":"wp","href":"https:\/\/api.w.org\/{rel}","templated":true}]}}