{"id":115943,"date":"2025-09-15T05:40:21","date_gmt":"2025-09-15T05:40:21","guid":{"rendered":"https:\/\/www.europesays.com\/es\/115943\/"},"modified":"2025-09-15T05:40:21","modified_gmt":"2025-09-15T05:40:21","slug":"no-soporto-a-juan-manuel-de-prada","status":"publish","type":"post","link":"https:\/\/www.europesays.com\/es\/115943\/","title":{"rendered":"No soporto a Juan Manuel de Prada"},"content":{"rendered":"<p style=\"\">Entro en la librer\u00eda Documenta para comprar el nuevo poemario de Valent\u00ed Puig, Llum enemiga. Cada vez que Valent\u00ed publica un poemario dedico algunos d\u00edas a ir de librer\u00eda en librer\u00eda y comprar todos los ejemplares que encuentro: pero no compro todos los de Documenta,  &#8230; La Casa del Libro o La Central, sino que compro uno en cada una, y al d\u00eda siguiente vuelvo a hacer la ronda. Pago siempre en efectivo. No quiero ser descubierto como un fan obsesivo: mi objetivo es que la editorial tenga la sensaci\u00f3n de que la buena poes\u00eda \u2013es decir, la poes\u00eda\u2013 tiene todav\u00eda un p\u00fablico y que contin\u00fae pagando a Valent\u00ed para que no deje nunca de escribir poemas. <\/p>\n<p class=\"voc-p\" style=\"\">Y en la primera parada del d\u00eda, en la librer\u00eda Documenta, me encuentro a mi querido Carlos Gonz\u00e1lez, jefe de gabinete del concejal de Cultura del Ayuntamiento de Barcelona, Xavier Marc\u00e9. Nos vemos poco con Carlos, menos de lo que yo querr\u00eda, pero le tengo un gran afecto desde hace muchos a\u00f1os. <\/p>\n<p class=\"voc-p\" style=\"\">Veo a Carlos con cara de preocupado, o m\u00e1s bien de ansioso, y lo voy a saludar y no es que no me salude, o que me rechace, pero se alegra poco de verme y enseguida me dice: \u00abes que necesito un libro y no lo encuentro\u00bb. Y cuando le pregunto cu\u00e1l, balbucea algo incomprensible e insiste, como si le costara un poco respirar: \u00abes que lo necesito, pero no lo encuentro\u00bb.<\/p>\n<p class=\"voc-p\" style=\"\">\u2014Dime cu\u00e1l y te ayudo.<\/p>\n<p class=\"voc-p\" style=\"\">\u2014Es que es una historia muy larga,<\/p>\n<p class=\"voc-p\" style=\"\">\u2014Bueno, pero tendr\u00e1 un t\u00edtulo.<\/p>\n<p class=\"voc-p\" style=\"\">\u2014Es que es muy fuerte lo que me ha pasado. Hasta me da verg\u00fcenza explicarlo.<\/p>\n<p class=\"voc-p\" style=\"\">Habla conmigo pero mirando a la dependienta y cuando queda libre se pone delante de ella, como si fuera un defensa, marc\u00e1ndola, y con voz de yonki le pide &#8216;Las m\u00e1scaras del h\u00e9roe&#8217;, de Juan Manuel de Prada. Documenta no tiene &#8216;Las m\u00e1scaras del h\u00e9roe&#8217;. Documenta, Documenta.<\/p>\n<p class=\"voc-p\" style=\"\">\u2014Si quiere se lo pido.<\/p>\n<p class=\"voc-p\" style=\"\">\u2014No, no, es que no es que quiera o no quiera, es que lo necesito ahora.<\/p>\n<p class=\"voc-p\" style=\"\">Carlos no est\u00e1 bien. En serio. No est\u00e1 haciendo comedia. No est\u00e1 bien por motivos que parece querer explicarme pero que no soy capaz de comprender. Compro mi ejemplar de &#8216;Llum enemiga&#8217;, le digo que \u00e9l compre otro con su tarjeta, para comprar dos pero sin dejar el mismo rastro, y aunque tampoco entiende por qu\u00e9 se lo pido lo hace sin decir nada, porque lo que quiere es irse r\u00e1pido a otra librer\u00eda en busca de su dosis, y me ofrezco acompa\u00f1arle a La Central, a ver si tenemos m\u00e1s suerte y por el camino me explica por qu\u00e9 est\u00e1 tan angustiado.<\/p>\n<p class=\"voc-p\" style=\"\">\u2014Yo es que estaba en Begur y no soportaba a Juan Manuel de Prada. No s\u00e9 por qu\u00e9, pero me ca\u00eda mal.<\/p>\n<p class=\"voc-p\" style=\"\">\u2014Carlos, pero si Juan Manuel es fant\u00e1stico.<\/p>\n<p class=\"voc-p\" style=\"\">\u2014Ya, pero yo estaba en Begur y me ca\u00eda mal \u2014me dice mirando al suelo mientras habla, y girando la mirada hacia m\u00ed al hacer las pausas como para cerciorarse de que le entiendo\u2014, y fui a cenar con Jaume Boix Angelats, que hasta hace poco, por lo visto, tampoco lo soportaba, y me dijo que no pod\u00eda pasar ni un minuto m\u00e1s de mi vida sin leer &#8216;Mil ojos esconde la noche&#8217;, y me lo dijo de una manera muy directa, m\u00e1s que como una recomendaci\u00f3n, como una exigencia. E incluso m\u00e1s que como una exigencia: como una acusaci\u00f3n por no haberlo le\u00eddo todav\u00eda.<\/p>\n<p class=\"voc-p\" style=\"\">\u2014Pero t\u00fa has pedido &#8216;Las m\u00e1scaras del h\u00e9roe&#8217;.<\/p>\n<p class=\"voc-p\" style=\"\">\u2014S\u00ed, bueno, claro, porque \u00e9sta cena con Jaume fue a principios de agosto, y yo que conste que no le hice caso. Es decir, s\u00ed, me sorprendi\u00f3 que me lo dijera, y c\u00f3mo me lo dijo, pero no le hice caso porque oye, yo en verano leo mucho, este verano he le\u00eddo 14 libros, pero me cuesta mucho leer a autores que me caen mal.<\/p>\n<p class=\"voc-p\" style=\"\">L\u00f3gicamente renuncio a preguntarle por qu\u00e9 le cae mal Juan Manuel y \u00e9l contin\u00faa explicando: <\/p>\n<p class=\"voc-p\" style=\"\">\u2014No hice caso a Jaume pero al cabo de pocos d\u00edas fui a otra cena en el Ampurd\u00e1n y otro amigo me dijo lo mismo y con el mismo tono casi amenazante de Jaume. Y a la semana siguiente, otra cena, y otra intimidaci\u00f3n, y me rend\u00ed. No quer\u00eda rendirme pero mucho menos ir a una cuarta cena y que me volviera a pasar lo mismo, de modo que de bastante mal humor cog\u00ed el coche, baj\u00e9 a Barcelona en pleno mes de agosto, que nunca lo hago, y compr\u00e9 el libro, que de hecho son dos, dos vol\u00famenes de 1.500 p\u00e1ginas, aunque esto no me sorprendi\u00f3 porque ya me lo hab\u00edan advertido.<\/p>\n<p class=\"voc-p\" style=\"\">\u2014Bueno, \u00bfy qu\u00e9?<\/p>\n<p class=\"voc-p\" style=\"\">\u2014Nunca m\u00e1s voy a dejar de leer a nadie si me cae mal. Nunca m\u00e1s, te lo prometo. <\/p>\n<p class=\"voc-p\" style=\"\">\u2014Pero es que adem\u00e1s esto de que te cae mal Juan Manuel no es verdad. <\/p>\n<p class=\"voc-p\" style=\"\">\u2014\u00bfT\u00fa lo conoces?<\/p>\n<p class=\"voc-p\" style=\"\">\u2014S\u00ed, s\u00ed.<\/p>\n<p class=\"voc-p\" style=\"\">\u2014Es que empec\u00e9 a leer su libro y no pod\u00eda parar, la descripci\u00f3n de todo era extraordinaria, y aunque es ficci\u00f3n es verdad, y yo he estudiado Historia, y s\u00e9 perfectamente de lo que habla; y qu\u00e9 bien escribe, y c\u00f3mo retrata lo hijo de puta que es el protagonista, tan sibilino, tan malvado. \u00bfPero t\u00fa lo conoces?, porque ahora me fascina, de verdad, y me gustar\u00eda conocerlo, es que quiero ir a Madrid cuando sea, cuando \u00e9l diga, y poder tomar con \u00e9l un caf\u00e9. \u00bfPero t\u00fa crees que querr\u00e1 perder el tiempo con alguien como yo?<\/p>\n<p class=\"voc-p\" style=\"\">\u2014Claro, Carlos. Yo lo conozco, estar\u00e1 encantado.<\/p>\n<p class=\"voc-p\" style=\"\">En La Central tampoco tienen &#8216;Las m\u00e1scaras del h\u00e9roe&#8217;. Pero tienen cuatro ejemplares de Llum enemiga y entonces compro dos en efectivo, otro con la Revolut que utiliza mi hija y el cuarto lo vuelve a comprar Carlos. Procuro no hacer ostentaci\u00f3n de mis ejemplares aunque me cuesta nada me hace sentir m\u00e1s orgulloso \u2013y m\u00e1s chulo, de la misma chuler\u00eda con que otros presumen de coche o de chica\u2013 que ir por la calle con seis Valent\u00ed Puig. No los llevo en una bolsa. Los llevo en la mano, para que todo el mundo los vea. Pero los llevo en la mano de fuera, para que no rocen con el cuerpo de Carlos y le obliguen a recordar que \u00e9l lo suyo todav\u00eda no lo tiene. Vamos a La Casa del Libro y al fin encontramos las m\u00e1scaras. \u00abPero s\u00f3lo queda uno\u00bb, dice Carlos preocupado. \u00ab\u00bfC\u00f3mo puede ser que s\u00f3lo tengan uno?\u00bb, y lo compra y no lo abre como para empezar a leer precipitadamente, pero lo sujeta fuerte y con las dos manos, como para evitar que se le escape.<\/p>\n<p class=\"voc-p\" style=\"\">\u2014Cuando termin\u00e9 &#8216;Mil ojos esconde la noche&#8217; empec\u00e9 a leerlo todo sobre de Prada y ayer por la noche me di cuenta de que este libro ten\u00eda una precuela, &#8216;La m\u00e1scara del h\u00e9roe&#8217;, pero cuando me di cuenta era demasiado tarde y he bajado esta ma\u00f1ana.<\/p>\n<p class=\"voc-p\" style=\"\">Juan Manuel de Prada va a conocer esta historia al mismo tiempo que los dem\u00e1s lectores. Hemos intercambiado alg\u00fan mensaje pero no es verdad que le conozca, aunque estoy seguro de que estar\u00e1 encantado de recibir a Carlos. Valent\u00ed Puig ha escrito y escribir\u00e1 poes\u00eda porque no puede dejar de escribirla, aunque le paguen una miseria o no le paguen. Yo he venido al mundo a dar esperanza y aunque me fascina lo novedoso y pienso que vivo en el mejor tiempo posible, me duele, me hiere, me mata ver c\u00f3mo lo que amo se va alejando y s\u00f3lo quedan entre el polvo las figuras del fantasma.<\/p>\n","protected":false},"excerpt":{"rendered":"Entro en la librer\u00eda Documenta para comprar el nuevo poemario de Valent\u00ed Puig, Llum enemiga. Cada vez que&hellip;\n","protected":false},"author":2,"featured_media":115944,"comment_status":"","ping_status":"","sticky":false,"template":"","format":"standard","meta":{"footnotes":""},"categories":[172],"tags":[224,146,147,25,24,409,225,841,5107,38908,23],"class_list":{"0":"post-115943","1":"post","2":"type-post","3":"status-publish","4":"format-standard","5":"has-post-thumbnail","7":"category-libros","8":"tag-books","9":"tag-entertainment","10":"tag-entretenimiento","11":"tag-es","12":"tag-espana","13":"tag-juan","14":"tag-libros","15":"tag-manuel","16":"tag-prada","17":"tag-soporto","18":"tag-spain"},"share_on_mastodon":{"url":"","error":""},"_links":{"self":[{"href":"https:\/\/www.europesays.com\/es\/wp-json\/wp\/v2\/posts\/115943","targetHints":{"allow":["GET"]}}],"collection":[{"href":"https:\/\/www.europesays.com\/es\/wp-json\/wp\/v2\/posts"}],"about":[{"href":"https:\/\/www.europesays.com\/es\/wp-json\/wp\/v2\/types\/post"}],"author":[{"embeddable":true,"href":"https:\/\/www.europesays.com\/es\/wp-json\/wp\/v2\/users\/2"}],"replies":[{"embeddable":true,"href":"https:\/\/www.europesays.com\/es\/wp-json\/wp\/v2\/comments?post=115943"}],"version-history":[{"count":0,"href":"https:\/\/www.europesays.com\/es\/wp-json\/wp\/v2\/posts\/115943\/revisions"}],"wp:featuredmedia":[{"embeddable":true,"href":"https:\/\/www.europesays.com\/es\/wp-json\/wp\/v2\/media\/115944"}],"wp:attachment":[{"href":"https:\/\/www.europesays.com\/es\/wp-json\/wp\/v2\/media?parent=115943"}],"wp:term":[{"taxonomy":"category","embeddable":true,"href":"https:\/\/www.europesays.com\/es\/wp-json\/wp\/v2\/categories?post=115943"},{"taxonomy":"post_tag","embeddable":true,"href":"https:\/\/www.europesays.com\/es\/wp-json\/wp\/v2\/tags?post=115943"}],"curies":[{"name":"wp","href":"https:\/\/api.w.org\/{rel}","templated":true}]}}