{"id":115955,"date":"2025-09-15T05:49:16","date_gmt":"2025-09-15T05:49:16","guid":{"rendered":"https:\/\/www.europesays.com\/es\/115955\/"},"modified":"2025-09-15T05:49:16","modified_gmt":"2025-09-15T05:49:16","slug":"marco-rubio-visita-israel-para-abordar-la-ofensiva-en-gaza","status":"publish","type":"post","link":"https:\/\/www.europesays.com\/es\/115955\/","title":{"rendered":"Marco Rubio visita Israel para abordar la ofensiva en Gaza"},"content":{"rendered":"<p>Jerusal\u00e9n (EFE).- El primer ministro israel\u00ed, Benjam\u00edn Netanyahu, asegur\u00f3 este domingo tras visitar junto al secretario de Estado de Estados Unidos, Marco Rubio, el Muro de las Lamentaciones en Jerusal\u00e9n que la relaci\u00f3n entre ambos pa\u00edses \u00abnunca ha sido tan fuerte\u00bb.<\/p>\n<p>\u00abBajo la presidencia de Donald Trump y el secretario Rubio, esta alianza nunca ha sido tan fuerte y lo agradecemos profundamente\u00bb, dijo el primer ministro israel\u00ed mientras visitaban los t\u00faneles subterr\u00e1neos del Muro de las Lamentaciones acompa\u00f1ados por el embajador de EEUU en Israel, Mike Huckabee, y sus respectivas esposas.<\/p>\n<p>Visita de dos d\u00edas a Israel<\/p>\n<p>Antes, los tres rezaron juntos en el Muro de las Lamentaciones, el lugar m\u00e1s sagrado para el juda\u00edsmo, y Rubio lo hizo portando una kip\u00e1 en la cabeza, tras lo que metieron entre las piedras de la pared sus respectivas notas en papel, siguiendo la tradici\u00f3n jud\u00eda por la que se anotan all\u00ed oraciones, deseos o sue\u00f1os.<\/p>\n<p>Netanyahu y Rubio oraron en la zona del Muro reservada a los hombres, cerca de la cual hab\u00eda un punto habilitado para que la prensa pudiera seguir y cubrir la visita. La mujeres periodistas, sin embargo, no tuvieron acceso a este punto, tal y como atestigu\u00f3 EFE.<\/p>\n<p><img loading=\"lazy\" data-recalc-dims=\"1\" decoding=\"async\" width=\"900\" height=\"665\" src=\"https:\/\/www.europesays.com\/es\/wp-content\/uploads\/2025\/09\/MARCO-RUBIO-ISRAEL-3.webp\" alt=\"El secretario de Estado de EE.UU. visita Israel \" class=\"wp-image-2143681\"  \/>Marco Rubio (d) y su esposa (2d), son recibidos por el embajador estadounidense en Israe y su esposa, en el aeropuerto de Ben Gurion. EFE\/ Embajada de EEUU en Israel<\/p>\n<p>Muro de las Lamentaciones<\/p>\n<p>\u00abDeb\u00e9is seguir la visita desde la otra parte del Muro, donde rezan las mujeres. No pod\u00e9is estar aqu\u00ed\u00bb, dijo un agente de seguridad a las periodistas. Preguntada sobre este asunto, tampoco se pronunci\u00f3 Sara Netanyahu, la esposa del l\u00edder israel\u00ed, cuando visit\u00f3 la zona del Muro de las mujeres donde rez\u00f3.<\/p>\n<p>La visita de Rubio, que aterriz\u00f3 este domingo en Israel, se produce cinco d\u00edas despu\u00e9s de que Israel intentara matar a altos cargos de Ham\u00e1s afincados en Catar mientras estudiaban la \u00faltima propuesta de alto el fuego estadounidense, un ataque que molest\u00f3 al presidente estadounidense, Donald Trump.<\/p>\n<p>Catar es un aliado de Estados Unidos y uno de los principales mediadores para negociar un alto el fuego en Gaza.<\/p>\n<p><img data-recalc-dims=\"1\" loading=\"lazy\" decoding=\"async\" width=\"678\" height=\"900\" src=\"https:\/\/www.europesays.com\/es\/wp-content\/uploads\/2025\/09\/MARCO-RUBIO-ISRAEL.webp\" alt=\"El secretario de Estado de EE.UU. visita Israel \" class=\"wp-image-2143685\"  \/>Marco Rubio y su esposa desembarcan en el aeropuerto Ben Gurion en Israel, este domingo. EEFE\/ Embajada de EEUU en Israel )<\/p>\n<p>Fuerza de la alianza israel\u00ed-estadounidense<\/p>\n<p>Sin embargo, Rubio no se ha pronunciado ni ha respondido a las preguntas de los medios durante su visita al Muro.<\/p>\n<p>\u00abCreo que la visita de Rubio aqu\u00ed es un testimonio de la durabilidad y la fuerza de la alianza israel\u00ed-estadounidense, que es tan s\u00f3lida y duradera como las piedras del Muro de las Lamentaciones que acabamos de tocar\u00bb, dijo el mandatario israel\u00ed.<\/p>\n<p>Aparte de una esperada reuni\u00f3n con Netanyahu, se desconocen m\u00e1s detalles de la agenda oficial de Rubio en Israel.<\/p>\n<p>Homenaje a Charlie Kirk<\/p>\n<p>Coincidiendo con la visita de Rubio, este domingo se celebrar\u00e1 en Jerusal\u00e9n un homenaje al comentarista conservador Charlie Kirk, asesinado el pasado mi\u00e9rcoles en un evento universitario en Utah (EE.UU.) al que asistir\u00e1 el ministro israel\u00ed de la Di\u00e1spora y Lucha contra el Antisemitismo, Amichai Chikli.<\/p>\n<p>Adem\u00e1s, este lunes una delegaci\u00f3n de<a href=\"https:\/\/efe.com\/mundo\/2025-09-12\/israel-palestina-solucion-dos-estados-votacion-onu-2025\/\" target=\"_blank\" rel=\"noreferrer noopener nofollow\"> 250 legisladores estatales de Estados Unidos visitar\u00e1 Israel <\/a>y ser\u00e1n recibidos por Netanyahu en el Ministerio de Exteriores, tras lo que asistir\u00e1n a un acto en la Kn\u00e9set (Parlamento) en Jerusal\u00e9n.<\/p>\n","protected":false},"excerpt":{"rendered":"Jerusal\u00e9n (EFE).- El primer ministro israel\u00ed, Benjam\u00edn Netanyahu, asegur\u00f3 este domingo tras visitar junto al secretario de Estado&hellip;\n","protected":false},"author":2,"featured_media":115956,"comment_status":"","ping_status":"","sticky":false,"template":"","format":"standard","meta":{"footnotes":""},"categories":[42],"tags":[17,18,70,115,13,14,8933,75,11,61,62,63,64,74,19,20,9,10,15,16,5403,12,21,22,65,66,67],"class_list":{"0":"post-115955","1":"post","2":"type-post","3":"status-publish","4":"format-standard","5":"has-post-thumbnail","7":"category-internacional","8":"tag-breaking-news","9":"tag-breakingnews","10":"tag-conflictos","11":"tag-eeuu","12":"tag-featured-news","13":"tag-featurednews","14":"tag-guerra-gaza","15":"tag-hamas","16":"tag-headlines","17":"tag-internacional","18":"tag-international","19":"tag-international-news","20":"tag-internationalnews","21":"tag-israel","22":"tag-latest-news","23":"tag-latestnews","24":"tag-news","25":"tag-noticias","26":"tag-noticias-destacadas","27":"tag-noticiasdestacadas","28":"tag-oriente-medio","29":"tag-titulares","30":"tag-ultimas-noticias","31":"tag-ultimasnoticias","32":"tag-world","33":"tag-world-news","34":"tag-worldnews"},"share_on_mastodon":{"url":"","error":""},"_links":{"self":[{"href":"https:\/\/www.europesays.com\/es\/wp-json\/wp\/v2\/posts\/115955","targetHints":{"allow":["GET"]}}],"collection":[{"href":"https:\/\/www.europesays.com\/es\/wp-json\/wp\/v2\/posts"}],"about":[{"href":"https:\/\/www.europesays.com\/es\/wp-json\/wp\/v2\/types\/post"}],"author":[{"embeddable":true,"href":"https:\/\/www.europesays.com\/es\/wp-json\/wp\/v2\/users\/2"}],"replies":[{"embeddable":true,"href":"https:\/\/www.europesays.com\/es\/wp-json\/wp\/v2\/comments?post=115955"}],"version-history":[{"count":0,"href":"https:\/\/www.europesays.com\/es\/wp-json\/wp\/v2\/posts\/115955\/revisions"}],"wp:featuredmedia":[{"embeddable":true,"href":"https:\/\/www.europesays.com\/es\/wp-json\/wp\/v2\/media\/115956"}],"wp:attachment":[{"href":"https:\/\/www.europesays.com\/es\/wp-json\/wp\/v2\/media?parent=115955"}],"wp:term":[{"taxonomy":"category","embeddable":true,"href":"https:\/\/www.europesays.com\/es\/wp-json\/wp\/v2\/categories?post=115955"},{"taxonomy":"post_tag","embeddable":true,"href":"https:\/\/www.europesays.com\/es\/wp-json\/wp\/v2\/tags?post=115955"}],"curies":[{"name":"wp","href":"https:\/\/api.w.org\/{rel}","templated":true}]}}