{"id":115957,"date":"2025-09-15T05:51:42","date_gmt":"2025-09-15T05:51:42","guid":{"rendered":"https:\/\/www.europesays.com\/es\/115957\/"},"modified":"2025-09-15T05:51:42","modified_gmt":"2025-09-15T05:51:42","slug":"no-acepto-lecciones-de-ecologistas-de-salon-ni-ruralistas-de-pancarta","status":"publish","type":"post","link":"https:\/\/www.europesays.com\/es\/115957\/","title":{"rendered":"No acepto lecciones de ecologistas de sal\u00f3n ni ruralistas de pancarta"},"content":{"rendered":"<p class=\"paragraph\" id=\"paragraph_1\">El presidente del Partido Popular, <strong>Alberto N\u00fa\u00f1ez Feij\u00f3o<\/strong>, se ha lanzado este domingo en busca del voto rural como alternativa a los extremos que se enrocan en el \u00abecologismo de sal\u00f3n\u00bb o el \u00abruralismo de pancarta\u00bb.<\/p>\n<p class=\"paragraph\" id=\"paragraph_2\">\u00ab<strong>No acepto m\u00e1s soflamas, sino que pido soluciones<\/strong>\u00ab, ha declarado el l\u00edder popular en un acto en un peque\u00f1o municipio de Castilla-La Mancha en el que ha criticado a \u00abaquellos que lo m\u00e1s verde que han visto son los jardines de la Universidad Complutense\u00bb y a quienes \u00abapoyan aranceles injustos\u00bb.<\/p>\n<p class=\"paragraph\" id=\"paragraph_3\">Asimismo, Feij\u00f3o tampoco acepta \u00ab<strong>lecciones de quienes jam\u00e1s han solucionado un problema en el \u00e1mbito rural y tienen soluciones para todo<\/strong>\u00ab. \u00abDe quienes han tenido ocasi\u00f3n de estar en gobiernos auton\u00f3micos los han abandonado porque es mucho m\u00e1s f\u00e1cil criticar que gobernar\u00bb, ha a\u00f1adido en relaci\u00f3n a Vox y su desvinculaci\u00f3n de los ejecutivos regionales que compart\u00eda con el PP.<\/p>\n<p><img loading=\"lazy\" decoding=\"async\" alt=\"S\u00e1nchez muestra su admiraci\u00f3n por El secretario general del PSOE y presidente del Gobierno de Espa\u00f1a, Pedro S\u00e1nchez, asiste a un acto del partido socialista con militantes, este domingo en M\u00e1laga.se movilizan por causas justas como Palestina horas antes de la etapa final de La Vuelta\" height=\"180\" src=\"https:\/\/www.europesays.com\/es\/wp-content\/uploads\/2025\/09\/1003743924233_258685586_320x180.jpg\" width=\"320\" data-lazy-status=\"processed\" data-lazy-info=\"remove loading item 1\"\/><\/p>\n<p class=\"paragraph\" id=\"paragraph_4\">Continuando con su enumeraci\u00f3n, ha recalcado que <strong>tampoco acepta lecciones de quienes \u00abprotegen m\u00e1s al lobo que al ganadero<\/strong>\u00ab. \u00abNo acepto lecciones de aquellos que echan la culpa de todo al cambio clim\u00e1tico y no dejan limpiar el monte\u00bb.<\/p>\n<p class=\"paragraph\" id=\"paragraph_5\">\u00abDebemos dejar fuera el paternalismo, los de todos. Me han llamado aldeano (en referencia al PSOE). Soy un pol\u00edtico que ha nacido en una aldea y estudiado en una escuela\u00bb, ha reivindicado.<\/p>\n<p>Libro Blanco del Medio Rural<\/p>\n<p class=\"paragraph\" id=\"paragraph_6\">En esta l\u00ednea, Feij\u00f3o ha propuesto\u00a0a los representantes del sector primario elaborar un Libro Blanco del Medio Rural que, seg\u00fan ha apuntado, atienda las necesidades \u00abreales\u00bb de la gente y no \u00aba los que muchas veces intentan dise\u00f1ar c\u00f3mo hemos de vivir desde las ventanas de un despacho de Bruselas o de un despacho del Paseo de la Castellana\u00bb.<\/p>\n<p class=\"paragraph\" id=\"paragraph_7\">\u00abAntes de ir al campo a pedirle el voto, yo quiero tener listo el Libro Blanco del Medio Rural de Espa\u00f1a. Y someterme despu\u00e9s, eso s\u00ed, a pedir vuestro voto para implementarlo\u00bb, ha enfatizado un N\u00fa\u00f1ez Feij\u00f3o, quien ha insistido en que \u00e9l no quiere el voto \u00abpara exprimir m\u00e1s al campo\u00bb.<\/p>\n<p class=\"paragraph\" id=\"paragraph_8\">\u00abQuiero el voto para servir al campo, que es distinto. Quiero servir a mi pa\u00eds. No exprimir el voto de la gente dici\u00e9ndoles una cosa para hacer la contraria\u00bb, ha argumentado el popular.<\/p>\n<p><img decoding=\"async\" alt=\"Paco N\u00fa\u00f1ez, presidente del PP de Castilla-La Mancha. Foto: PP CLM.\" height=\"180\" loading=\"lazy\" width=\"320\" data-lazy-status=\"processed\" id=\"7879af079f\" src=\"https:\/\/www.elespanol.com\/espana\/politica\/20250914\/feijoo-voto-rural-frente-extremos-no-acepto-lecciones-ecologistas-salon-ruralistas-pancarta\/[\" https:=\"\" data-lazy-info=\"changed src\"\/><\/p>\n<p class=\"paragraph\" id=\"paragraph_9\">El presidente del PP ha aprovechado este acto para presentar al equipo del Partido Popular que se encargar\u00e1 de desarrollarlo.<\/p>\n<p class=\"paragraph\" id=\"paragraph_10\">Para esta tarea, N\u00fa\u00f1ez Feij\u00f3o ha propuesto a cuatro mujeres. De este modo, la eurodiputada <strong>Carmen Crespo<\/strong> se encargar\u00e1 de coordinar el equipo de Agricultura, de Ganader\u00eda, de Desarrollo Rural y de la despoblaci\u00f3n en Espa\u00f1a. Una persona que, seg\u00fan N\u00fa\u00f1ez Feij\u00f3o, \u00abconoce bien el campo\u00bb y tiene \u00abun papel determinante\u00bb en las negociaciones de Bruselas.<\/p>\n<p class=\"paragraph\" id=\"paragraph_11\">Tambi\u00e9n formar\u00e1 parte de este equipo la consejera de Agricultura, Ganader\u00eda y Desarrollo Sostenible de Extremadura, <strong>Mercedes Mor\u00e1n<\/strong>, como secretaria de la PAC. \u00abEs una especialista en pol\u00edtica agraria com\u00fan y en alimentaci\u00f3n\u00bb, ha subrayado el dirigente del PP.<\/p>\n<p class=\"paragraph\" id=\"paragraph_12\">Asimismo, la diputada nacional <strong>Milagros Marcos<\/strong> se encargar\u00e1 del desarrollo rural y de lo forestal y la diputada <strong>Rosa Quintana<\/strong> se encargar\u00e1 de toda la pol\u00edtica pesquera. \u00abEs una de las personas que m\u00e1s sabe del mar\u00bb, ha incidido N\u00fa\u00f1ez Feij\u00f3o.<\/p>\n","protected":false},"excerpt":{"rendered":"El presidente del Partido Popular, Alberto N\u00fa\u00f1ez Feij\u00f3o, se ha lanzado este domingo en busca del voto rural&hellip;\n","protected":false},"author":2,"featured_media":115958,"comment_status":"","ping_status":"","sticky":false,"template":"","format":"standard","meta":{"footnotes":""},"categories":[5],"tags":[6069,17,18,25,24,13,14,11,19,20,9,10,15,16,6066,952,23,12,21,22],"class_list":{"0":"post-115957","1":"post","2":"type-post","3":"status-publish","4":"format-standard","5":"has-post-thumbnail","7":"category-titulares","8":"tag-alberto-nunez-feijoo","9":"tag-breaking-news","10":"tag-breakingnews","11":"tag-es","12":"tag-espana","13":"tag-featured-news","14":"tag-featurednews","15":"tag-headlines","16":"tag-latest-news","17":"tag-latestnews","18":"tag-news","19":"tag-noticias","20":"tag-noticias-destacadas","21":"tag-noticiasdestacadas","22":"tag-partido-popular-pp","23":"tag-politica","24":"tag-spain","25":"tag-titulares","26":"tag-ultimas-noticias","27":"tag-ultimasnoticias"},"share_on_mastodon":{"url":"","error":""},"_links":{"self":[{"href":"https:\/\/www.europesays.com\/es\/wp-json\/wp\/v2\/posts\/115957","targetHints":{"allow":["GET"]}}],"collection":[{"href":"https:\/\/www.europesays.com\/es\/wp-json\/wp\/v2\/posts"}],"about":[{"href":"https:\/\/www.europesays.com\/es\/wp-json\/wp\/v2\/types\/post"}],"author":[{"embeddable":true,"href":"https:\/\/www.europesays.com\/es\/wp-json\/wp\/v2\/users\/2"}],"replies":[{"embeddable":true,"href":"https:\/\/www.europesays.com\/es\/wp-json\/wp\/v2\/comments?post=115957"}],"version-history":[{"count":0,"href":"https:\/\/www.europesays.com\/es\/wp-json\/wp\/v2\/posts\/115957\/revisions"}],"wp:featuredmedia":[{"embeddable":true,"href":"https:\/\/www.europesays.com\/es\/wp-json\/wp\/v2\/media\/115958"}],"wp:attachment":[{"href":"https:\/\/www.europesays.com\/es\/wp-json\/wp\/v2\/media?parent=115957"}],"wp:term":[{"taxonomy":"category","embeddable":true,"href":"https:\/\/www.europesays.com\/es\/wp-json\/wp\/v2\/categories?post=115957"},{"taxonomy":"post_tag","embeddable":true,"href":"https:\/\/www.europesays.com\/es\/wp-json\/wp\/v2\/tags?post=115957"}],"curies":[{"name":"wp","href":"https:\/\/api.w.org\/{rel}","templated":true}]}}