{"id":115959,"date":"2025-09-15T05:53:11","date_gmt":"2025-09-15T05:53:11","guid":{"rendered":"https:\/\/www.europesays.com\/es\/115959\/"},"modified":"2025-09-15T05:53:11","modified_gmt":"2025-09-15T05:53:11","slug":"el-matador-mario-sotos-saca-a-hombros-a-ventura-en-albacete","status":"publish","type":"post","link":"https:\/\/www.europesays.com\/es\/115959\/","title":{"rendered":"El matador Mario Sotos saca a hombros a Ventura en Albacete"},"content":{"rendered":"<p>La corrida de rejones celebrada esta tarde en la Feria de Albacete dej\u00f3 un detalle entra\u00f1able que se convirti\u00f3 en la <strong>curiosidad de la jornada<\/strong>. No fue otro que el matador de toros albacetense <strong>Mario Sotos<\/strong>, nacido en la Hinojosa, pero formado en la Escuela Taurina de Albacete, quien tuvo el honor de sacar a hombros al gran rejoneador <strong>Diego Ventura<\/strong>.<\/p>\n<p>El gesto fue m\u00e1s all\u00e1 de la mera tradici\u00f3n. A Sotos le une una relaci\u00f3n de amistad y gratitud con Ventura, ya que en diversas ocasiones ha acudido a su casa a torear y el rejoneador siempre ha tenido un trato generoso con \u00e9l, d\u00e1ndole la oportunidad de medirse con vacas y compartir ense\u00f1anzas.<\/p>\n<p>El propio Mario Sotos explic\u00f3 que se trat\u00f3 de un <strong>acto de agradecimiento y amistad<\/strong>, un s\u00edmbolo de respeto hacia quien le ha abierto puertas en su formaci\u00f3n taurina. Un detalle que no pas\u00f3 desapercibido para el objetivo de El Digital de Albacete.<\/p>\n<p><img loading=\"lazy\" decoding=\"async\" width=\"826\" height=\"826\" src=\"https:\/\/www.europesays.com\/es\/wp-content\/uploads\/2025\/09\/mario-sotos.jpg\" alt=\"\" class=\"wp-image-1068020\"  \/>Mario Sotos en Las Ventas<\/p>\n<p>MARIO SOTOS<\/p>\n<p>Nacido en <strong>La Hinojosa (Cuenca) el 28 de enero de 1992<\/strong>, Mario Sotos creci\u00f3 lejos de una tradici\u00f3n familiar de toreros, aunque reconoce que la <strong>afici\u00f3n le viene de su abuelo Urbano<\/strong>, gran amante de la tauromaquia. Desde ni\u00f1o mostr\u00f3 inter\u00e9s por el mundo del toro y, con apenas <strong>10 a\u00f1os<\/strong>, decidi\u00f3 dar el paso de apuntarse a la <strong>Escuela Taurina de Albacete<\/strong>, donde comenz\u00f3 un camino que marcar\u00eda su vida.<\/p>\n<p>En un inicio acud\u00eda diariamente desde su pueblo, hasta que su familia decidi\u00f3 <strong>trasladarse a Albacete<\/strong> para facilitarle la formaci\u00f3n. La ciudad se convirti\u00f3 as\u00ed en su verdadero hogar y en el escenario de su aprendizaje. Durante <strong>trece a\u00f1os (2000-2013)<\/strong> permaneci\u00f3 en la escuela, recibiendo la ense\u00f1anza de maestros como <strong>Sebasti\u00e1n Cort\u00e9s<\/strong> y <strong>Antonio Rojas<\/strong>. No solo perfeccion\u00f3 la t\u00e9cnica del toreo, sino que asimil\u00f3 valores esenciales de la profesi\u00f3n: la lealtad, la disciplina, el respeto a la jerarqu\u00eda y el compa\u00f1erismo.<\/p>\n<p>Su <strong>debut sin picadores<\/strong> tuvo lugar en <strong>Pozohondo (Albacete)<\/strong>, y el <strong>24 de junio de 2013<\/strong> se present\u00f3 ya con caballos en la plaza de la capital manchega, alternando con Sergio Felipe y Curro de la Casa en un cartel con novillos de Juan Manuel Criado. Aquella tarde cort\u00f3 <strong>una oreja al segundo de su lote<\/strong>, dejando buenas sensaciones.<\/p>\n<p>El salto a Madrid lleg\u00f3 en <strong>2016<\/strong>, cuando se present\u00f3 en la plaza de <strong>Las Ventas<\/strong> con un encierro de Antonio Ord\u00f3\u00f1ez. Dio una <strong>vuelta al ruedo<\/strong> que le vali\u00f3 para regresar poco despu\u00e9s con la ganader\u00eda de <strong>El Montecillo<\/strong>, confirmando que ten\u00eda condiciones para enfrentarse a la primera plaza del mundo.<\/p>\n<p>En <strong>2019<\/strong> cerr\u00f3 su etapa como novillero tras sumar <strong>19 novilladas con picadores<\/strong>, paso previo imprescindible para dar el salto definitivo a la categor\u00eda superior. La <strong>alternativa<\/strong> lleg\u00f3 en <strong>Castellar de Santiago (Ciudad Real)<\/strong> el <strong>27 de septiembre de 2020<\/strong>, de manos de <strong>Calita<\/strong>, con <strong>Fernando Tendero<\/strong> de testigo y toros de <strong>Ave Mar\u00eda y Santa Ana<\/strong>. Aquella tarde triunf\u00f3 con fuerza al cortar <strong>tres orejas<\/strong>, saliendo a hombros.<\/p>\n<p>Desde entonces, Mario Sotos ha tenido una carrera en la que ha tenido que abrirse camino a base de pundonor, no teniendo oportunidad hasta el momento en la Feria Taurina de Albacete como matador de toros, solo como novillero. Su \u00faltima aparici\u00f3n en la Plaza de Toros de Albacete fue en la corrida de ASPRONA de 2023.<\/p>\n","protected":false},"excerpt":{"rendered":"La corrida de rejones celebrada esta tarde en la Feria de Albacete dej\u00f3 un detalle entra\u00f1able que se&hellip;\n","protected":false},"author":2,"featured_media":115960,"comment_status":"","ping_status":"","sticky":false,"template":"","format":"standard","meta":{"footnotes":""},"categories":[277],"tags":[373,168,25,24,23,167,374],"class_list":{"0":"post-115959","1":"post","2":"type-post","3":"status-publish","4":"format-standard","5":"has-post-thumbnail","7":"category-toreo","8":"tag-bullfighting","9":"tag-deportes","10":"tag-es","11":"tag-espana","12":"tag-spain","13":"tag-sports","14":"tag-toreo"},"share_on_mastodon":{"url":"","error":""},"_links":{"self":[{"href":"https:\/\/www.europesays.com\/es\/wp-json\/wp\/v2\/posts\/115959","targetHints":{"allow":["GET"]}}],"collection":[{"href":"https:\/\/www.europesays.com\/es\/wp-json\/wp\/v2\/posts"}],"about":[{"href":"https:\/\/www.europesays.com\/es\/wp-json\/wp\/v2\/types\/post"}],"author":[{"embeddable":true,"href":"https:\/\/www.europesays.com\/es\/wp-json\/wp\/v2\/users\/2"}],"replies":[{"embeddable":true,"href":"https:\/\/www.europesays.com\/es\/wp-json\/wp\/v2\/comments?post=115959"}],"version-history":[{"count":0,"href":"https:\/\/www.europesays.com\/es\/wp-json\/wp\/v2\/posts\/115959\/revisions"}],"wp:featuredmedia":[{"embeddable":true,"href":"https:\/\/www.europesays.com\/es\/wp-json\/wp\/v2\/media\/115960"}],"wp:attachment":[{"href":"https:\/\/www.europesays.com\/es\/wp-json\/wp\/v2\/media?parent=115959"}],"wp:term":[{"taxonomy":"category","embeddable":true,"href":"https:\/\/www.europesays.com\/es\/wp-json\/wp\/v2\/categories?post=115959"},{"taxonomy":"post_tag","embeddable":true,"href":"https:\/\/www.europesays.com\/es\/wp-json\/wp\/v2\/tags?post=115959"}],"curies":[{"name":"wp","href":"https:\/\/api.w.org\/{rel}","templated":true}]}}