{"id":115961,"date":"2025-09-15T05:56:07","date_gmt":"2025-09-15T05:56:07","guid":{"rendered":"https:\/\/www.europesays.com\/es\/115961\/"},"modified":"2025-09-15T05:56:07","modified_gmt":"2025-09-15T05:56:07","slug":"te-hablo-en-espanol-que-me-entiendes-perfectamente","status":"publish","type":"post","link":"https:\/\/www.europesays.com\/es\/115961\/","title":{"rendered":"Te hablo en espa\u00f1ol, que me entiendes perfectamente"},"content":{"rendered":"<p class=\"c-paragraph\">El equipo espa\u00f1ol de <a href=\"https:\/\/www.20minutos.es\/tags\/deportes\/copa-davis.html\" title=\"Copa Davis\" rel=\"nofollow noopener\" target=\"_blank\">Copa Davis<\/a> firm\u00f3 este domingo una gesta \u00fanica en el Club de Tenis Puente Romano de Marbella, una remontada \u00e9pica contra Dinamarca que vali\u00f3 la clasificaci\u00f3n a las Finals de Bolonia. La eliminatoria tuvo de todo, <b>pero especialmente mucha tensi\u00f3n<\/b>. Si no, que se lo digan a David Ferrer, capit\u00e1n del equipo nacional, que abronc\u00f3 duramente al juez en pleno partido de Pedro Mart\u00ednez Portero contra Holger Rune.<\/p>\n<p class=\"c-paragraph\">\u00abLas c\u00e1maras de Movistar+ registraron a la perfecci\u00f3n su enfado y los micr\u00f3fonos sus airadas reclamaciones contra la actitud de Holger Rune\u00a0: \u00abEn el primer set\u00a0se cag\u00f3 en la puta. <b>Luego tir\u00f3 dos bolas, no le se\u00f1alasteis warning ni una vez<\/b>. Ahora animo yo [al jugador espa\u00f1ol Pedro Mart\u00ednez Portero] y me viene a m\u00ed dici\u00e9ndome algo. <b>\u00a1Ni se le ocurra decirme algo!<\/b>\u00ab, coment\u00f3 a gritos para hacerse escuchar ante el bullicio.<\/p>\n<p class=\"c-paragraph\">El responsable del arbitraje en la eliminatoria, tratando de escurrir el bulto, parece reclamarle que hable en ingl\u00e9s, una petici\u00f3n que todav\u00eda enfad\u00f3 m\u00e1s a Ferrer: <b>\u00abTe hablo en espa\u00f1ol, que me entiendes perfectamente\u00bb<\/b>, dijo m\u00e1s cabreado.<\/p>\n<p class=\"c-paragraph\">Despu\u00e9s lo volvi\u00f3 a explicar, ahora en ingl\u00e9s, para asegurarse de que llegaba bien el mensaje. Lo peor, que ese no fue el \u00fanico momento de tensi\u00f3n, pues un doble bote que no fue volvi\u00f3 a perjudicar a Espa\u00f1a y todav\u00eda encendi\u00f3 m\u00e1s los \u00e1nimos.<\/p>\n<p class=\"c-paragraph\">La eliminatoria fue una guerra y, una vez ganada con remontada, Ferrer valor\u00f3 lo vivido en la pista y celebr\u00f3 especialmente el ambiente de Marbella porque le record\u00f3 <b>\u00aba cuando jugaba, con gradas llenas y tensi\u00f3n entre equipos\u00bb<\/b>, zanj\u00f3.<\/p>\n","protected":false},"excerpt":{"rendered":"El equipo espa\u00f1ol de Copa Davis firm\u00f3 este domingo una gesta \u00fanica en el Club de Tenis Puente&hellip;\n","protected":false},"author":2,"featured_media":115962,"comment_status":"","ping_status":"","sticky":false,"template":"","format":"standard","meta":{"footnotes":""},"categories":[274],"tags":[9261,2429,168,25,24,25762,1664,23,167,327,326,30713],"class_list":{"0":"post-115961","1":"post","2":"type-post","3":"status-publish","4":"format-standard","5":"has-post-thumbnail","7":"category-tenis","8":"tag-bronca","9":"tag-david","10":"tag-deportes","11":"tag-es","12":"tag-espana","13":"tag-ferrer","14":"tag-juez","15":"tag-spain","16":"tag-sports","17":"tag-tenis","18":"tag-tennis","19":"tag-tremenda"},"share_on_mastodon":{"url":"","error":""},"_links":{"self":[{"href":"https:\/\/www.europesays.com\/es\/wp-json\/wp\/v2\/posts\/115961","targetHints":{"allow":["GET"]}}],"collection":[{"href":"https:\/\/www.europesays.com\/es\/wp-json\/wp\/v2\/posts"}],"about":[{"href":"https:\/\/www.europesays.com\/es\/wp-json\/wp\/v2\/types\/post"}],"author":[{"embeddable":true,"href":"https:\/\/www.europesays.com\/es\/wp-json\/wp\/v2\/users\/2"}],"replies":[{"embeddable":true,"href":"https:\/\/www.europesays.com\/es\/wp-json\/wp\/v2\/comments?post=115961"}],"version-history":[{"count":0,"href":"https:\/\/www.europesays.com\/es\/wp-json\/wp\/v2\/posts\/115961\/revisions"}],"wp:featuredmedia":[{"embeddable":true,"href":"https:\/\/www.europesays.com\/es\/wp-json\/wp\/v2\/media\/115962"}],"wp:attachment":[{"href":"https:\/\/www.europesays.com\/es\/wp-json\/wp\/v2\/media?parent=115961"}],"wp:term":[{"taxonomy":"category","embeddable":true,"href":"https:\/\/www.europesays.com\/es\/wp-json\/wp\/v2\/categories?post=115961"},{"taxonomy":"post_tag","embeddable":true,"href":"https:\/\/www.europesays.com\/es\/wp-json\/wp\/v2\/tags?post=115961"}],"curies":[{"name":"wp","href":"https:\/\/api.w.org\/{rel}","templated":true}]}}