{"id":115982,"date":"2025-09-15T06:09:09","date_gmt":"2025-09-15T06:09:09","guid":{"rendered":"https:\/\/www.europesays.com\/es\/115982\/"},"modified":"2025-09-15T06:09:09","modified_gmt":"2025-09-15T06:09:09","slug":"preguntan-a-gonzalo-miro-que-opina-susana-griso-de-su-fichaje-en-tve-y-revela-su-postura-hable-con-ella","status":"publish","type":"post","link":"https:\/\/www.europesays.com\/es\/115982\/","title":{"rendered":"Preguntan a Gonzalo Mir\u00f3 qu\u00e9 opina Susana Griso de su fichaje en TVE y revela su postura: \u00abHabl\u00e9 con ella\u00bb"},"content":{"rendered":"<p class=\"voc-p\" style=\"\">Con varios encontronazos a sus espaldas y otras tantas an\u00e9cdotas a su alrededor durante los muchos programas en los que estuvieron juntos, <strong>Gonzalo Mir\u00f3<\/strong> y <strong>Susanna Griso<\/strong> separan sus caminos esta nueva temporada televisiva, despu\u00e9s de que el tertuliano, hijo de la directora de cine Pilar Mir\u00f3, cambie el naranja de Antena 3 por el azul de TVE. All\u00ed <strong>presentar\u00e1 un programa junto con Marta Flich, &#8216;Directo al grano&#8217;<\/strong>, el nuevo magac\u00edn de las tardes de la cadena p\u00fablica tras el fiasco de &#8216;La familia de la tele&#8217;.<\/p>\n<p class=\"voc-p\" style=\"\">El inicio del curso televisivo dio inicio hace unos d\u00edas con la llegada del mes de septiembre, y algunos programas ya est\u00e1n en pleno rodaje, como <strong>&#8216;La Revuelta&#8217;<\/strong> o <strong>&#8216;El Hormiguero&#8217;<\/strong>. Otro de los formatos que ya est\u00e1 de <strong>regreso es &#8216;Espejo P\u00fablico&#8217;<\/strong>, que sigue tras 20 a\u00f1os presentado por Susanna Griso. Este a\u00f1o llega con novedades diversas, como nuevas secciones, entrevistas exclusivas y colaboradores.<\/p>\n<p class=\"voc-p\" style=\"\">Para <strong>Gonzalo Mir\u00f3<\/strong>, este proyecto supone un paso importante en su trayectoria profesional. Tras varios a\u00f1os en Atresmedia, el presentador afronta <strong>este reto como un cambio de registro y una oportunidad de crecimiento<\/strong>. Su programa no empezar\u00e1 hasta este lunes 15 de septiembre.<\/p>\n<p>\nQu\u00e9 opina Susana Griso del fichaje de Gonzalo Mir\u00f3 por en TVE\n<\/p>\n<p class=\"voc-p\" style=\"\">El tertuliano ha ofrecido una <strong>entrevista con &#8216;El Televisero&#8217;<\/strong> en la que ha abordado algunos temas de actualidad respecto a su carrera en televisi\u00f3n. Explica que recibi\u00f3 la propuesta de RTVE hace un par de meses y que, a pesar de que en un inicio no le confirmaron que compartir\u00eda plat\u00f3 con Marta Flich, la sinton\u00eda entre ambos ha sido inmediata.<\/p>\n<p class=\"voc-p\" style=\"\">Admite que a\u00fan le falta <strong>rodaje delante de las c\u00e1maras<\/strong>, pero conf\u00eda en que el tiempo y la experiencia conjunta les permitan alcanzar la complicidad necesaria. Ambos se muestran ilusionados con el proyecto y esperan ganarse la confianza del p\u00fablico en un horario muy competitivo.<\/p>\n<p class=\"voc-p\" style=\"\">Tambi\u00e9n ha expuesto c\u00f3mo es su relaci\u00f3n con Susanna Griso y c\u00f3mo queda su relaci\u00f3n actualmente tras desvincularse de su programa: \u00abLo habl\u00e9 con ella. Ella ha sido muy importante para m\u00ed en mi presencia en Atresmedia, evidentemente, nos entendemos muy bien, hemos trabajado muy bien juntos, yo <strong>le tengo un cari\u00f1o y un respeto tremendo<\/strong>\u00bb, confirma.<\/p>\n<p class=\"voc-p\" style=\"\">Por \u00faltimo Mir\u00f3 apunta que la periodista catalana le ha deseado suerte porque sabe que para \u00e9l \u00abes un reto\u00bb y \u00ablo ha entendido perfectamente\u00bb. \u00abNos volveremos a cruzar, seguro, en alg\u00fan momento\u00bb, finaliza.<\/p>\n<p>Reportar un error<\/p>\n","protected":false},"excerpt":{"rendered":"Con varios encontronazos a sus espaldas y otras tantas an\u00e9cdotas a su alrededor durante los muchos programas en&hellip;\n","protected":false},"author":2,"featured_media":115983,"comment_status":"","ping_status":"","sticky":false,"template":"","format":"standard","meta":{"footnotes":""},"categories":[91],"tags":[2125,146,147,25,24,557,4799,32231,31435,10288,17332,14025,8013,23,32650,3156],"class_list":{"0":"post-115982","1":"post","2":"type-post","3":"status-publish","4":"format-standard","5":"has-post-thumbnail","7":"category-entretenimiento","8":"tag-directo","9":"tag-entertainment","10":"tag-entretenimiento","11":"tag-es","12":"tag-espana","13":"tag-fichaje","14":"tag-gonzalo","15":"tag-griso","16":"tag-hable","17":"tag-miro","18":"tag-opina","19":"tag-preguntan","20":"tag-respuesta","21":"tag-spain","22":"tag-susana","23":"tag-tve"},"share_on_mastodon":{"url":"","error":""},"_links":{"self":[{"href":"https:\/\/www.europesays.com\/es\/wp-json\/wp\/v2\/posts\/115982","targetHints":{"allow":["GET"]}}],"collection":[{"href":"https:\/\/www.europesays.com\/es\/wp-json\/wp\/v2\/posts"}],"about":[{"href":"https:\/\/www.europesays.com\/es\/wp-json\/wp\/v2\/types\/post"}],"author":[{"embeddable":true,"href":"https:\/\/www.europesays.com\/es\/wp-json\/wp\/v2\/users\/2"}],"replies":[{"embeddable":true,"href":"https:\/\/www.europesays.com\/es\/wp-json\/wp\/v2\/comments?post=115982"}],"version-history":[{"count":0,"href":"https:\/\/www.europesays.com\/es\/wp-json\/wp\/v2\/posts\/115982\/revisions"}],"wp:featuredmedia":[{"embeddable":true,"href":"https:\/\/www.europesays.com\/es\/wp-json\/wp\/v2\/media\/115983"}],"wp:attachment":[{"href":"https:\/\/www.europesays.com\/es\/wp-json\/wp\/v2\/media?parent=115982"}],"wp:term":[{"taxonomy":"category","embeddable":true,"href":"https:\/\/www.europesays.com\/es\/wp-json\/wp\/v2\/categories?post=115982"},{"taxonomy":"post_tag","embeddable":true,"href":"https:\/\/www.europesays.com\/es\/wp-json\/wp\/v2\/tags?post=115982"}],"curies":[{"name":"wp","href":"https:\/\/api.w.org\/{rel}","templated":true}]}}