{"id":115996,"date":"2025-09-15T06:20:09","date_gmt":"2025-09-15T06:20:09","guid":{"rendered":"https:\/\/www.europesays.com\/es\/115996\/"},"modified":"2025-09-15T06:20:09","modified_gmt":"2025-09-15T06:20:09","slug":"el-calculo-electoral-de-sanchez-desata-un-caos-historico-y-otra-crisis-con-israel","status":"publish","type":"post","link":"https:\/\/www.europesays.com\/es\/115996\/","title":{"rendered":"el c\u00e1lculo electoral de S\u00e1nchez desata un caos hist\u00f3rico y otra crisis con Israel"},"content":{"rendered":"\n<p> Le Monde, The Guardian, Corriere de la Sera y otros medios extranjeros dieron cuenta este domingo del caos sucedido en Madrid. <a href=\"https:\/\/www.elconfidencial.com\/deportes\/2025-09-14\/vuelta-espana-etapa-21-madrid-directo_4208601\/\" target=\"_self\" rel=\"nofollow noopener\">La hist\u00f3rica cancelaci\u00f3n de la \u00faltima etapa<\/a> de La Vuelta por los disturbios propiciados por manifestantes propalestinos ha tenido alcance en medio mundo, con el efecto que eso supone para la imagen internacional de Espa\u00f1a. Y m\u00e1s a\u00fan si se tienen en cuenta dos detalles. Primero, que el Gobierno hab\u00eda desplegado un dispositivo de 1.500 agentes para tratar de garantizar el normal desarrollo de la \u00faltima etapa de la competici\u00f3n, algo que no logr\u00f3 y que dej\u00f3 al descubierto las deficiencias del plan. Y, segundo, que <strong>Pedro S\u00e1nchez<\/strong> alent\u00f3 a los activistas en la misma ma\u00f1ana del domingo. <\/p>\n<p> As\u00ed, mientras en la capital se preparaba un dispositivo de seguridad sin precedentes, S\u00e1nchez aprovech\u00f3 su participaci\u00f3n en un mitin en M\u00e1laga junto a su vicepresidenta y l\u00edder del PSOE andaluz, <strong>Mar\u00eda Jes\u00fas Montero<\/strong>, para mostrar su \u00ab<a href=\"https:\/\/www.elconfidencial.com\/espana\/2025-09-14\/sanchez-defiende-las-movilizaciones-propalestinas-en-la-vuelta_4208566\/\" target=\"_self\" rel=\"nofollow noopener\">admiraci\u00f3n a un pueblo como el espa\u00f1ol<\/a>, que se moviliza por causas justas como la de Palestina\u00bb. La llama prendi\u00f3 enseguida. <\/p>\n<p> Solo unas horas despu\u00e9s,<strong> los manifestantes invadieron varias zonas del recorrido <\/strong>y lanzaron las vallas de contenci\u00f3n y botellas. Los antidisturbios tuvieron que realizar cargas policiales, con una veintena de agentes heridos y dos detenidos. El mundo del deporte presenci\u00f3 at\u00f3nito al espect\u00e1culo, sin posibilidad de celebrar la entrega de los trofeos y con los ciclistas fuera de foco. A\u00fan as\u00ed, un pu\u00f1ado de ministros sali\u00f3 a justificar lo ocurrido, empezando por la portavoz, Pilar Alegr\u00eda, y el titular para la Transformaci\u00f3n Digital, <strong>\u00d3scar L\u00f3pez<\/strong>. \u00abHabla muy bien del pueblo de Madrid\u00bb, dijo el l\u00edder de los socialistas madrile\u00f1os. <\/p>\n<p>               Un grupo de manifestantes corta la calle de Alcal\u00e1. (Sergio Bele\u00f1a)             <\/p>\n<p> Estas declaraciones no son un hecho aislado, sino que forman parte de una estrategia pol\u00edtica. En el escenario internacional, el Gobierno de Espa\u00f1a lleva tiempo liderando la oposici\u00f3n m\u00e1s radical contra Israel como consecuencia de la masacre que el pa\u00eds liderado por<strong> Benjamin Netanyahu<\/strong> est\u00e1 perpetrando en Gaza, pero <strong>desde el inicio del curso pol\u00edtico todo se ha acelerado<\/strong>. Moncloa persigue achicar el espacio de sus socios de coalici\u00f3n, mucho m\u00e1s beligerantes en este asunto, y colar en el debate un asunto internacional que desplaza a otros temas nacionales que no le benefician, con la corrupci\u00f3n y la inestabilidad parlamentaria como principales puntos d\u00e9biles. <\/p>\n<p>              <img decoding=\"async\" class=\"inTextNews__img\" alt=\"Foto: los-policias-denuncian-que-les-han-impedido-asegurar-la-etapa-por-conveniencia-politica\" src=\"https:\/\/www.europesays.com\/es\/wp-content\/uploads\/2025\/09\/f.elconfidencial.com\/original\/d7a\/115\/4a2\/d7a1154a27cfe08b687d8be528d67e07.jpg\"  \/>     <\/p>\n<p>TE PUEDE INTERESAR<\/p>\n<p>      <a class=\"inTextNews__title\" href=\"https:\/\/www.elconfidencial.com\/espana\/2025-09-14\/los-policias-denuncian-que-les-han-impedido-asegurar-la-etapa-por-conveniencia-politica_4208810\/\" onclick=\"window.ECCO.emit(&#039;amplitude&#039;, { dataEventName: &#039;click_related_article_module&#039;, data: { related_article_url: &#039;https:\/\/www.elconfidencial.com\/espana\/2025-09-14\/los-policias-denuncian-que-les-han-impedido-asegurar-la-etapa-por-conveniencia-politica_4208810\/&#039;, related_article_author: &#039;Alejandro Requeijo,Marta Abascal&#039;, related_article_section: &#039;espana&#039; } })\" rel=\"nofollow noopener\" target=\"_blank\"> Los polic\u00edas denuncian que les han impedido asegurar la etapa \u00abpor conveniencia pol\u00edtica\u00bb <\/a>   <\/p>\n<p>    Alejandro Requeijo     V\u00eddeo: Marta Abascal   <\/p>\n<p> El pasado lunes, a primera hora de la ma\u00f1ana, S\u00e1nchez ya anunci\u00f3 una bater\u00eda de medidas contra <strong>lo que calific\u00f3 p\u00fablicamente como \u201cgenocidio\u201d.<\/strong> El uso de este t\u00e9rmino es la muestra de que el presidente del Gobierno ha ido radicalizando su postura, pues en origen solo lo utilizaban los ministros de Sumar y poco a poco han ido incorpor\u00e1ndose los miembros socialistas del Ejecutivo. <\/p>\n<p> Una vez cancelada la etapa final en Madrid, <strong>lejos de recular<\/strong>, <a href=\"https:\/\/www.elconfidencial.com\/tags\/temas\/crisis-psoe-18921\/\" target=\"_self\" rel=\"nofollow noopener\">el PSOE<\/a> en bloque se reafirm\u00f3 en el boicot y carg\u00f3 contra <strong>Alberto N\u00fa\u00f1ez Feij\u00f3o<\/strong> y el PP por criticar su postura. \u00abLas calles de Madrid alzando la voz contra la barbarie no ridiculizan la imagen de Espa\u00f1a: la honran. Si te indigna m\u00e1s la suspensi\u00f3n de La Vuelta que las 60.000 vidas palestinas arrebatadas, es para hac\u00e9rselo mirar. Se llama humanidad\u00bb, dijo la nueva secretaria de Organizaci\u00f3n de la formaci\u00f3n, <strong>Rebeca Torr\u00f3<\/strong>, en X. No fue una excepci\u00f3n. <\/p>\n<p>            Conflicto diplom\u00e1tico           <\/p>\n<p> La consecuencia del aceler\u00f3n del Gobierno contra Israel ha sido una escalada verbal contra Netanyahu y una respuesta de este, tanto diplom\u00e1tica como verbal. Primero vet\u00f3 la entrada en el pa\u00eds de la vicepresidenta segunda,<strong> Yolanda D\u00edaz<\/strong>, y de la ministra de Infancia, <strong>Sira Rego<\/strong>, ambas de Sumar, y despu\u00e9s calific\u00f3 a Espa\u00f1a de \u201camenaza genocida\u201d. El Ejecutivo de Espa\u00f1a llam\u00f3 a consultas a la embajadora espa\u00f1ola en Tel Aviv. Pero el gabinete de Netanyahu no tard\u00f3 en reaccionar este domingo y calific\u00f3 de \u00abverg\u00fcenza\u00bb la posici\u00f3n de S\u00e1nchez tras alentar las manifestaciones en la capital. <\/p>\n<p> Entre tanto, el despliegue policial finalmente <strong>no fue para nada efectivo<\/strong> y sindicatos policiales denunciaron este domingo un plan excesivamente permisivo y laxo \u201cpor conveniencia pol\u00edtica\u201d, seg\u00fan inform\u00f3 El Confidencial. Los representantes de los agentes sostienen que les han \u00abatado de pies y manos\u00bb y que <a href=\"https:\/\/www.elconfidencial.com\/espana\/2025-09-14\/los-policias-denuncian-que-les-han-impedido-asegurar-la-etapa-por-conveniencia-politica_4208810\/\" target=\"_self\" rel=\"nofollow noopener\">se hizo un trabajo \u00abinsuficiente\u00bb <\/a>porque en realidad lo que se buscaba era suspender el final de La Vuelta. <\/p>\n<p>              <img decoding=\"async\" class=\"inTextNews__img\" alt=\"Foto: expansion-israel-palestina-asentamientos-gaza\" src=\"https:\/\/www.europesays.com\/es\/wp-content\/uploads\/2025\/09\/f.elconfidencial.com\/original\/f05\/707\/5db\/f057075db9d2f3334c53d089fd429c80.jpg\"  \/>     <\/p>\n<p>TE PUEDE INTERESAR<\/p>\n<p>      <a class=\"inTextNews__title\" href=\"https:\/\/www.elconfidencial.com\/mundo\/2025-09-14\/expansion-israel-palestina-asentamientos-gaza_4207143\/\" onclick=\"window.ECCO.emit(&#039;amplitude&#039;, { dataEventName: &#039;click_related_article_module&#039;, data: { related_article_url: &#039;https:\/\/www.elconfidencial.com\/mundo\/2025-09-14\/expansion-israel-palestina-asentamientos-gaza_4207143\/&#039;, related_article_author: &#039;Giulio Maria Piantadosi,Ernesto Torrico,Marta Abascal&#039;, related_article_section: &#039;mundo&#039; } })\" rel=\"nofollow noopener\" target=\"_blank\"> El plan para el \u00abGran Israel\u00bb: asentamientos y expulsiones para borrar Palestina <\/a>   <\/p>\n<p>    Giulio Maria Piantadosi     Ernesto Torrico     Marta Abascal   <\/p>\n<p> El l\u00edder del PP, <strong>Alberto N\u00fa\u00f1ez Feij\u00f3o<\/strong>, public\u00f3 una carta en X en la que responsabiliz\u00f3 al Gobierno de situar a Espa\u00f1a en un \u00abrid\u00edculo internacional televisado en todo el mundo\u00bb. Feij\u00f3o insisti\u00f3 en su \u00abrespeto\u00bb a la \u00ablibertad de expresi\u00f3n\u00bb siempre que no justifique, dice, \u00abviolencia\u00bb y \u00abaltercados\u00bb y se posicion\u00f3 respecto al conflicto de Gaza: ni \u00abapoyo\u00bb a Ham\u00e1s; ni respaldo a la \u00abrespuesta\u00bb de Israel por la \u00abp\u00e9rdida de civiles de origen palestino\u00bb. <\/p>\n<p> La presidenta de la Comunidad de Madrid,<strong> <a href=\"https:\/\/www.elconfidencial.com\/tags\/personajes\/isabel-diaz-ayuso-20058\/\" target=\"_self\" rel=\"nofollow noopener\">Isabel D\u00edaz Ayuso<\/a><\/strong>, que vivi\u00f3 la etapa desde el coche del director de La Vuelta, consider\u00f3 \u201cintolerable\u201d las palabras de S\u00e1nchez, al que acus\u00f3 de \u201clanzar fuego\u201d durante la jornada. <strong>\u201cHay que protestar libremente pero no coaccionar a ciclistas.<\/strong> Esto va contra el deporte y la libertad\u201d. \u201cClaro que hay que protestar libremente cuando uno considera, pero hay much\u00edsimos sitios para hacerlo. No hay derecho porque un presidente tiene que llamar a la convivencia, al entendimiento o por lo menos no azuzar m\u00e1s una situaci\u00f3n: no utilizarla para cambiar el ritmo de las portadas, no utilizarla para cambiar el mensaje en las tertulias y en la opini\u00f3n p\u00fablica\u201d, dijo. <\/p>\n<p>                Confrontaci\u00f3n con Vox           <\/p>\n<p> Pedro S\u00e1nchez <strong>ha radicalizado hasta el l\u00edmite su discurso sobre Israel<\/strong>, avanzando en un espacio que hasta la fecha estaba ocupado por <a href=\"https:\/\/www.elconfidencial.com\/tags\/organismos\/unidas-podemos-17822\/\" target=\"_self\" rel=\"nofollow noopener\">Podemos<\/a> y Sumar. Este movimiento, que coincide con el inicio del a\u00f1o electoral, con Castilla y Le\u00f3n y Andaluc\u00eda en el horizonte, tiene una r\u00e9plica muy clara en Vox, con una postura equivalente en el otro extremo del tablero. El partido hizo lo propio este domingo durante su macroevento pol\u00edtico, reafirm\u00e1ndose en sus tesis sobre el conflicto en Oriente Pr\u00f3ximo. <\/p>\n<p> <strong>Santiago Abascal <\/strong>reiter\u00f3 su argumentario en este aspecto e incluso calific\u00f3 a S\u00e1nchez como el \u00abprincipal aliado de Ham\u00e1s\u00bb en Europa. La formaci\u00f3n no cont\u00f3 en esta ocasi\u00f3n con ning\u00fan miembro del Gobierno de Netanyahu entre sus invitados, pero obvi\u00f3 la masacre en Gaza y el \u00fanico \u00abgenocidio\u00bb al que apel\u00f3 fue el cometido contra los cristianos en \u00c1frica. <\/p>\n<p> Uno de sus aliados m\u00e1s importantes,<strong> Giorgia Meloni, <\/strong>s\u00ed se desmarc\u00f3 de la postura generalizada en la derecha dura internacional e incluso manifest\u00f3 una posici\u00f3n m\u00e1s cerca de S\u00e1nchez que de Abascal. La dirigente conservadora exigi\u00f3 la liberaci\u00f3n de todos los rehenes capturados por los terroristas islamistas durante el 7 de octubre de 2023 y <a href=\"https:\/\/www.elconfidencial.com\/mundo\/2025-09-13\/israel-hamas-bombardeo-doha-ultraderecha-1hms_4208071\/\" target=\"_blank\" rel=\"nofollow noopener\">pidi\u00f3 el fin de los ataques de Israel<\/a> sin mencionar la palabra \u00abgenocidio\u00bb, pero al mismo tiempo abog\u00f3 por la soluci\u00f3n de los dos estados. Reclam\u00f3 \u00abla construcci\u00f3n de una perspectiva de paz que reconozca el derecho de los palestinos a tener un Estado propio y a Israel a vivir seguro sin la amenaza del terrorismo\u00bb. <\/p>\n<p> Le Monde, The Guardian, Corriere de la Sera y otros medios extranjeros dieron cuenta este domingo del caos sucedido en Madrid. <a href=\"https:\/\/www.elconfidencial.com\/deportes\/2025-09-14\/vuelta-espana-etapa-21-madrid-directo_4208601\/\" target=\"_self\" rel=\"nofollow noopener\">La hist\u00f3rica cancelaci\u00f3n de la \u00faltima etapa<\/a> de La Vuelta por los disturbios propiciados por manifestantes propalestinos ha tenido alcance en medio mundo, con el efecto que eso supone para la imagen internacional de Espa\u00f1a. Y m\u00e1s a\u00fan si se tienen en cuenta dos detalles. Primero, que el Gobierno hab\u00eda desplegado un dispositivo de 1.500 agentes para tratar de garantizar el normal desarrollo de la \u00faltima etapa de la competici\u00f3n, algo que no logr\u00f3 y que dej\u00f3 al descubierto las deficiencias del plan. Y, segundo, que <strong>Pedro S\u00e1nchez<\/strong> alent\u00f3 a los activistas en la misma ma\u00f1ana del domingo. <\/p>\n","protected":false},"excerpt":{"rendered":"Le Monde, The Guardian, Corriere de la Sera y otros medios extranjeros dieron cuenta este domingo del caos&hellip;\n","protected":false},"author":2,"featured_media":115997,"comment_status":"","ping_status":"","sticky":false,"template":"","format":"standard","meta":{"footnotes":""},"categories":[273],"tags":[313,312,168,25,24,23,167],"class_list":{"0":"post-115996","1":"post","2":"type-post","3":"status-publish","4":"format-standard","5":"has-post-thumbnail","7":"category-ciclismo","8":"tag-ciclismo","9":"tag-cycling","10":"tag-deportes","11":"tag-es","12":"tag-espana","13":"tag-spain","14":"tag-sports"},"share_on_mastodon":{"url":"","error":""},"_links":{"self":[{"href":"https:\/\/www.europesays.com\/es\/wp-json\/wp\/v2\/posts\/115996","targetHints":{"allow":["GET"]}}],"collection":[{"href":"https:\/\/www.europesays.com\/es\/wp-json\/wp\/v2\/posts"}],"about":[{"href":"https:\/\/www.europesays.com\/es\/wp-json\/wp\/v2\/types\/post"}],"author":[{"embeddable":true,"href":"https:\/\/www.europesays.com\/es\/wp-json\/wp\/v2\/users\/2"}],"replies":[{"embeddable":true,"href":"https:\/\/www.europesays.com\/es\/wp-json\/wp\/v2\/comments?post=115996"}],"version-history":[{"count":0,"href":"https:\/\/www.europesays.com\/es\/wp-json\/wp\/v2\/posts\/115996\/revisions"}],"wp:featuredmedia":[{"embeddable":true,"href":"https:\/\/www.europesays.com\/es\/wp-json\/wp\/v2\/media\/115997"}],"wp:attachment":[{"href":"https:\/\/www.europesays.com\/es\/wp-json\/wp\/v2\/media?parent=115996"}],"wp:term":[{"taxonomy":"category","embeddable":true,"href":"https:\/\/www.europesays.com\/es\/wp-json\/wp\/v2\/categories?post=115996"},{"taxonomy":"post_tag","embeddable":true,"href":"https:\/\/www.europesays.com\/es\/wp-json\/wp\/v2\/tags?post=115996"}],"curies":[{"name":"wp","href":"https:\/\/api.w.org\/{rel}","templated":true}]}}