{"id":116021,"date":"2025-09-15T06:35:09","date_gmt":"2025-09-15T06:35:09","guid":{"rendered":"https:\/\/www.europesays.com\/es\/116021\/"},"modified":"2025-09-15T06:35:09","modified_gmt":"2025-09-15T06:35:09","slug":"miles-de-personas-desbordan-el-kennedy-center-de-washington-en-una-vigilia-en-memoria-de-charlie-kirk-internacional","status":"publish","type":"post","link":"https:\/\/www.europesays.com\/es\/116021\/","title":{"rendered":"Miles de personas desbordan el Kennedy Center de Washington en una vigilia en memoria de Charlie Kirk | Internacional"},"content":{"rendered":"<p class=\"\">Miles de personas asistieron el domingo por la noche en Washington a una vigilia en honor al l\u00edder juvenil MAGA Charlie Kirk; tantas, como para desbordar la sala sinf\u00f3nica del Kennedy Center, con sus 2.500 butacas, y un teatro m\u00e1s peque\u00f1o del gran complejo de la m\u00fasica, la \u00f3pera y las artes esc\u00e9nicas a orillas del r\u00edo Potomac. <\/p>\n<p class=\"\">Se citaron poco antes de la ca\u00edda del sol junto a una nutrida representaci\u00f3n de 85 congresistas y senadores republicanos, encabezada por la tercera autoridad del pa\u00eds, el presidente <a href=\"https:\/\/elpais.com\/internacional\/2025-09-14\/el-sospechoso-de-matar-a-charlie-kirk-bromeo-en-una-red-social-sobre-la-identidad-del-asesino-es-mi-doble.html\" target=\"_self\" rel=\"nofollow noopener\" title=\"https:\/\/elpais.com\/internacional\/2025-09-14\/el-sospechoso-de-matar-a-charlie-kirk-bromeo-en-una-red-social-sobre-la-identidad-del-asesino-es-mi-doble.html\">de la C\u00e1mara de Representantes,<\/a> Mike Johnson, trabajadores de la Casa Blanca y miembros del Gabinete de Donald Trump. El objetivo era recordar al activista y estrecho aliado del presidente de Estados Unidos, asesinado el mi\u00e9rcoles pasado de un balazo en el cuello cuando debat\u00eda al aire libre en la universidad de Utah Valley ante una audiencia de tres mil personas. <\/p>\n<p class=\"\">A la puerta del Kennedy Center, hab\u00eda gente vestida de luto, un buen mont\u00f3n de gorras con el eslogan Make America Great Again y camisetas que dec\u00edan \u201cPiensa mientras a\u00fan sea legal\u201d, \u201cLa libertad de la mujer empieza en el \u00fatero\u201d o \u201cSi los g\u00e9neros te confunden, prueba a orde\u00f1ar un toro\u201d. Hab\u00eda parejas j\u00f3venes que lloraban abrazadas, familias enteras y muchachos imberbes con traje y corbata que se excusaban por no estar \u201cautorizados para hablar con reporteros\u201d. Y hab\u00eda tambi\u00e9n decenas de agentes del FBI, de inmigraci\u00f3n (ICE) y de la polic\u00eda metropolitana y estatal, as\u00ed como miembros de la Guardia Nacional, desplegada desde hace un mes por Trump para mantener el orden en las calles en un <a href=\"https:\/\/elpais.com\/internacional\/2025-09-14\/el-asesinato-de-charlie-kirk-coloca-a-estados-unidos-ante-el-espejo-de-su-fractura.html\" target=\"_self\" rel=\"nofollow noopener\" title=\"https:\/\/elpais.com\/internacional\/2025-09-14\/el-asesinato-de-charlie-kirk-coloca-a-estados-unidos-ante-el-espejo-de-su-fractura.html\">gesto con escasos precedentes<\/a>.<\/p>\n<p><img alt=\"Largas filas a la entrada del Kennedy Center.\" decoding=\"auto\" class=\"_re lazyload a_m-h\" height=\"276\"  width=\"414\"  src=\"https:\/\/www.europesays.com\/es\/wp-content\/uploads\/2025\/09\/MHVKC6BRGVI7ZANLMNPFMPZDGI.jpg\" loading=\"lazy\"\/>Largas filas a la entrada del Kennedy Center.Elizabeth Frantz (REUTERS)<\/p>\n<p class=\"\">Una hora antes de la apertura de puertas, una muchedumbre que se hab\u00eda registrado previamente para acceder gratis al homenaje hac\u00eda una cola que daba vueltas y vueltas sobre s\u00ed misma para un acto que se anunci\u00f3 tan solo unas horas antes. <a href=\"https:\/\/elpais.com\/internacional\/2025-09-14\/el-asesinato-de-charlie-kirk-coloca-a-estados-unidos-ante-el-espejo-de-su-fractura.html\" target=\"_blank\" rel=\"noreferrer nofollow noopener\" title=\"https:\/\/elpais.com\/internacional\/2025-09-14\/el-asesinato-de-charlie-kirk-coloca-a-estados-unidos-ante-el-espejo-de-su-fractura.html\">El ambiente recordaba<\/a> al habitual en los multitudinarios m\u00edtines de Trump en la campa\u00f1a que lo llev\u00f3 de regreso a la Casa Blanca tras sobrevivir a dos intentos de asesinato. <\/p>\n<p class=\"\">Aunque el escenario no era una cancha de baloncesto o una feria del condado, lugares en los que aquellos actos electorales sol\u00edan tener lugar, sino el Kennedy Center: la instituci\u00f3n de referencia de la m\u00fasica cl\u00e1sica y la \u00f3pera <a href=\"https:\/\/elpais.com\/internacional\/2025-09-13\/huida-captura-y-enigmas-del-presunto-asesino-que-avivo-la-llama-de-la-violencia-politica-en-estados-unidos.html\" target=\"_self\" rel=\"nofollow noopener\" title=\"https:\/\/elpais.com\/internacional\/2025-09-13\/huida-captura-y-enigmas-del-presunto-asesino-que-avivo-la-llama-de-la-violencia-politica-en-estados-unidos.html\">en la capital estadounidense<\/a>. En febrero, Trump anunci\u00f3, poco despu\u00e9s de asumir su segunda presidencia, que tomaba el control del patronato, porque consideraba que sus gestores anteriores estaban al servicio de una agenda progresista contraria a los valores del America First (Am\u00e9rica primero). Desde entonces, se han cancelado espect\u00e1culos, varios artistas han renunciado a sus contratos y el aire de la instituci\u00f3n cultural es otro.<\/p>\n<p class=\"\">Cuando la sala sinf\u00f3nica se hubo llenado y solo dejaban acceder al recinto a aquellos con entrada para la versi\u00f3n de Sonrisas y l\u00e1grimas, actualmente en cartel en el teatro de \u00f3pera, Alex Navarro, de 22 a\u00f1os, destac\u00f3 la conexi\u00f3n que ten\u00eda Kirk \u201ccon los j\u00f3venes conservadores y la gente de mentalidad c\u00edvica\u201d. Y cont\u00f3 que hab\u00eda venido porque cree \u201cen la libertad de expresi\u00f3n y en muchos de los valores que [este] defend\u00eda\u201d. Kaoru Wang, <a href=\"https:\/\/elpais.com\/internacional\/2025-09-12\/el-fbi-difunde-un-video-en-el-que-se-ve-al-asesino-del-activista-trumpista-charlie-kirk-huir-del-lugar-del-crimen.html\" target=\"_self\" rel=\"nofollow noopener\" title=\"https:\/\/elpais.com\/internacional\/2025-09-12\/el-fbi-difunde-un-video-en-el-que-se-ve-al-asesino-del-activista-trumpista-charlie-kirk-huir-del-lugar-del-crimen.html\">activista que alcanz\u00f3 notoriedad<\/a> en la pandemia por su oposici\u00f3n a las medidas de confinamiento en Nueva York, dijo que Kirk \u201chab\u00eda muerto no solo por quienes pensaban como \u00e9l\u201d. <\/p>\n<p><img alt=\"Militares desplegados en el Kennedy Center, previo a la vigilia de Kirk.\" decoding=\"auto\" class=\"_re lazyload a_m-h\" height=\"276\"  width=\"414\"  src=\"https:\/\/www.europesays.com\/es\/wp-content\/uploads\/2025\/09\/P3TOTQO3K5OFDEVATJC7YKW54Y.jpg\" loading=\"lazy\"\/>Militares desplegados en el Kennedy Center, previo a la vigilia de Kirk.Elizabeth Frantz (REUTERS)<\/p>\n<p class=\"\">\u201cNo soy cristiana, pero dado que \u00e9l s\u00ed lo era, creo que cumple bien el arquetipo del m\u00e1rtir. Auguro que su muerte ser\u00e1 un punto de inflexi\u00f3n\u201c, a\u00f1adi\u00f3 Wang, en un gui\u00f1o a Turning Point, el nombre de la organizaci\u00f3n que Kirk fund\u00f3 a los 18 a\u00f1os. El que era un aliado clave de Trump, adem\u00e1s de recorrer las universidades de todo el pa\u00eds para desafiar las ideas progresistas que suelen dominar esos espacios, <a href=\"https:\/\/elpais.com\/internacional\/2025-09-11\/trump-anuncia-que-concedera-postumamente-la-medalla-de-la-libertad-a-su-aliado-charlie-kirk.html\" target=\"_self\" rel=\"nofollow noopener\" title=\"https:\/\/elpais.com\/internacional\/2025-09-11\/trump-anuncia-que-concedera-postumamente-la-medalla-de-la-libertad-a-su-aliado-charlie-kirk.html\">ten\u00eda un exitoso podcast <\/a>en el que defend\u00eda su nacionalismo cristiano y los valores de la familia tradicional. Tambi\u00e9n aconsejaba a las mujeres que se dedicaran a criar hijos, se burlaba de las iniciativas que fomentaban la diversidad y promulgaba una agenda antiinmigraci\u00f3n.<\/p>\n<p>Autobuses cargados de simpatizantes<\/p>\n<p class=\"\">Jack, un joven que no quiso dar su apellido, se dijo \u201cemocionado y sorprendido por ver a tanta gente reunirse para homenajear la memoria de un buen hombre\u201d. Y su sorpresa era comprensible. Washington es una ciudad que vota abrumadoramente dem\u00f3crata (Kamala Harris obtuvo en las elecciones un 92% de los sufragios). Pero es tambi\u00e9n el lugar de residencia de muchos amigos y seguidores de Kirk, que ahora trabajan para <a href=\"https:\/\/elpais.com\/internacional\/2025-09-11\/el-fbi-desvela-que-el-asesino-del-activista-trumpista-charlie-kirk-uso-un-rifle-de-alta-capacidad.html\" target=\"_self\" rel=\"nofollow noopener\" title=\"https:\/\/elpais.com\/internacional\/2025-09-11\/el-fbi-desvela-que-el-asesino-del-activista-trumpista-charlie-kirk-uso-un-rifle-de-alta-capacidad.html\">la Administraci\u00f3n de Trump<\/a> o son staffers de los congresistas republicanos en el Capitolio. Adem\u00e1s, seg\u00fan aclar\u00f3 el senador estatal de Arizona, Jake Hoffman, amigo personal de Kirk y organizador del evento, hab\u00edan venido autobuses de los vecinos Estados de Maryland y Virginia. <\/p>\n<p class=\"\">Hoffmann grit\u00f3: \u201c\u00a1Todos somos Charlie Kirk!\u201c, cuando subi\u00f3 al escenario, en el que habitualmente toca la Orquesta Sinf\u00f3nica Nacional y que luc\u00eda una sencilla escenograf\u00eda: un atril, una bandera estadounidense a cada lado, ramos de flores, una foto de Kirk con su mujer, Erika, y sus dos hijos, y otra de Kirk con <a href=\"https:\/\/elpais.com\/internacional\/2025-09-11\/el-asesinato-del-activista-trumpista-charlie-kirk-resucita-el-fantasma-de-la-violencia-politica-en-estados-unidos.html\" target=\"_blank\" rel=\"noreferrer nofollow noopener\" title=\"https:\/\/elpais.com\/internacional\/2025-09-11\/el-asesinato-del-activista-trumpista-charlie-kirk-resucita-el-fantasma-de-la-violencia-politica-en-estados-unidos.html\">Trump en la Casa Blanca<\/a>.<\/p>\n<p><img alt=\"El presidente de la C\u00e1mara de Representantes, Mike Johnson, en el Kennedy Center.\" decoding=\"auto\" class=\"_re lazyload a_m-h\" height=\"276\"  width=\"414\"  src=\"https:\/\/www.europesays.com\/es\/wp-content\/uploads\/2025\/09\/6CK7DVAZ7NLDTMOSCAYFFCIVAY.jpg\" loading=\"lazy\"\/>El presidente de la C\u00e1mara de Representantes, Mike Johnson, en el Kennedy Center.Rod Lamkey (AP)<\/p>\n<p class=\"\">Johnson, el orador de mayor rango, ofreci\u00f3 a continuaci\u00f3n un discurso centrado en la religi\u00f3n. El speaker de la C\u00e1mara, representante por Luisiana, es cristiano evang\u00e9lico como el propio Kirk. Johnson empez\u00f3 recordando que la semana a punto de terminar hab\u00eda estado llena de \u201ctristeza, dolor, ira e incluso un miedo indescriptible\u201d. <\/p>\n<p class=\"\">\u201cEs como si una sombra oscura se cerniera sobre nuestro pa\u00eds\u201d, a\u00f1adi\u00f3, poco despu\u00e9s de que Trump insistiera a los reporteros a su regreso a la Casa Blanca tras el fin de semana que el caldo de cultivo que ha propiciado el asesinato de Kirk, fallecido a los 31 a\u00f1os, \u201cest\u00e1 solo en la izquierda\u201d. Sin embargo, en la lista de v\u00edctimas de la violencia pol\u00edtica \u2015que no deja de crecer\u2015 tambi\u00e9n las hay dem\u00f3cratas. Trump anunci\u00f3 que \u201cmucha gente que tradicionalmente se considerar\u00eda de izquierdas\u201d ya est\u00e1 bajo investigaci\u00f3n para depurar responsabilidades por la muerte de su amigo y aliado. No especific\u00f3 a qu\u00e9 personas u organizaciones se refer\u00eda. <\/p>\n<p class=\"\">El presidente de Estados Unidos no asisti\u00f3 a la vigilia en Washington. Pero una de sus m\u00e1s firmes defensoras, la portavoz de la Casa Blanca, Karoline Leavitt, se ocup\u00f3 de decir a la audiencia del Kennedy Center que Trump \u201cquer\u00eda mucho\u201d a Kirk, de quien destac\u00f3 que hab\u00eda sido esencial en el reclutamiento del voto joven que contribuy\u00f3 a la victoria en la campa\u00f1a presidencial republicana de 2024. Tambi\u00e9n se acord\u00f3 del apoyo que este le brind\u00f3 a ella, de 27 a\u00f1os, cuando se present\u00f3 a congresista por New Hampshire, y perdi\u00f3. <\/p>\n<p class=\"\">Dos miembros <a href=\"https:\/\/elpais.com\/internacional\/2025-09-10\/quien-es-charlie-kirk-el-activista-conservador-asesinado-en-utah.html\" target=\"_self\" rel=\"nofollow noopener\" title=\"https:\/\/elpais.com\/internacional\/2025-09-10\/quien-es-charlie-kirk-el-activista-conservador-asesinado-en-utah.html\">del Gobierno<\/a> subieron despu\u00e9s al escenario: <a href=\"https:\/\/elpais.com\/sociedad\/2025-09-07\/el-hombre-que-no-amaba-las-vacunas-robert-f-kennedy-secretario-de-salud-de-ee-uu.html\" target=\"_self\" rel=\"nofollow noopener\" title=\"https:\/\/elpais.com\/sociedad\/2025-09-07\/el-hombre-que-no-amaba-las-vacunas-robert-f-kennedy-secretario-de-salud-de-ee-uu.html\">Robert F. Kennedy Jr., el pol\u00e9mico secretario de Salud antivacunas<\/a>, y Tulsi Gabbard, directora nacional de Inteligencia. Esta compar\u00f3 el asesinato de Kirk con el 11-S. \u201cAmbos fueron llevados a cabo por quienes se aferran a ideolog\u00edas que no resisten el escrutinio. As\u00ed que su \u00fanico recurso es cometer un acto de violencia para silenciar a quienes se oponen a ellos e intimidar y aterrorizar a otros para que guarden silencio. Esta es la definici\u00f3n de terrorismo. No podemos permitir que nos aterroricen y nos hagan callar\u201d.<\/p>\n<p><img alt=\"Kari Lake, durante el homenaje a Charlie Kirk.\" decoding=\"auto\" class=\"_re lazyload a_m-h\" height=\"276\"  width=\"414\"  src=\"https:\/\/www.europesays.com\/es\/wp-content\/uploads\/2025\/09\/UTX4HCO7GFMH5DVXHFZOZH36TQ.jpg\" loading=\"lazy\"\/>Kari Lake, durante el homenaje a Charlie Kirk.Rod Lamkey (AP)<\/p>\n<p class=\"\">La asesora de Trump Kari Lake, responsable del cierre del medio Voice of America y originaria de Arizona, Estado en el que viv\u00eda Kirk, mencion\u00f3, por su parte, al presunto asesino del activista, Tyler Robinson, un joven de 22 a\u00f1os criado en una familia republicana apasionada de las armas. Seg\u00fan las autoridades, se hab\u00eda \u201cpolitizado\u201d y era \u201cclaramente de izquierdas\u201d. <\/p>\n<p class=\"\">Pese a que el gobernador republicano de Utah, Spencer Cox, hab\u00eda dicho por la ma\u00f1ana en una entrevista televisiva que ese alejamiento de los valores conservadores mamados en casa se hab\u00eda producido despu\u00e9s de que Robinson cursara un solo semestre en la universidad estatal de ese Estado del Oeste, Lake aprovech\u00f3 para atacar a las instituciones de educaci\u00f3n superior, diana predilecta del movimiento MAGA. <\/p>\n<p class=\"\">\u201cNo mand\u00e9is a vuestros hijos a esos campos de adoctrinamiento\u201d, dijo Lake, que record\u00f3 que Kirk no fue a la universidad. \u201c[En esos campus] se ha llevado la campa\u00f1a de lavado de cerebro m\u00e1s terrible de la historia de la humanidad. Y si estamos aqu\u00ed, es porque <a href=\"https:\/\/elpais.com\/internacional\/2025-05-25\/en-el-frente-de-la-resistencia-de-harvard-contra-trump-lo-primero-que-hacen-los-autoritarios-es-atacar-a-las-universidades.html\" target=\"_self\" rel=\"nofollow noopener\" title=\"https:\/\/elpais.com\/internacional\/2025-05-25\/en-el-frente-de-la-resistencia-de-harvard-contra-trump-lo-primero-que-hacen-los-autoritarios-es-atacar-a-las-universidades.html\">nosotros hemos sobrevivido, pero hay muchos otros ni\u00f1os que no lo han logrado\u201d.<\/a> <\/p>\n<p class=\"\">El acto, que dur\u00f3 m\u00e1s de dos horas, termin\u00f3 como hab\u00eda empezado: con un tr\u00edo de gospel-country (guitarra y dos cuerdas) interpretando un himno religioso. Sobre el fondo de la m\u00fasica, Hoffman pronunci\u00f3 despu\u00e9s una oraci\u00f3n, que concluy\u00f3 as\u00ed: \u201cGracias, Se\u00f1or, por tu hijo; en su nombre rezamos. Am\u00e9n\u201d.<\/p>\n","protected":false},"excerpt":{"rendered":"Miles de personas asistieron el domingo por la noche en Washington a una vigilia en honor al l\u00edder&hellip;\n","protected":false},"author":2,"featured_media":116022,"comment_status":"","ping_status":"","sticky":false,"template":"","format":"standard","meta":{"footnotes":""},"categories":[42],"tags":[889,17,18,37536,352,629,13,14,11,61,62,63,64,38935,19,20,38936,9,2556,10,15,16,30471,17918,15373,12,21,22,2558,65,66,67],"class_list":{"0":"post-116021","1":"post","2":"type-post","3":"status-publish","4":"format-standard","5":"has-post-thumbnail","7":"category-internacional","8":"tag-america","9":"tag-breaking-news","10":"tag-breakingnews","11":"tag-charlie-kirk","12":"tag-donald-trump","13":"tag-estados-unidos","14":"tag-featured-news","15":"tag-featurednews","16":"tag-headlines","17":"tag-internacional","18":"tag-international","19":"tag-international-news","20":"tag-internationalnews","21":"tag-karoline-leavitt","22":"tag-latest-news","23":"tag-latestnews","24":"tag-mike-johnson","25":"tag-news","26":"tag-norteamerica","27":"tag-noticias","28":"tag-noticias-destacadas","29":"tag-noticiasdestacadas","30":"tag-partido-democrata-ee-uu","31":"tag-partido-republicano-ee-uu","32":"tag-robert-f-kennedy-jr","33":"tag-titulares","34":"tag-ultimas-noticias","35":"tag-ultimasnoticias","36":"tag-washington-d-c","37":"tag-world","38":"tag-world-news","39":"tag-worldnews"},"share_on_mastodon":{"url":"","error":""},"_links":{"self":[{"href":"https:\/\/www.europesays.com\/es\/wp-json\/wp\/v2\/posts\/116021","targetHints":{"allow":["GET"]}}],"collection":[{"href":"https:\/\/www.europesays.com\/es\/wp-json\/wp\/v2\/posts"}],"about":[{"href":"https:\/\/www.europesays.com\/es\/wp-json\/wp\/v2\/types\/post"}],"author":[{"embeddable":true,"href":"https:\/\/www.europesays.com\/es\/wp-json\/wp\/v2\/users\/2"}],"replies":[{"embeddable":true,"href":"https:\/\/www.europesays.com\/es\/wp-json\/wp\/v2\/comments?post=116021"}],"version-history":[{"count":0,"href":"https:\/\/www.europesays.com\/es\/wp-json\/wp\/v2\/posts\/116021\/revisions"}],"wp:featuredmedia":[{"embeddable":true,"href":"https:\/\/www.europesays.com\/es\/wp-json\/wp\/v2\/media\/116022"}],"wp:attachment":[{"href":"https:\/\/www.europesays.com\/es\/wp-json\/wp\/v2\/media?parent=116021"}],"wp:term":[{"taxonomy":"category","embeddable":true,"href":"https:\/\/www.europesays.com\/es\/wp-json\/wp\/v2\/categories?post=116021"},{"taxonomy":"post_tag","embeddable":true,"href":"https:\/\/www.europesays.com\/es\/wp-json\/wp\/v2\/tags?post=116021"}],"curies":[{"name":"wp","href":"https:\/\/api.w.org\/{rel}","templated":true}]}}