{"id":116039,"date":"2025-09-15T06:47:09","date_gmt":"2025-09-15T06:47:09","guid":{"rendered":"https:\/\/www.europesays.com\/es\/116039\/"},"modified":"2025-09-15T06:47:09","modified_gmt":"2025-09-15T06:47:09","slug":"estoy-aqui-para-denunciar-el-genocidio-en-gaza","status":"publish","type":"post","link":"https:\/\/www.europesays.com\/es\/116039\/","title":{"rendered":"\u00abEstoy aqu\u00ed para denunciar el genocidio en Gaza\u00bb"},"content":{"rendered":"<p class=\"voc-p\" style=\"\">El actor espa\u00f1ol <strong>Javier Bardem<\/strong> ha sorprendido en la alfombra roja de los premios Emmy luciendo un pa\u00f1uelo palestino \u2014kufiya\u2014 para <a href=\"https:\/\/www.abc.es\/gente\/javier-bardem-llama-nazis-fuerzas-defensa-israel-20250822105852-nt.html\" title=\"www.abc.es\" data-voc-vtm-id=\"in-text-traffic\" data-mrf-link=\"www.abc.es\" rel=\"nofollow noopener\" target=\"_blank\">denunciar el \u00abgenocidio\u00bb en Gaza<\/a>. El int\u00e9rprete, que siempre ha hecho gala de sus reivindicaciones pol\u00edticas, ha querido apoyar a los palestinos desde la entrega de los llamados Oscar de la televisi\u00f3n. <\/p>\n<p class=\"voc-p\" style=\"\">En declaraciones a Variety, el actor ha se\u00f1alado que estaba ah\u00ed \u00abpara denunciar el genocidio en Gaza. \u00a1Palestina libre\u00bb. Bardem <a href=\"https:\/\/www.abc.es\/play\/series\/noticias\/javier-bardem-nominado-mejor-actor-reparto-miniserie-20250715180418-nt.html\" title=\"www.abc.es\" data-voc-vtm-id=\"in-text-traffic\" data-mrf-link=\"www.abc.es\" rel=\"nofollow noopener\" target=\"_blank\">estaba nominado<\/a> como mejor actor de reparto por su interpretaci\u00f3n en la miniserie <strong>&#8216;Monstruos: la historia de Lyle y Erik Men\u00e9ndez&#8217;<\/strong>. El galard\u00f3n se lo llev\u00f3 finalmente <a href=\"https:\/\/www.abc.es\/play\/series\/noticias\/adolescencia-the-studio-arrasan-premios-emmy-20250915065443-nt.html\" title=\"www.abc.es\" data-voc-vtm-id=\"in-text-traffic\" data-mrf-link=\"www.abc.es\" rel=\"nofollow noopener\" target=\"_blank\">Owen Cooper<\/a>, el joven protagonista de &#8216;Adolescencia&#8217;. <\/p>\n<p class=\"voc-p\" style=\"\">Adem\u00e1s, el espa\u00f1ol ha llamado a <a href=\"https:\/\/www.abc.es\/gente\/javier-bardem-cortado-television-americana-tras-dar-20250617110048-nt.html\" title=\"www.abc.es\" data-voc-vtm-id=\"in-text-traffic\" data-mrf-link=\"www.abc.es\" rel=\"nofollow noopener\" target=\"_blank\">boicotear a las empresas de la industria que dan soporte a Israel<\/a>. En declaraciones a AFP, se\u00f1al\u00f3 que \u00abnos dirigimos contra las compa\u00f1\u00edas e instituciones cinematogr\u00e1ficas c\u00f3mplices y relacionadas con el encubrimiento o la justificaci\u00f3n del genocidio en Gaza, y de Israel y su r\u00e9gimen de apartheid\u00bb. <\/p>\n<p class=\"voc-p\" style=\"\">Tambi\u00e9n dijo que, aunque era el \u00fanico que llevaba una kufiya, \u00abmucha gente\u00bb le estaba dando sus apoyo \u00aben voz baja\u00bb, y les pide que \u00abno susurren\u00bb y lo digan \u00aben voz alta\u00bb. El actor pos\u00f3 para los medios con el pu\u00f1o cerrado levantado. <\/p>\n<p class=\"voc-p\" style=\"\"><strong>Hannah Einbinder<\/strong>, ganadora del premio a mejor actriz de reparto por su papel en &#8216;Hacks&#8217;, tambi\u00e9n aprovech\u00f3 su discurso para pronunciar una declaraci\u00f3n breve, pero sin tapujos, sobre la guerra en Gaza, las redadas migratorias y su apoyo a los Philadelphia Eagles. \u00ab\u00a1Vamos Birds, que se joda ICE y liberen a Palestina!\u00bb, dijo.<\/p>\n<p>Reportar un error<\/p>\n","protected":false},"excerpt":{"rendered":"El actor espa\u00f1ol Javier Bardem ha sorprendido en la alfombra roja de los premios Emmy luciendo un pa\u00f1uelo&hellip;\n","protected":false},"author":2,"featured_media":116040,"comment_status":"","ping_status":"","sticky":false,"template":"","format":"standard","meta":{"footnotes":""},"categories":[174],"tags":[11645,19340,9060,255,29792,38874,146,147,25,24,256,694,79,5264,695,38939,13644,23],"class_list":{"0":"post-116039","1":"post","2":"type-post","3":"status-publish","4":"format-standard","5":"has-post-thumbnail","7":"category-famosos","8":"tag-acude","9":"tag-alfombra","10":"tag-bardem","11":"tag-celebrities","12":"tag-denunciar","13":"tag-emmy","14":"tag-entertainment","15":"tag-entretenimiento","16":"tag-es","17":"tag-espana","18":"tag-famosos","19":"tag-gaza","20":"tag-genocidio","21":"tag-javier","22":"tag-palestino","23":"tag-panuelo","24":"tag-roja","25":"tag-spain"},"share_on_mastodon":{"url":"","error":""},"_links":{"self":[{"href":"https:\/\/www.europesays.com\/es\/wp-json\/wp\/v2\/posts\/116039","targetHints":{"allow":["GET"]}}],"collection":[{"href":"https:\/\/www.europesays.com\/es\/wp-json\/wp\/v2\/posts"}],"about":[{"href":"https:\/\/www.europesays.com\/es\/wp-json\/wp\/v2\/types\/post"}],"author":[{"embeddable":true,"href":"https:\/\/www.europesays.com\/es\/wp-json\/wp\/v2\/users\/2"}],"replies":[{"embeddable":true,"href":"https:\/\/www.europesays.com\/es\/wp-json\/wp\/v2\/comments?post=116039"}],"version-history":[{"count":0,"href":"https:\/\/www.europesays.com\/es\/wp-json\/wp\/v2\/posts\/116039\/revisions"}],"wp:featuredmedia":[{"embeddable":true,"href":"https:\/\/www.europesays.com\/es\/wp-json\/wp\/v2\/media\/116040"}],"wp:attachment":[{"href":"https:\/\/www.europesays.com\/es\/wp-json\/wp\/v2\/media?parent=116039"}],"wp:term":[{"taxonomy":"category","embeddable":true,"href":"https:\/\/www.europesays.com\/es\/wp-json\/wp\/v2\/categories?post=116039"},{"taxonomy":"post_tag","embeddable":true,"href":"https:\/\/www.europesays.com\/es\/wp-json\/wp\/v2\/tags?post=116039"}],"curies":[{"name":"wp","href":"https:\/\/api.w.org\/{rel}","templated":true}]}}