{"id":116043,"date":"2025-09-15T06:49:14","date_gmt":"2025-09-15T06:49:14","guid":{"rendered":"https:\/\/www.europesays.com\/es\/116043\/"},"modified":"2025-09-15T06:49:14","modified_gmt":"2025-09-15T06:49:14","slug":"isaac-rosa-el-insomnio-cronico-puede-matar-mas-rapido-que-el-colesterol-el-mundo","status":"publish","type":"post","link":"https:\/\/www.europesays.com\/es\/116043\/","title":{"rendered":"Isaac Rosa: &quot;El insomnio cr\u00f3nico puede matar m\u00e1s r\u00e1pido que el colesterol&quot; &#8211; El Mundo"},"content":{"rendered":"<ol>\n<li><a href=\"https:\/\/news.google.com\/rss\/articles\/CBMiigFBVV95cUxQS1hfbUdDb0VNLS1PYXlFMGJDR3FlMlFaZ1R2LUVqT1ZRcG1zQTdvQXVOejJfbWkzVlFqNl9CWk9pYURxczlZQTA2WnhHNmhYMWJZYUM0ektxdi1jSHJHSGVPeHZxZkcxcUVIMDVEdnhnaWZSZlk2bnBpejUtSHRsU0ExdHpaaG5laEHSAYoBQVVfeXFMT2w1X1ZnMUpTVFdwcHdhbEF3V1NXaWNMa2t0X0lXaTZSdzBNcjM3NFYtQW9qVWhnZ01UWmhQZGVQRW5ZMGZuS3RVeG5NUmlLQlNjNk5sakEzOF9uenpqc3ZuQTdLWTcxWDlrb1NHZTloUkdJZXZvSGFReko1QUxoTktwS3ppZ3I3dEpR?oc=5\" target=\"_blank\" rel=\"nofollow noopener\">Isaac Rosa: \u00abEl insomnio cr\u00f3nico puede matar m\u00e1s r\u00e1pido que el colesterol\u00bb<\/a>&nbsp;&nbsp;El Mundo<\/li>\n<li><a href=\"https:\/\/news.google.com\/rss\/articles\/CBMi3wFBVV95cUxQdUVZWU9ySE1aSFJNX0Q3V25ORWtBNW54WVdMOUJaRUpvWWt2S0g1VkVkYm5LSi04Z3dDRk5NdlVJLUJ3RmhDRWk3dUZpM0JTNEoxNWp4VXpLaGpieDhVcDVKeGs4OXpDSWY2REV0cl9sbVZZakFZaDc3cEdTcnJ4WWthNUxlemRqcE9ieUxEY3NQX3VHYkd0SGhyZmFGdENKbU05d0RZc3lIbGFHVm5vLS1vcnRoYjZQX1dhRGZUYkJHMHM1bmpvMVRrRnk2Skl5UDhpR3lwRjEwX2xZOUJ3?oc=5\" target=\"_blank\" rel=\"nofollow noopener\">En la cama con el escritor Isaac Rosa: \u201cLa precariedad laboral y la falta de vivienda nos quitan el sue\u00f1o\u201d<\/a>&nbsp;&nbsp;EL PA\u00cdS<\/li>\n<li><a href=\"https:\/\/news.google.com\/rss\/articles\/CBMiyAFBVV95cUxNNnFTdHotZjh0X2ZBcFhtSWo5ektTbjBXcWozTEtFSVZhVUI3VWR1aFNsSW1DRG1xeDYwSjJJVGJ2YktRS3R6c2RqN1VjVmU3NUxKd0MzYVZTOWNibl85WFNOSm9EWWNiVDRldEtsX3ZFZkctSVlTN3lBTDZzOWotU1lzLU5TSVVGOXZEMUpZQzFHdTdvWVlEWFdieFQ4RzYyV180QldRRERQMGFiNDZDMm5OaV9BZzdFVVRDbTg2cVc0TlJXa3duVA?oc=5\" target=\"_blank\" rel=\"nofollow noopener\">Isaac Rosa: \u201cC\u00f3mo dormimos dice mucho de nuestra forma de vida\u201d<\/a>&nbsp;&nbsp;Valencia Plaza<\/li>\n<li><a href=\"https:\/\/news.google.com\/rss\/articles\/CBMirgFBVV95cUxNY1B4Y01zbUxmY24wQi0wMFpHLTFTbm1qUTJSamlXenRYZmFyaUoyanZTRHpwYW5MU0hsV3JKOEtUd0FTbTVGUU14YXkyVHBWeHN6TlE3RnI0Njl5aG94Z1Nid29aUnp0cVUxUmRZZUx2bnZHNFpFRzd6bnhSeXNMNkdvN3hxclJnT0dIbmY3VmVjYmJmc1V5d0hLWW9rejNNLWRGZVdXUG1XM2M0ZFE?oc=5\" target=\"_blank\" rel=\"nofollow noopener\">Isaac Rosa: \u00abEspa\u00f1a es el pa\u00eds donde se consumen m\u00e1s ansiol\u00edticos, pero al mismo tiempo se dice que es donde hay una mayor calidad de vida\u00bb<\/a>&nbsp;&nbsp;ABC<\/li>\n<li><a href=\"https:\/\/news.google.com\/rss\/articles\/CBMiggJBVV95cUxNN1JqME15dWxIQ0hHRzNYbkdXdzJHNEp5SlJvR3JJanVGTXo3VnBUZENOZWpqcjdpQS1qTGYyM19IMkJWNXYtWWZpM2JVeEYyb3JYSVRfREo2elZfM05ldnllM1lsREZQSDB3U2RZZzdWVkNaUjd6b0dfNjdqUlRVUnVpaEROLXNfRmxRTTlqbXU4cFZxX2ZadUpVVTFvNTV0aFJ3Y1BhdjQ5T1ZpUW5WY3p0bWpqYTFSQjNJQ281NTJtdDdLRWRJQVUtYXk4aTRqb0wxQWJXTmVEVzVCN3FPY3RMZF8zdVBaaFhEWkRxcHlheEotLXlVWXNCdEpmRFZUUUHSAYICQVVfeXFMTjlXdk9hdkRQanJrX2hpaXR3Mm1odHN3U2x5aHlNM3NDU1ExYnFKTXVmNzg4MXBTaFdYcFU0YzZMQ0RIVWFVR0stWEUwRk5IWHhzcnJyNS15LVhsZ0lPUnYwSU5uZEM0OFJxUXZDWmFhNzZ2dW9hQlhoX3p1N3g2OU16Wk1Ld3BvZmJIYXhIMjBNUk0xQ25TRGRlSTQza1Z4LVBld3FkQ1BCQWhLYndVQ2RaTzF3M3BiN3NfaVlVZFBmWnBRV0NhckxoMzN1cGxIcXpiYVZqZ2RrZUxNMEZDV0dLM19yUm1UYk1wakVTS3ZnT2VPT2R5NFYtZ3pMajZoVGtn?oc=5\" target=\"_blank\" rel=\"nofollow noopener\">\u00bfSufres de insomnio cr\u00f3nico? Casi la mitad de la poblaci\u00f3n tiene o ha tenido un trastorno del sue\u00f1o<\/a>&nbsp;&nbsp;Onda Cero<\/li>\n<\/ol>\n","protected":false},"excerpt":{"rendered":"Isaac Rosa: \u00abEl insomnio cr\u00f3nico puede matar m\u00e1s r\u00e1pido que el colesterol\u00bb&nbsp;&nbsp;El Mundo En la cama con el&hellip;\n","protected":false},"author":2,"featured_media":116044,"comment_status":"","ping_status":"","sticky":false,"template":"","format":"standard","meta":{"footnotes":""},"categories":[172],"tags":[224,209,35930,146,147,25,24,225,671,24593,23,3466],"class_list":{"0":"post-116043","1":"post","2":"type-post","3":"status-publish","4":"format-standard","5":"has-post-thumbnail","7":"category-libros","8":"tag-books","9":"tag-cultura","10":"tag-cultura-literatura","11":"tag-entertainment","12":"tag-entretenimiento","13":"tag-es","14":"tag-espana","15":"tag-libros","16":"tag-literatura","17":"tag-salud-y-ciencia","18":"tag-spain","19":"tag-sueno"},"share_on_mastodon":{"url":"","error":""},"_links":{"self":[{"href":"https:\/\/www.europesays.com\/es\/wp-json\/wp\/v2\/posts\/116043","targetHints":{"allow":["GET"]}}],"collection":[{"href":"https:\/\/www.europesays.com\/es\/wp-json\/wp\/v2\/posts"}],"about":[{"href":"https:\/\/www.europesays.com\/es\/wp-json\/wp\/v2\/types\/post"}],"author":[{"embeddable":true,"href":"https:\/\/www.europesays.com\/es\/wp-json\/wp\/v2\/users\/2"}],"replies":[{"embeddable":true,"href":"https:\/\/www.europesays.com\/es\/wp-json\/wp\/v2\/comments?post=116043"}],"version-history":[{"count":0,"href":"https:\/\/www.europesays.com\/es\/wp-json\/wp\/v2\/posts\/116043\/revisions"}],"wp:featuredmedia":[{"embeddable":true,"href":"https:\/\/www.europesays.com\/es\/wp-json\/wp\/v2\/media\/116044"}],"wp:attachment":[{"href":"https:\/\/www.europesays.com\/es\/wp-json\/wp\/v2\/media?parent=116043"}],"wp:term":[{"taxonomy":"category","embeddable":true,"href":"https:\/\/www.europesays.com\/es\/wp-json\/wp\/v2\/categories?post=116043"},{"taxonomy":"post_tag","embeddable":true,"href":"https:\/\/www.europesays.com\/es\/wp-json\/wp\/v2\/tags?post=116043"}],"curies":[{"name":"wp","href":"https:\/\/api.w.org\/{rel}","templated":true}]}}