{"id":116062,"date":"2025-09-15T07:02:07","date_gmt":"2025-09-15T07:02:07","guid":{"rendered":"https:\/\/www.europesays.com\/es\/116062\/"},"modified":"2025-09-15T07:02:07","modified_gmt":"2025-09-15T07:02:07","slug":"como-cierre-puerta-grande-para-antolin-jimenez-en-sanguesa","status":"publish","type":"post","link":"https:\/\/www.europesays.com\/es\/116062\/","title":{"rendered":"Como cierre, puerta grande para Antol\u00edn Jim\u00e9nez en Sang\u00fcesa"},"content":{"rendered":"<p>\n        Se cerr\u00f3 el ciclo zangozarra en lo referente a festejos de lidia y muerte con una novillada de la que sali\u00f3 triunfante por la puerta grande <strong>Antol\u00edn Jim\u00e9nez<\/strong>. El menudo chaval jienense cort\u00f3 las dos orejas del cuarto utrero de Albarreal que cerraba funci\u00f3n y serial. Pudo hacerlo tambi\u00e9n <strong>Javier Illanguas<\/strong>, pero malogr\u00f3 dos entonadas puestas en escena con mal uso de los aceros de muerte, en especial el verduguillo.\n<\/p>\n<p class=\"article-photo__footer\">\n            Javier Yllanguas, citando al natural al primero de la tarde. Fotos: M. Sag\u00fc\u00e9s                    <\/p>\n<p class=\"article-body__text \">\n        El encierro estaba previsto y anunciado en los carteles que ser\u00eda matado en solitario por Bruno Mart\u00ednez. Sin embargo, el pamplon\u00e9s, tras su desafortunado paso por Peralta el pasado jueves, decidi\u00f3 poner punto final a su trayectoria profesional. Illanguas y Jim\u00e9nez cubrieron de modo satisfactorio la urgencia.\n<\/p>\n<p class=\"article-body__text \">\n        Los utreros de Albarreal, hierro onubense de Zufre y de procedencia Marqu\u00e9s de Domecq, tuvieron dispar y, alguno, muy justa presentaci\u00f3n. Sin embargo, <strong>colaboraron con nobleza y con calidad (en especial el tercero y el cuarto) para que los dos chavales andaluces pudieran v\u00e9rselas sin excesivos problemas.<\/strong>\n<\/p>\n<p class=\"article-body__text \">\n        Javier Illanguas vino acompa\u00f1ado de Jos\u00e9 Ortega Cano, que le apadrina desde hace varios meses. El propio Illanguas y, luego tambi\u00e9n, Jim\u00e9nez, hicieron salir al ruedo a cartagenero para brindarle una de sus faenas de muleta. Illanguas tambi\u00e9n realiz\u00f3 un brindis especial en su segundo turno: fue a la Pe\u00f1a tendido 2 Puerta Grande en la persona de su presidenta Asunci\u00f3n Sanz Alastuey. Se presagi\u00f3 precisamente Puerta Grande para el espigado novillero de La Algaba. En el ruedo una faena completa por ambos pitones con templanza, profundidad y plasticidad. Todo fue al traste con en la suerte suprema. La cosa estuvo en un tris de que sonara el tercer aviso. Tambi\u00e9n pudo tocar pelo ante el que abri\u00f3 plaza, el utrero con m\u00e1s romana de la tarde, pero tambi\u00e9n mat\u00f3 mal.\n<\/p>\n<p class=\"article-body__text \">\n        A Jim\u00e9nez le pas\u00f3 parecido con el potable segundo. Mas puto punto final al mal de espadas ante el notable Grabado, al que despen\u00f3 de un buena estocada, algo delantera, en primera instancia. El de \u00dabeda aprovech\u00f3 el buen pit\u00f3n izquierdo para sellar el mejor toreo al natural de la feria. Larga y coreada su labor. Dos orejas merecidas.\n<\/p>\n<p class=\"article-body__text \">\n        Esta novillada y, en concreto, el \u00faltimo animal lidiado, fue un buen remate para una feria nacida con la pol\u00e9mica de la licitaci\u00f3n y adjudicaci\u00f3n de la empresa organizadora. <strong>Ha habido distintas opiniones, pero la realidad es que Jes\u00fas Macua, con el tiempo muy justo, ha sacado el serial y encierros zangozarras adelante y es muy de agradecer. <\/strong>En el aspecto taurino y art\u00edstico no ha sido de nota alta, pero se augura que si en 2026 repite, Macua completar\u00e1 una feria m\u00e1s redonda.\n<\/p>\n<p>  <strong>Triunfo de cristiano torres en Peralta <\/strong><\/p>\n<p class=\"article-body__text \">\n        Coincidi\u00f3 con la novillada picada de Sang\u00fcesa con otra del mismo tipo, quinta y \u00faltima de la extensa feria de Peralta. Se lidiaron seis utreros de la ganader\u00eda de Pedr\u00e9s, triunfadora en 2024. Cristiano Torres: ovaci\u00f3n y dos orejas; \u00c1lvaro Serrano, ovaci\u00f3n y vuelta con petici\u00f3n; y cerraba el cartel el pamplon\u00e9s Nabil Essauari, El Moro: ovaci\u00f3n y silencio.\n<\/p>\n<p>  <strong>LOS NOVILLOS<\/strong><\/p>\n<p class=\"article-body__text \">\n        Albarreal. Cuatro utreros desiguales de presentaci\u00f3n y justos de hechuras; alguno chico. Fueron nobles y colaboradores en general. Todos se dejaron en un \u00fanico puyazo y fueron manejables en capotes, banderillas y muleta. Destacaron el tercero y, sobre todo, el cuarto por su clase y duraci\u00f3n.\n<\/p>\n<p>  <strong>LOS NOVILLEROS<\/strong><\/p>\n<p class=\"article-body__text \">\n        Javier Illanguas. (Verde oscuro de terciopelo y oro). En el 1\u00ba, saludos desde el tercio; y en el 3\u00ba, silencio tras dos avisos.\n<\/p>\n<p class=\"article-body__text \">\n         Antol\u00edn Jim\u00e9nez. (Malva y oro). En el 2\u00ba, saludos desde el tercio; y en el 4\u00ba, dos orejas.\n<\/p>\n<p>  <strong>LAS GRADAS<\/strong><\/p>\n<p class=\"article-body__text \">\n        Presidencia. Bien a cargo de Jos\u00e9 F\u00e9lix Ojer Plano; y Eder Sanz D\u00edaz (art\u00edstico) y Pedro Oteiza Orradre (veterinario). Sac\u00f3 los dos pa\u00f1uelos para las orejas del cuarto novillo de tir\u00f3n. Sorprendi\u00f3 a algunos, pero si lo ten\u00eda claro con la segunda de su potestad: estupendo.\n<\/p>\n<p class=\"article-body__text \">\n        Incidencias. Dos tercios. Veraniego. Un d\u00eda m\u00e1s, fastuosa la Banda de M\u00fasica. S\u00f3lo por escuchala merece la pena la feria.<\/p>\n","protected":false},"excerpt":{"rendered":"Se cerr\u00f3 el ciclo zangozarra en lo referente a festejos de lidia y muerte con una novillada de&hellip;\n","protected":false},"author":2,"featured_media":116063,"comment_status":"","ping_status":"","sticky":false,"template":"","format":"standard","meta":{"footnotes":""},"categories":[277],"tags":[21867,373,1565,168,25,24,699,11672,740,23,167,374],"class_list":{"0":"post-116062","1":"post","2":"type-post","3":"status-publish","4":"format-standard","5":"has-post-thumbnail","7":"category-toreo","8":"tag-antolin","9":"tag-bullfighting","10":"tag-cierre","11":"tag-deportes","12":"tag-es","13":"tag-espana","14":"tag-grande","15":"tag-jimenez","16":"tag-puerta","17":"tag-spain","18":"tag-sports","19":"tag-toreo"},"share_on_mastodon":{"url":"","error":""},"_links":{"self":[{"href":"https:\/\/www.europesays.com\/es\/wp-json\/wp\/v2\/posts\/116062","targetHints":{"allow":["GET"]}}],"collection":[{"href":"https:\/\/www.europesays.com\/es\/wp-json\/wp\/v2\/posts"}],"about":[{"href":"https:\/\/www.europesays.com\/es\/wp-json\/wp\/v2\/types\/post"}],"author":[{"embeddable":true,"href":"https:\/\/www.europesays.com\/es\/wp-json\/wp\/v2\/users\/2"}],"replies":[{"embeddable":true,"href":"https:\/\/www.europesays.com\/es\/wp-json\/wp\/v2\/comments?post=116062"}],"version-history":[{"count":0,"href":"https:\/\/www.europesays.com\/es\/wp-json\/wp\/v2\/posts\/116062\/revisions"}],"wp:featuredmedia":[{"embeddable":true,"href":"https:\/\/www.europesays.com\/es\/wp-json\/wp\/v2\/media\/116063"}],"wp:attachment":[{"href":"https:\/\/www.europesays.com\/es\/wp-json\/wp\/v2\/media?parent=116062"}],"wp:term":[{"taxonomy":"category","embeddable":true,"href":"https:\/\/www.europesays.com\/es\/wp-json\/wp\/v2\/categories?post=116062"},{"taxonomy":"post_tag","embeddable":true,"href":"https:\/\/www.europesays.com\/es\/wp-json\/wp\/v2\/tags?post=116062"}],"curies":[{"name":"wp","href":"https:\/\/api.w.org\/{rel}","templated":true}]}}