{"id":116066,"date":"2025-09-15T07:06:11","date_gmt":"2025-09-15T07:06:11","guid":{"rendered":"https:\/\/www.europesays.com\/es\/116066\/"},"modified":"2025-09-15T07:06:11","modified_gmt":"2025-09-15T07:06:11","slug":"sin-poder-recoger-el-maillot-de-mejor-joven-y-escondidos-en-su-hotel-el-final-de-la-vuelta-para-el-israel-premier-tech","status":"publish","type":"post","link":"https:\/\/www.europesays.com\/es\/116066\/","title":{"rendered":"Sin poder recoger el maillot de mejor joven y escondidos en su hotel: el final de la Vuelta para el Israel-Premier Tech"},"content":{"rendered":"<p class=\"v-mdl-ath__p v-mdl-ath__p--2\">\nJosu Garc\u00eda y Julia Fern\u00e1ndez\n<\/p>\n<p class=\"v-mdl-ath__p v-mdl-ath__p--6\">\nDomingo, 14 de septiembre 2025, 16:03<\/p>\n<p>| Actualizado 23:31h.<\/p>\n<p class=\"v-p\">La Vuelta ha tenido un <a href=\"https:\/\/www.burgosconecta.es\/deportes\/ciclismo\/vuelta-espana\/vingegaard-gana-vuelta-convulsa-20250914210311-ntrc.html\" data-voc-vtm-id=\"in-text-traffic\" title=\"final abrupto\" rel=\"nofollow noopener\" target=\"_blank\">final abrupto<\/a>: suspensi\u00f3n de etapa y tambi\u00e9n de la ceremonia del podio. Las protestas para denunciar el genocidio en Gaza y contra el equipo Israel-Premier Tech han puesto punto final a la carrera y han obligado a los Cuerpos de Seguridad del Estado a emplearse a fondo. La suspensi\u00f3n de las celebraciones posteriores a la etapa tambi\u00e9n han impedido que el ciclista Matthew Riccitelo, del lsrael, subiera al escenario para recoger el maillot blanco que le corona como el mejor de los j\u00f3venes.<\/p>\n<p class=\"v-p\">Estaba preparado para hacerlo entre abucheos, pero no le han dado la oportunidad. Lo que s\u00ed ha hecho el equipo, cuyo due\u00f1o es el millonario Sylvan Adams, amigo personal del primer ministro hebreo, Benjam\u00edn Netanyahu, es sacar pecho de su haza\u00f1a en sus redes sociales. Le han felicitado subiendo una imagen vestido de blanco.<\/p>\n<p class=\"v-p\">Es una manera de agradecerle el esfuerzo de estos d\u00edas en los que todos los miembros de la formaci\u00f3n han pasado por momentos muy duros al ser recriminados por grupos de personas a lo largo de las 21 etapas de la Vuelta. Tal ha sido el asedio que su director, el navarro \u00d3scar Guerrero, abandon\u00f3 la ronda espa\u00f1ola el jueves a la noche para arropar a su familia, despu\u00e9s de que aparecieran pintadas intimidatorias en su domicilio de Alsasua.<\/p>\n<p class=\"v-p\">La seguridad era una de las preocupaciones de los organizadores de la Vuelta para la \u00faltima etapa. Madrid se hab\u00eda blindado con 1.500 agentes para evitar que los manifestantes puedan alterar el desarrollo de la carrera. Unos intentos que han sido en vano. El s\u00e1bado, su director, Javier Guill\u00e9n, anunci\u00f3 un recorte de cinco kil\u00f3metros en el recorrido para soslayar el paso por el distrito de Aravaca. Pero las protestas han sido muy serias y han obligado a poner punto final a la competici\u00f3n antes de lo esperado, a 50 kil\u00f3metros del final de etapa previsto.<\/p>\n<p class=\"v-p\">El Israel-Premier Tech, que ya ha anunciado que cambiar\u00e1 su nombre por IPT para las pr\u00f3ximas competiciones, se ha visto obligado a atrincherarse en su hotel tras los altercados. Un lugar que se mantiene en secreto para que las protestas no se trasladen all\u00ed. Se prev\u00e9 que los integrantes de la formaci\u00f3n abandonen Madrid a la mayor brevedad posible y en la intimidad.<\/p>\n<p>Comenta<\/p>\n<p>Reporta un error<\/p>\n","protected":false},"excerpt":{"rendered":"Josu Garc\u00eda y Julia Fern\u00e1ndez Domingo, 14 de septiembre 2025, 16:03 | Actualizado 23:31h. La Vuelta ha tenido&hellip;\n","protected":false},"author":2,"featured_media":116067,"comment_status":"","ping_status":"","sticky":false,"template":"","format":"standard","meta":{"footnotes":""},"categories":[273],"tags":[313,1757,312,168,25,24,315,74,22041,25362,22058,34331,2315,23,167,8614,1357],"class_list":{"0":"post-116066","1":"post","2":"type-post","3":"status-publish","4":"format-standard","5":"has-post-thumbnail","7":"category-ciclismo","8":"tag-ciclismo","9":"tag-ciclista","10":"tag-cycling","11":"tag-deportes","12":"tag-es","13":"tag-espana","14":"tag-hoy","15":"tag-israel","16":"tag-mitad","17":"tag-oleada","18":"tag-podio","19":"tag-propalestinas","20":"tag-protestas","21":"tag-spain","22":"tag-sports","23":"tag-subira","24":"tag-vuelta"},"share_on_mastodon":{"url":"","error":""},"_links":{"self":[{"href":"https:\/\/www.europesays.com\/es\/wp-json\/wp\/v2\/posts\/116066","targetHints":{"allow":["GET"]}}],"collection":[{"href":"https:\/\/www.europesays.com\/es\/wp-json\/wp\/v2\/posts"}],"about":[{"href":"https:\/\/www.europesays.com\/es\/wp-json\/wp\/v2\/types\/post"}],"author":[{"embeddable":true,"href":"https:\/\/www.europesays.com\/es\/wp-json\/wp\/v2\/users\/2"}],"replies":[{"embeddable":true,"href":"https:\/\/www.europesays.com\/es\/wp-json\/wp\/v2\/comments?post=116066"}],"version-history":[{"count":0,"href":"https:\/\/www.europesays.com\/es\/wp-json\/wp\/v2\/posts\/116066\/revisions"}],"wp:featuredmedia":[{"embeddable":true,"href":"https:\/\/www.europesays.com\/es\/wp-json\/wp\/v2\/media\/116067"}],"wp:attachment":[{"href":"https:\/\/www.europesays.com\/es\/wp-json\/wp\/v2\/media?parent=116066"}],"wp:term":[{"taxonomy":"category","embeddable":true,"href":"https:\/\/www.europesays.com\/es\/wp-json\/wp\/v2\/categories?post=116066"},{"taxonomy":"post_tag","embeddable":true,"href":"https:\/\/www.europesays.com\/es\/wp-json\/wp\/v2\/tags?post=116066"}],"curies":[{"name":"wp","href":"https:\/\/api.w.org\/{rel}","templated":true}]}}