{"id":116078,"date":"2025-09-15T07:12:23","date_gmt":"2025-09-15T07:12:23","guid":{"rendered":"https:\/\/www.europesays.com\/es\/116078\/"},"modified":"2025-09-15T07:12:23","modified_gmt":"2025-09-15T07:12:23","slug":"descubri-este-libro-que-the-new-york-times-definio-como-divertido-y-emocionante-y-es-una-de-las-mejores-novelas-que-he-leido-en-mi-vida","status":"publish","type":"post","link":"https:\/\/www.europesays.com\/es\/116078\/","title":{"rendered":"Descubr\u00ed este libro que The New York Times defini\u00f3 como \u00abdivertido y emocionante\u00bb y es una de las mejores novelas que he le\u00eddo en mi vida"},"content":{"rendered":"<p data-journey-content=\"true\" data-node-id=\"3\" class=\"css-i9p093 emevuu60\">La experiencia de leer una de las novelas m\u00e1s aplaudidas de los \u00faltimos treinta a\u00f1os se asimila a la sensaci\u00f3n de haber dejado entrar a tu vida algo delicadamente fuerte. La recomendaci\u00f3n de hoy despliega<strong data-node-id=\"3.1\"> un retrato social feroz y profundamente humano.<\/strong> Prometo que no exagero si digo que es una de las mejores novelas que he le\u00eddo en mi vida. <\/p>\n<p data-journey-content=\"true\" data-node-id=\"6\" class=\"css-i9p093 emevuu60\">Hab\u00eda o\u00eddo hablar antes de <strong data-node-id=\"6.1\">Jonathan Franzen, <\/strong>claro. Lo t\u00edpico: \u00abLa gran novela americana\u00bb, \u00abel retrato definitivo de la familia contempor\u00e1nea\u00bb&#8230; Me ha sonado siempre a etiqueta editorial. Hasta que decid\u00ed darle una oportunidad y lo que me he encontrado ha sido otra cosa. Se trata de una historia escrita con tal precisi\u00f3n, con tanto humor \u00e1cido y tanta compasi\u00f3n por sus personajes, que me ha atrapado desde las primeras p\u00e1ginas. <strong data-node-id=\"6.5\">The New York Times la ha definido como \u00absucesivamente divertida y corrosiva, solemne y emocionante\u00bb.<\/strong> Debo a\u00f1adir que tambi\u00e9n es desoladora, brillante, inc\u00f3moda y humana. <\/p>\n<p data-journey-content=\"true\" data-node-id=\"8\" class=\"css-i9p093 emevuu60\">El coraz\u00f3n de la novela son <strong data-node-id=\"8.1\">los Lambert, una familia de clase media estadounidense.<\/strong> Un padre que empieza a perder el contacto con la realidad por el Parkinson, una madre obsesionada con reunir a los suyos para una \u00faltima Navidad, tres hijos que han construido sus vidas lejos del hogar pero que arrastran sus propias batallas. Gary, atrapado en un complicado matrimonio y en la depresi\u00f3n; Chip, un acad\u00e9mico fracasado que se mete en turbios negocios; Denise, chef de \u00e9xito pero con un vac\u00edo sentimental tremendo. <strong data-node-id=\"8.3\">&#8216;<a href=\"https:\/\/www.amazon.es\/dp\/8498384141?linkCode=ogi&amp;tag=esquirespain-21&amp;ascsubtag=%5Bartid%7C2119.a.65967506%5Bsrc%7C%5Bch%7C%5Blt%7C%5Bpid%7Ccdb0f014-a2de-4ad1-b3eb-14bbcad0ba64%5Baxid%7Cb091c6b6-0326-47ee-b835-9013940a661e\" target=\"_blank\" rel=\"nofollow noopener\" data-vars-ga-outbound-link=\"https:\/\/www.amazon.es\/dp\/8498384141?linkCode=ogi&amp;tag=esquirespain-21&amp;ascsubtag=%5Bartid%7C2119.a.65967506%5Bsrc%7C%5Bch%7C%5Blt%7C%5Bpid%7Ccdb0f014-a2de-4ad1-b3eb-14bbcad0ba64%5Baxid%7Cb091c6b6-0326-47ee-b835-9013940a661e\" data-vars-ga-ux-element=\"Hyperlink\" data-vars-ga-call-to-action=\"Las correcciones\" data-vars-ga-product-id=\"fc90537e-df72-4f07-9a52-67c87eeac673\" data-node-id=\"8.3.1\" data-href=\"https:\/\/www.amazon.es\/dp\/8498384141?linkCode=ogi&amp;tag=esquirespain-21&amp;ascsubtag=%5Bartid%7C2119.a.65967506%5Bsrc%7C%5Bch%7C%5Blt%7C%5Bpid%7Ccdb0f014-a2de-4ad1-b3eb-14bbcad0ba64%5Baxid%7Cb091c6b6-0326-47ee-b835-9013940a661e\" data-product-url=\"https:\/\/www.amazon.es\/dp\/8498384141?linkCode=ogi&amp;tag=esquirespain-21&amp;ascsubtag=%5Bartid%7C2119.a.65967506%5Bsrc%7C%5Bch%7C%5Blt%7C%5Bpid%7Ccdb0f014-a2de-4ad1-b3eb-14bbcad0ba64%5Baxid%7Cb091c6b6-0326-47ee-b835-9013940a661e\" data-affiliate=\"true\" data-affiliate-url=\"https:\/\/www.amazon.es\/dp\/8498384141?linkCode=ogi&amp;tag=esquirespain-21&amp;ascsubtag=%5Bartid%7C2119.a.65967506%5Bsrc%7C%5Bch%7C%5Blt%7C%5Bpid%7Ccdb0f014-a2de-4ad1-b3eb-14bbcad0ba64%5Baxid%7Cb091c6b6-0326-47ee-b835-9013940a661e\" data-affiliate-network=\"{&quot;site_id&quot;:&quot;92d07c0b-730d-4727-bddc-68f85354bda9&quot;,&quot;metadata&quot;:{&quot;links&quot;:{&quot;default&quot;:&quot;https:\/\/www.amazon.es\/dp\/8498384141?linkCode=ogi&amp;tag=esquirespain-21&amp;ascsubtag=%5Bartid%7C2119.a.65967506%5Bsrc%7C%5Bch%7C%5Blt%7C%5Bpid%7Ccdb0f014-a2de-4ad1-b3eb-14bbcad0ba64%5Baxid%7Cb091c6b6-0326-47ee-b835-9013940a661e&quot;}},&quot;network&quot;:{&quot;name&quot;:&quot;Amazon&quot;},&quot;product_metadata&quot;:null,&quot;afflink_redirect&quot;:&quot;\/_p\/afflink\/xsPO\/amazon-s-dp-8498384141&quot;}\" data-vars-ga-product-price=\"0,00\u00a0$\" data-vars-ga-product-retailer-id=\"fc6dab55-fd6c-4d6d-86e1-67d2d0f8a30d\" data-vars-ga-link-treatment=\"(not set) | (not set)\" class=\"body-link product-links css-1kzkd1m e1aq0z090\" data->Las correcciones<\/a>&#8216;, de Jonathan Franzen<\/strong>, es un retrato dom\u00e9stico en el que el autor narra la met\u00e1fora de un pa\u00eds entero a finales del siglo XX con sus ilusiones rotas, excesos y correcciones. <\/p>\n<p>Salamandra &#8216;Las correcciones&#8217;, de Jonathan Franzen<\/p>\n<p><a target=\"_blank\" rel=\"nofollow noopener\" data-theme-key=\"product-image-wrapper\" href=\"https:\/\/www.amazon.es\/dp\/8498384141?tag=esquirespain-21\" aria-label=\"23\u00a0\u20ac en Amazon for &#039;Las correcciones&#039;, de Jonathan Franzen\" data-href=\"https:\/\/www.amazon.es\/dp\/8498384141\" data-product-url=\"https:\/\/www.amazon.es\/dp\/8498384141\" data-affiliate=\"true\" data-affiliate-url=\"https:\/\/www.amazon.es\/dp\/8498384141?tag=esquirespain-21\" data-affiliate-network=\"{&quot;afflink_redirect&quot;:&quot;\/_p\/afflink\/xili\/amazon-las-correccion-salamandra-narrativa&quot;,&quot;site_id&quot;:&quot;92d07c0b-730d-4727-bddc-68f85354bda9&quot;,&quot;network&quot;:{&quot;name&quot;:&quot;Amazon&quot;},&quot;metadata&quot;:{&quot;links&quot;:{&quot;default&quot;:&quot;https:\/\/www.amazon.es\/dp\/8498384141?tag=esquirespain-21&quot;}}}\" data-vars-ga-call-to-action=\"23\u00a0\u20ac en Amazon\" data-vars-ga-media-role=\"\" data-vars-ga-media-type=\"Single Product Embed\" data-vars-ga-outbound-link=\"https:\/\/www.amazon.es\/dp\/8498384141\" data-vars-ga-product-brand=\"Salamandra\" data-vars-ga-product-id=\"cdb0f014-a2de-4ad1-b3eb-14bbcad0ba64\" data-vars-ga-product-price=\"22,80\u00a0\u20ac\" data-vars-ga-product-retailer-id=\"2a2cabfb-e592-48de-8bb4-d63585eaaf12\" data-vars-ga-product-sem3-brand=\"Salamandra\" data-vars-ga-product-sem3-category=\"Historia del siglo XX y XXI\" data-vars-ga-link-treatment=\"(not set) | (not set)\" data-vars-ga-sku=\"8498384141\" data-vars-ga-magento-tracking=\"1\" class=\"product-image-link ebgq4gw2 e1b8bpvs0 css-g6od0w e1c1bym14\"><img  alt=\"'Las correcciones', de Jonathan Franzen\" title=\"'Las correcciones', de Jonathan Franzen\" src=\"https:\/\/www.europesays.com\/es\/wp-content\/uploads\/2025\/09\/1727993496-717Dxu4o0VL.jpg\" width=\"1689\" height=\"2560\" decoding=\"async\" loading=\"lazy\"\/><\/a><\/p>\n<tr data-theme-key=\"embedded-product-key-specs-line\" class=\"css-0 elexcwx2\">Editorial<\/p>\n<td data-theme-key=\"embedded-product-key-specs-value-item\" class=\"css-1flax12 elexcwx1\">Salamandra<\/td>\n<\/tr>\n<tr data-theme-key=\"embedded-product-key-specs-line\" class=\"css-0 elexcwx2\">N\u00famero de p\u00e1ginas<\/p>\n<td data-theme-key=\"embedded-product-key-specs-value-item\" class=\"css-1flax12 elexcwx1\">672<\/td>\n<\/tr>\n<tr data-theme-key=\"embedded-product-key-specs-line\" class=\"css-0 elexcwx2\">A\u00f1o de edici\u00f3n<\/p>\n<td data-theme-key=\"embedded-product-key-specs-value-item\" class=\"css-1flax12 elexcwx1\">2012<\/td>\n<\/tr>\n<p data-journey-content=\"true\" data-node-id=\"13\" class=\"css-i9p093 emevuu60\">Me ha fascinado c\u00f3mo <strong data-node-id=\"13.1\">la novela es cruel y tierna al mismo tiempo.<\/strong> Franzen suaviza poco. Sus personajes con contradictorios, a veces ego\u00edstas, pat\u00e9ticos y reconocibles. Hay escenas dolorosas por su semejanza a las tensiones familiares que todos conocemos. <\/p>\n<p data-journey-content=\"true\" data-node-id=\"15\" class=\"css-i9p093 emevuu60\">El libro gan\u00f3 el <strong data-node-id=\"15.1\">National Book Award y el Premio James Tait Black Memorial.<\/strong> Tambi\u00e9n fue finalista de los premios Pulitzer y Pen\/Faulkner. Escritores como <a href=\"https:\/\/www.esquire.com\/es\/actualidad\/libros\/g62673385\/david-foster-wallace-mejores-libros-broma-infinita\/\" target=\"_blank\" data-vars-ga-outbound-link=\"https:\/\/www.esquire.com\/es\/actualidad\/libros\/g62673385\/david-foster-wallace-mejores-libros-broma-infinita\/\" data-vars-ga-ux-element=\"Hyperlink\" data-vars-ga-call-to-action=\"David Foster Wallace\" data-node-id=\"15.3\" class=\"body-link css-1kzkd1m emevuu60\" rel=\"nofollow noopener\">David Foster Wallace<\/a> lo han descrito como \u00abdivertida y desoladora, indulgente y despiadada\u00bb. <a href=\"https:\/\/www.esquire.com\/es\/actualidad\/libros\/g62298542\/don-delillo-mejores-libros-guia\/\" target=\"_blank\" data-vars-ga-outbound-link=\"https:\/\/www.esquire.com\/es\/actualidad\/libros\/g62298542\/don-delillo-mejores-libros-guia\/\" data-vars-ga-ux-element=\"Hyperlink\" data-vars-ga-call-to-action=\"Don DeLillo\" data-node-id=\"15.5\" class=\"body-link css-1kzkd1m emevuu60\" rel=\"nofollow noopener\">Don DeLillo<\/a> lo ha considerado <strong data-node-id=\"15.7\">\u00ab<\/strong><strong data-node-id=\"15.8\">una<\/strong><strong data-node-id=\"15.9\"> imponente novela a partir de la incontenible conciencia de un matrimonio, de una familia<\/strong>, de una cultura entera\u00bb. Cr\u00edticos como Diego Doncel lo han denominado \u00ab<strong data-node-id=\"15.11\">perversamente inteligente<\/strong>\u00bb y en El Pa\u00eds lo han bautizado como \u00ab<strong data-node-id=\"15.13\">la primera gran novela del siglo<\/strong>\u00ab. Pocas veces he le\u00eddo tantas entusiastas rese\u00f1as que, al terminar el libro, se me antojara tan justificadas.<\/p>\n<p><img draggable=\"true\" alt=\"jonathan franzen receives thomas mann prize\" title=\"Jonathan Franzen receives Thomas Mann Prize\" loading=\"lazy\" width=\"3008\" height=\"4000\" decoding=\"async\" data-nimg=\"1\" style=\"color:transparent;width:100%;height:auto;\"   src=\"https:\/\/www.europesays.com\/es\/wp-content\/uploads\/2025\/09\/september-2022-schleswig-holstein-l-c3-bcbeck-u-s-writer-news-photo-1757601641.pjpeg\" class=\"css-0 e1g79fud0\"\/>picture alliance\/\/Getty Images<\/p>\n<p>Jonathan Franzen.<\/p>\n<p data-journey-content=\"true\" data-node-id=\"18\" class=\"css-i9p093 emevuu60\">Recomiendo &#8216;Las correcciones&#8217; porque es una novela que cambia al lector. Retrata con maestr\u00eda a una familia en crisis y es posible que quien lo lea  vea reflejada su rutina y sus intentos de corregir lo que no siempre se puede. Leerla ha sido como abrir una inc\u00f3moda, necesaria ventana. Es <strong data-node-id=\"18.1\">la novela ideal para empezar septiembre <\/strong>emocionado y con garra. <br data-node-id=\"18.3\"\/><\/p>\n","protected":false},"excerpt":{"rendered":"La experiencia de leer una de las novelas m\u00e1s aplaudidas de los \u00faltimos treinta a\u00f1os se asimila a&hellip;\n","protected":false},"author":2,"featured_media":116079,"comment_status":"","ping_status":"","sticky":false,"template":"","format":"standard","meta":{"footnotes":""},"categories":[172],"tags":[1655,224,253,146,147,25,24,225,23],"class_list":{"0":"post-116078","1":"post","2":"type-post","3":"status-publish","4":"format-standard","5":"has-post-thumbnail","7":"category-libros","8":"tag-afiliacion","9":"tag-books","10":"tag-discover","11":"tag-entertainment","12":"tag-entretenimiento","13":"tag-es","14":"tag-espana","15":"tag-libros","16":"tag-spain"},"share_on_mastodon":{"url":"","error":""},"_links":{"self":[{"href":"https:\/\/www.europesays.com\/es\/wp-json\/wp\/v2\/posts\/116078","targetHints":{"allow":["GET"]}}],"collection":[{"href":"https:\/\/www.europesays.com\/es\/wp-json\/wp\/v2\/posts"}],"about":[{"href":"https:\/\/www.europesays.com\/es\/wp-json\/wp\/v2\/types\/post"}],"author":[{"embeddable":true,"href":"https:\/\/www.europesays.com\/es\/wp-json\/wp\/v2\/users\/2"}],"replies":[{"embeddable":true,"href":"https:\/\/www.europesays.com\/es\/wp-json\/wp\/v2\/comments?post=116078"}],"version-history":[{"count":0,"href":"https:\/\/www.europesays.com\/es\/wp-json\/wp\/v2\/posts\/116078\/revisions"}],"wp:featuredmedia":[{"embeddable":true,"href":"https:\/\/www.europesays.com\/es\/wp-json\/wp\/v2\/media\/116079"}],"wp:attachment":[{"href":"https:\/\/www.europesays.com\/es\/wp-json\/wp\/v2\/media?parent=116078"}],"wp:term":[{"taxonomy":"category","embeddable":true,"href":"https:\/\/www.europesays.com\/es\/wp-json\/wp\/v2\/categories?post=116078"},{"taxonomy":"post_tag","embeddable":true,"href":"https:\/\/www.europesays.com\/es\/wp-json\/wp\/v2\/tags?post=116078"}],"curies":[{"name":"wp","href":"https:\/\/api.w.org\/{rel}","templated":true}]}}