{"id":116082,"date":"2025-09-15T07:15:22","date_gmt":"2025-09-15T07:15:22","guid":{"rendered":"https:\/\/www.europesays.com\/es\/116082\/"},"modified":"2025-09-15T07:15:22","modified_gmt":"2025-09-15T07:15:22","slug":"pelicula-un-verano-con-monica","status":"publish","type":"post","link":"https:\/\/www.europesays.com\/es\/116082\/","title":{"rendered":"Pel\u00edcula &#8216;Un verano con M\u00f3nica&#8217;"},"content":{"rendered":"<p>                        Por ser suscriptor, te ofrecemos cada viernes tres pel\u00edculas gratuitas para que disfrutes de un fin de semana de cine. Tres t\u00edtulos exclusivos disponibles durante una semana\n<\/p>\n<p>                <img decoding=\"async\" alt=\"Pel\u00edcula 'Un verano con M\u00f3nica'\" heigth=\"465\" width=\"948\" src=\"https:\/\/www.europesays.com\/es\/wp-content\/uploads\/2025\/09\/68c120c598f86.jpeg\" class=\"lazy\"\/><\/p>\n<p>\n                     Video\n                <\/p>\n<p class=\"caption-title video-caption-title \">Un verano con M\u00f3nica<\/p>\n<p>A Contracorriente Films<\/p>\n<p>&#8216;Un verano con M\u00f3nica&#8217;<\/p>\n<p data-gtm-element-container=\"modulo-texto-link\" class=\"paragraph\"><strong>Sinopsis<\/strong><\/p>\n<p data-gtm-element-container=\"modulo-texto-link\" class=\"paragraph\">Harry, un mozo de almac\u00e9n de 19 a\u00f1os, y M\u00f3nica, una chica temperamental y rebelde de 17 que trabaja en un mercado de verduras, se conocen casualmente y se enamoran. Insatisfechos con sus vidas, se escapan de la ciudad a bordo del peque\u00f1o bote del padre de Harry y viajan por las islas del archipi\u00e9lago sueco. Juntos viven un verano id\u00edlico\u2026 hasta que M\u00f3nica queda embarazada.<\/p>\n<p>Informaci\u00f3n<\/p>\n<p class=\"module-text\"><strong>T\u00edtulo original:<\/strong> &#8216;Sommaren med Monika&#8217;<br \/><strong>\u200bDuraci\u00f3n:<\/strong>\u00a093 min.<br \/><strong>A\u00f1o:<\/strong>\u00a01953<br \/><strong>Pa\u00eds:<\/strong> Suecia<br \/><strong>G\u00e9neros:<\/strong>\u00a0Drama, romance.<br \/><strong>Calificaci\u00f3n:<\/strong>\u00a0+7<br \/><strong>Direcci\u00f3n:\u00a0<\/strong>Ingmar Bergman<br \/><strong>Reparto:\u00a0<\/strong>Harriet Andersson, Lars Ekborg.<br \/><strong>Idioma original: <\/strong>Sueco<\/p>\n<p>                <img loading=\"lazy\" decoding=\"async\" data-full-src=\"https:\/\/www.lavanguardia.com\/uploads\/2025\/09\/10\/68c1271d9f793.jpeg\" alt=\"Un-Verano-Con-Monica-acontracorriente-films\" width=\"449\" height=\"253\" src=\"https:\/\/www.europesays.com\/es\/wp-content\/uploads\/2025\/09\/68c1271d9f793.jpeg\" class=\"lazy\"\/><\/p>\n<p class=\"caption-title \">Un verano con M\u00f3nica, de A Contracorriente Films<\/p>\n<p>\n                            Mostrar comentarios\n                        <\/p>\n<p>{\u00aballowComment\u00bb:\u00bballowed\u00bb,\u00bbarticleId\u00bb:\u00bbarticle-10398513&#8243;,\u00bburl\u00bb:\u00bbhttps:\\\/\\\/admin.lavanguardia.com\\\/view\\\/suscriptores\\\/20250218\\\/10398513\\\/pelicula-fellini-8.html\u00bb,\u00bblivefyre-url\u00bb:\u00bbarticle-10398513&#8243;}<\/p>\n<p>Cargando siguiente contenido&#8230;\n                <\/p>\n","protected":false},"excerpt":{"rendered":"Por ser suscriptor, te ofrecemos cada viernes tres pel\u00edculas gratuitas para que disfrutes de un fin de semana&hellip;\n","protected":false},"author":2,"featured_media":116083,"comment_status":"","ping_status":"","sticky":false,"template":"","format":"standard","meta":{"footnotes":""},"categories":[169],"tags":[177,146,147,25,24,176,175,23],"class_list":{"0":"post-116082","1":"post","2":"type-post","3":"status-publish","4":"format-standard","5":"has-post-thumbnail","7":"category-cine","8":"tag-cine","9":"tag-entertainment","10":"tag-entretenimiento","11":"tag-es","12":"tag-espana","13":"tag-film","14":"tag-movies","15":"tag-spain"},"share_on_mastodon":{"url":"","error":""},"_links":{"self":[{"href":"https:\/\/www.europesays.com\/es\/wp-json\/wp\/v2\/posts\/116082","targetHints":{"allow":["GET"]}}],"collection":[{"href":"https:\/\/www.europesays.com\/es\/wp-json\/wp\/v2\/posts"}],"about":[{"href":"https:\/\/www.europesays.com\/es\/wp-json\/wp\/v2\/types\/post"}],"author":[{"embeddable":true,"href":"https:\/\/www.europesays.com\/es\/wp-json\/wp\/v2\/users\/2"}],"replies":[{"embeddable":true,"href":"https:\/\/www.europesays.com\/es\/wp-json\/wp\/v2\/comments?post=116082"}],"version-history":[{"count":0,"href":"https:\/\/www.europesays.com\/es\/wp-json\/wp\/v2\/posts\/116082\/revisions"}],"wp:featuredmedia":[{"embeddable":true,"href":"https:\/\/www.europesays.com\/es\/wp-json\/wp\/v2\/media\/116083"}],"wp:attachment":[{"href":"https:\/\/www.europesays.com\/es\/wp-json\/wp\/v2\/media?parent=116082"}],"wp:term":[{"taxonomy":"category","embeddable":true,"href":"https:\/\/www.europesays.com\/es\/wp-json\/wp\/v2\/categories?post=116082"},{"taxonomy":"post_tag","embeddable":true,"href":"https:\/\/www.europesays.com\/es\/wp-json\/wp\/v2\/tags?post=116082"}],"curies":[{"name":"wp","href":"https:\/\/api.w.org\/{rel}","templated":true}]}}