{"id":116084,"date":"2025-09-15T07:16:21","date_gmt":"2025-09-15T07:16:21","guid":{"rendered":"https:\/\/www.europesays.com\/es\/116084\/"},"modified":"2025-09-15T07:16:21","modified_gmt":"2025-09-15T07:16:21","slug":"marta-perez-cada-ano-mas-sabia-entra-en-la-final-de-los-1-500-deportes","status":"publish","type":"post","link":"https:\/\/www.europesays.com\/es\/116084\/","title":{"rendered":"Marta P\u00e9rez, cada a\u00f1o m\u00e1s sabia, entra en la final de los 1.500 | Deportes"},"content":{"rendered":"<p class=\"\">A Marta P\u00e9rez se le dispara el coraz\u00f3n a los 200 metros de su semifinal de los 1.500m. La soriana, 32 a\u00f1os y cinco Mundiales a sus espaldas, esquiva, muy viva, a la et\u00edope Hailu, ca\u00edda sobre el tart\u00e1n, y sigue a los suyo. Desde hace un tiempo es una mediofondista <a href=\"https:\/\/elpais.com\/deportes\/2025-09-14\/camaras-de-calor-saunas-caseras-y-mucho-hielo-asi-se-adapta-a-tokio-la-seleccion-espanola.html\" target=\"_self\" rel=\"nofollow noopener\" title=\"https:\/\/elpais.com\/deportes\/2025-09-14\/camaras-de-calor-saunas-caseras-y-mucho-hielo-asi-se-adapta-a-tokio-la-seleccion-espanola.html\">que corre con mucho oficio.<\/a> \u201cAhora s\u00e9 que si, de repente, meten un 200 muy r\u00e1pido, puedo hacerlo\u201d, cuenta, chorreando sudor, ya en la zona mixta, despu\u00e9s de rematar la carrera (4m 01,19s) con la misma solvencia para pasar quinta \u2014avanzaban las seis primeras\u2014 <a href=\"https:\/\/elpais.com\/deportes\/2025-09-13\/la-ultima-gira-de-shelly-ann-y-la-irrupcion-africana-de-gift-leotlela-marcan-el-sabado-de-la-velocidad-en-el-mundial-de-tokio.html\" target=\"_self\" rel=\"nofollow noopener\" title=\"https:\/\/elpais.com\/deportes\/2025-09-13\/la-ultima-gira-de-shelly-ann-y-la-irrupcion-africana-de-gift-leotlela-marcan-el-sabado-de-la-velocidad-en-el-mundial-de-tokio.html\">a su segunda final en un Mundial.<\/a><\/p>\n<p>M\u00e1s informaci\u00f3n<\/p>\n<p class=\"\">La soriana, que naci\u00f3 despu\u00e9s del oro ol\u00edmpico de su paisano Ferm\u00edn Cacho, <a href=\"https:\/\/elpais.com\/deportes\/2019\/10\/02\/actualidad\/1570035867_291865.html\" target=\"_self\" rel=\"nofollow noopener\" title=\"https:\/\/elpais.com\/deportes\/2019\/10\/02\/actualidad\/1570035867_291865.html\">vuelve a la final de los 1.500m<\/a> en el mismo escenario donde ya corri\u00f3 la final de los Juegos de Tokio en 2021. Un a\u00f1o despu\u00e9s de su mayor \u00e9xito deportivo, Marta P\u00e9rez, que acab\u00f3 la carrera de Medicina y siempre le rondan por la cabeza inquietudes cient\u00edficas, busc\u00f3 por toda Espa\u00f1a a una fisi\u00f3loga que entendiera su cuerpo, una persona que le diera una soluci\u00f3n a sus problemas menstruales y a su debilidad por el s\u00edndrome premenstrual. As\u00ed encontr\u00f3 a la doctora Anna Carceller, el complemento perfecto a la sabidur\u00eda de su entrenador, Antonio Serrano.<\/p>\n<p class=\"\">\u201cA m\u00ed Anna me ha aportado much\u00edsimo porque me ha abierto un mundo de posibilidades de lo que es la fisiolog\u00eda en el deporte\u201d, explica sonriente la plusmarquista espa\u00f1ola. La catalana, experta en medicina deportiva y con mucho conocimiento aplicado al ciclismo, ha hecho crecer a la atleta, que el a\u00f1o pasado, en los Juegos de Par\u00eds, se convirti\u00f3 en la nueva plusmarquista espa\u00f1ola de 1.500m.<\/p>\n<p><img alt=\"Marta P\u00e9rez (derecha) sonr\u00ede tras terminar este domingo la semifinal de los 1.500m y meterse en la final del Mundial de Atletismo, disputado en Tokio.\" decoding=\"auto\" class=\"_re lazyload a_m-h\" height=\"274\"  width=\"414\"  src=\"https:\/\/www.europesays.com\/es\/wp-content\/uploads\/2025\/09\/B5PFLR4A3VJ6HFR4AOJ5N6VWDI.jpg\" loading=\"lazy\"\/>Marta P\u00e9rez (derecha) sonr\u00ede tras terminar este domingo la semifinal de los 1.500m y meterse en la final del Mundial de Atletismo, disputado en Tokio.Eloisa Lopez (REUTERS)<\/p>\n<p class=\"\">Al principio afinaron la nutrici\u00f3n, pero luego llegaron muchas m\u00e1s mejoras: el entrenamiento en altitud, la suplementaci\u00f3n, beber bicarbonato mucho antes de que todo el mundo lo hiciera\u2026 Como Marta P\u00e9rez es m\u00e9dico hablan el mismo idioma y entiende todo lo que le propone. Y as\u00ed, m\u00e1s sabia, la soriana sue\u00f1a ya en entrar entre las ocho primeras en la final del martes.<\/p>\n","protected":false},"excerpt":{"rendered":"A Marta P\u00e9rez se le dispara el coraz\u00f3n a los 200 metros de su semifinal de los 1.500m.&hellip;\n","protected":false},"author":2,"featured_media":116085,"comment_status":"","ping_status":"","sticky":false,"template":"","format":"standard","meta":{"footnotes":""},"categories":[93],"tags":[928,11485,168,25,24,38949,26618,23,167,13536],"class_list":{"0":"post-116084","1":"post","2":"type-post","3":"status-publish","4":"format-standard","5":"has-post-thumbnail","7":"category-deportes","8":"tag-atletas","9":"tag-atletismo","10":"tag-deportes","11":"tag-es","12":"tag-espana","13":"tag-marta-perez","14":"tag-mundiales-atletismo","15":"tag-spain","16":"tag-sports","17":"tag-tokio"},"share_on_mastodon":{"url":"","error":""},"_links":{"self":[{"href":"https:\/\/www.europesays.com\/es\/wp-json\/wp\/v2\/posts\/116084","targetHints":{"allow":["GET"]}}],"collection":[{"href":"https:\/\/www.europesays.com\/es\/wp-json\/wp\/v2\/posts"}],"about":[{"href":"https:\/\/www.europesays.com\/es\/wp-json\/wp\/v2\/types\/post"}],"author":[{"embeddable":true,"href":"https:\/\/www.europesays.com\/es\/wp-json\/wp\/v2\/users\/2"}],"replies":[{"embeddable":true,"href":"https:\/\/www.europesays.com\/es\/wp-json\/wp\/v2\/comments?post=116084"}],"version-history":[{"count":0,"href":"https:\/\/www.europesays.com\/es\/wp-json\/wp\/v2\/posts\/116084\/revisions"}],"wp:featuredmedia":[{"embeddable":true,"href":"https:\/\/www.europesays.com\/es\/wp-json\/wp\/v2\/media\/116085"}],"wp:attachment":[{"href":"https:\/\/www.europesays.com\/es\/wp-json\/wp\/v2\/media?parent=116084"}],"wp:term":[{"taxonomy":"category","embeddable":true,"href":"https:\/\/www.europesays.com\/es\/wp-json\/wp\/v2\/categories?post=116084"},{"taxonomy":"post_tag","embeddable":true,"href":"https:\/\/www.europesays.com\/es\/wp-json\/wp\/v2\/tags?post=116084"}],"curies":[{"name":"wp","href":"https:\/\/api.w.org\/{rel}","templated":true}]}}