{"id":116211,"date":"2025-09-15T08:39:04","date_gmt":"2025-09-15T08:39:04","guid":{"rendered":"https:\/\/www.europesays.com\/es\/116211\/"},"modified":"2025-09-15T08:39:04","modified_gmt":"2025-09-15T08:39:04","slug":"ultima-hora-de-la-vuelta-a-espana-en-directo","status":"publish","type":"post","link":"https:\/\/www.europesays.com\/es\/116211\/","title":{"rendered":"\u00daltima hora de La Vuelta a Espa\u00f1a, en directo"},"content":{"rendered":"<p class=\"paragraph\" id=\"paragraph_1\">El \u00abfinal in\u00e9dito\u00bb de la Vuelta a Espa\u00f1a con la \u00faltima etapa suspendida por los disturbios en las calles de Madrid con las protestas propalestinas ocupan la primera l\u00ednea de las informaciones relativas a la ronda espa\u00f1ola, en la que, sin podio ni ceremonias, se coron\u00f3 el dan\u00e9s Jonas Vingeggard.<\/p>\n<p class=\"paragraph\" id=\"paragraph_2\">\u00abEl dan\u00e9s Jonas Vingegaard gan\u00f3 oficialmente su primera Vuelta, sin embargo, no hubo ganador de etapa, ya que se interrumpi\u00f3 a 60 km de la meta debido a una nueva manifestaci\u00f3n pro-palestina\u00bb, resalta <strong>L&#8217;Equipe<\/strong>.<\/p>\n<p class=\"paragraph\" id=\"paragraph_3\">La forma de finalizar la Vuelta es rese\u00f1ado por el diario franc\u00e9s como \u00abalgo in\u00e9dito en la historia de las grandes vueltas\u00bb.<\/p>\n<p class=\"paragraph\" id=\"paragraph_4\">\u00abCargas policiales, balas de goma, barreras transformadas en instrumentos de violencia, el centro de Madrid se derrumb\u00f3 como el final de esta fren\u00e9tica Vuelta a Espa\u00f1a 2025. La Vuelta a Espa\u00f1a termin\u00f3 de la peor manera posible, sin final\u00bb, concluye L&#8217;Equipe.<\/p>\n<p class=\"paragraph\" id=\"paragraph_5\">En Italia, <strong>La Gazzetta dello Sport<\/strong> resalta que \u00abJonas Vingegaard se coron\u00f3 campe\u00f3n de la Vuelta a Espa\u00f1a tras una carrera llena de drama y tensi\u00f3n\u00bb.<\/p>\n<p class=\"paragraph\" id=\"paragraph_6\">En Francia, en <strong>Le Monde<\/strong>, la portada de su edici\u00f3n web dedica una foto a un manifestante propalestino en las calles de Madrid con el siguiente titular: \u00abVuelta a Espa\u00f1a: La \u00faltima etapa se detiene definitivamente tras la invasi\u00f3n del recorrido por activistas propalestinos\u00bb.<\/p>\n<p class=\"paragraph\" id=\"paragraph_7\">En el interior de la noticia se puede leer el desarrollo de los acontecimientos durante la \u00faltima etapa, mientras que el diario recuerda que la Vuelta fue \u00abmuy accidentada\u00bb y resalta las posturas de los l\u00edderes pol\u00edticos espa\u00f1oles sobre los manifestantes y los hechos acontecidos en la Vuelta a Espa\u00f1a.<\/p>\n<p class=\"paragraph\" id=\"paragraph_8\">El portal del diario neerland\u00e9s <strong>De Telegraaf<\/strong> resalta que manifestantes pro-palestinos detuvieron la Vuelta en Madrid y destaca que \u00abni siquiera la \u00faltima etapa\u00bb se libr\u00f3 de las protestas.<\/p>\n<p class=\"paragraph\" id=\"paragraph_9\">\u00abSin duda, fue una Vuelta marcada por las m\u00faltiples protestas pro-palestinas, que provocaron el acortamiento de varias etapas, situaciones peligrosas durante la etapa e incluso la cancelaci\u00f3n prematura de otra. Esto tambi\u00e9n ocurri\u00f3 el domingo en las calles de Madrid\u00bb, apunta.<\/p>\n<p class=\"paragraph\" id=\"paragraph_10\">En Inglaterra, <strong>The Guardian<\/strong> destaca la victoria de Vingegaard \u00abtras la cancelaci\u00f3n de la \u00faltima etapa en medio de las protestas pro palestinas en Madrid\u00bb e informa de que los manifestantes detuvieron \u00abrepetidamente\u00bb a los ciclistas y se enfrentaron a la polic\u00eda durante la \u00faltima etapa de la carrera.<\/p>\n<p class=\"paragraph\" id=\"paragraph_11\">\u00abLos enfrentamientos se produjeron horas despu\u00e9s de que el primer ministro, Pedro S\u00e1nchez, expresara su admiraci\u00f3n por los manifestantes propalestinos, cuyas actividades a lo largo del recorrido de la carrera llevaron a algunos ciclistas a amenazar con abandonar la competici\u00f3n la semana pasada\u00bb, a\u00f1ade.<\/p>\n<p class=\"paragraph\" id=\"paragraph_12\">Y el diario deportivo portugu\u00e9s<strong> A Bola<\/strong> informa del final de la Vuelta en medio de las protestas pro-palestinas: \u00abMiles de personas invaden el circuito final de la carrera en la capital espa\u00f1ola. Los organizadores deciden dar por finalizada la carrera a poco m\u00e1s de 60 kil\u00f3metros de la meta\u00bb.<\/p>\n","protected":false},"excerpt":{"rendered":"El \u00abfinal in\u00e9dito\u00bb de la Vuelta a Espa\u00f1a con la \u00faltima etapa suspendida por los disturbios en las&hellip;\n","protected":false},"author":2,"featured_media":116212,"comment_status":"","ping_status":"","sticky":false,"template":"","format":"standard","meta":{"footnotes":""},"categories":[273],"tags":[313,312,168,25,24,74,76,23,167],"class_list":{"0":"post-116211","1":"post","2":"type-post","3":"status-publish","4":"format-standard","5":"has-post-thumbnail","7":"category-ciclismo","8":"tag-ciclismo","9":"tag-cycling","10":"tag-deportes","11":"tag-es","12":"tag-espana","13":"tag-israel","14":"tag-palestina","15":"tag-spain","16":"tag-sports"},"share_on_mastodon":{"url":"","error":""},"_links":{"self":[{"href":"https:\/\/www.europesays.com\/es\/wp-json\/wp\/v2\/posts\/116211","targetHints":{"allow":["GET"]}}],"collection":[{"href":"https:\/\/www.europesays.com\/es\/wp-json\/wp\/v2\/posts"}],"about":[{"href":"https:\/\/www.europesays.com\/es\/wp-json\/wp\/v2\/types\/post"}],"author":[{"embeddable":true,"href":"https:\/\/www.europesays.com\/es\/wp-json\/wp\/v2\/users\/2"}],"replies":[{"embeddable":true,"href":"https:\/\/www.europesays.com\/es\/wp-json\/wp\/v2\/comments?post=116211"}],"version-history":[{"count":0,"href":"https:\/\/www.europesays.com\/es\/wp-json\/wp\/v2\/posts\/116211\/revisions"}],"wp:featuredmedia":[{"embeddable":true,"href":"https:\/\/www.europesays.com\/es\/wp-json\/wp\/v2\/media\/116212"}],"wp:attachment":[{"href":"https:\/\/www.europesays.com\/es\/wp-json\/wp\/v2\/media?parent=116211"}],"wp:term":[{"taxonomy":"category","embeddable":true,"href":"https:\/\/www.europesays.com\/es\/wp-json\/wp\/v2\/categories?post=116211"},{"taxonomy":"post_tag","embeddable":true,"href":"https:\/\/www.europesays.com\/es\/wp-json\/wp\/v2\/tags?post=116211"}],"curies":[{"name":"wp","href":"https:\/\/api.w.org\/{rel}","templated":true}]}}