{"id":116315,"date":"2025-09-15T09:41:04","date_gmt":"2025-09-15T09:41:04","guid":{"rendered":"https:\/\/www.europesays.com\/es\/116315\/"},"modified":"2025-09-15T09:41:04","modified_gmt":"2025-09-15T09:41:04","slug":"los-sindicatos-policiales-piden-la-dimision-del-delegado-del-gobierno-en-madrid-por-no-dar-seguridad-en-la-vuelta-por-conveniencia-politica-el-mundo","status":"publish","type":"post","link":"https:\/\/www.europesays.com\/es\/116315\/","title":{"rendered":"Los sindicatos policiales piden la dimisi\u00f3n del delegado del Gobierno en Madrid por no dar seguridad en La Vuelta por &quot;conveniencia pol\u00edtica&quot; &#8211; El Mundo"},"content":{"rendered":"<ol>\n<li><a href=\"https:\/\/news.google.com\/rss\/articles\/CBMiekFVX3lxTE5sMkc3V2d1Snd6LUl6SEpUbExpNmxwalpSeTJwZ015YzBocUxzME1wd1J0ajFHSDhZZklmSFgwaFJtYkNJMmhnYnY0aHladDBpaFlGTS1LdTJzY1NvSkotTXQxNjBiVFk4UUlsSW15RXhHYV9FdVp3ZVRn0gF6QVVfeXFMTXN3c1d2eGxCRWdaNUtJSFF3NUNWTFIzcHJzY0FvdGxZbUdEN0lEYUZKSExyZEozS1lxTkd3QnNKZGQ0Q25HTXNQTUZKZ2d1RmEyNnlORW5qVWdVVWc0UFVORDZzRzFWVExLQ01xYmZIZnJqd0RXb1JMVXc?oc=5\" target=\"_blank\" rel=\"nofollow noopener\">Los sindicatos policiales piden la dimisi\u00f3n del delegado del Gobierno en Madrid por no dar seguridad en La Vuelta por \u00abconveniencia pol\u00edtica\u00bb<\/a>&nbsp;&nbsp;El Mundo<\/li>\n<li><a href=\"https:\/\/news.google.com\/rss\/articles\/CBMiekFVX3lxTE1OaF9IOWNQN3VsUFp3QkVmR2xMVFdhcTVscUZfZjVkWXFZRHA5UHUwZjB5SFNaelVLaC1XaVc5M2luUEVPYlRRREFBQ216RExKNU54a3duSG1sZU1QeE5iNHV3OERBNl9OendSN1Ria3pfUF9wMlpCMlZB0gF6QVVfeXFMTVJSYjRGWFVrWVRqYmczdVpqWFZNTndtRDEtNm92SVAtZ0tzSHNoLU9PRm9jVm5wWFNxM3UwcHQ1cFlHOXdvOExVWGYwS1FFREhkclBocURJbjllSUgydEE3dXRTRXUybWNBWGNrcDVSVEREM0k4bHZNd0E?oc=5\" target=\"_blank\" rel=\"nofollow noopener\">Ayuso y Almeida afilan su mensaje contra Pedro S\u00e1nchez por el boicot a la Vuelta: \u00abQuiere cargarse el r\u00e9gimen democr\u00e1tico; podr\u00e1 incendiar las calles, pero le ganaremos en las urnas\u00bb<\/a>&nbsp;&nbsp;El Mundo<\/li>\n<li><a href=\"https:\/\/news.google.com\/rss\/articles\/CBMi1AFBVV95cUxQWEFUYzM5MEh1UzZsUGR1S3pvc3BSOVBySVpCR1kxTEd4OUd4MzBITFY0akVqcGdxWURJcDdLS0RmNGNpQkNZeEJwcTM5eWVxendJSlNDemZncHhsY0RDX040RUVHQ2NHVXJxdm5ENkhtNGtxd3N0RVdMV3hXdTFGa2R0SHRCalRuSnpPWFZKc2dTRUNlUk5VM2FmMVU1TGRpZDdqNDl4Y0lWNjBLVEgxdFEtRm1KalhhZ2QyQnZ1Umg0dlRBWmx4ZW42dklXZ1JXQ2Jibg?oc=5\" target=\"_blank\" rel=\"nofollow noopener\">Feij\u00f3o acusa a S\u00e1nchez de alentar \u201cactos de violencia\u201d que ponen en riesgo la \u201cvida de las personas\u201d<\/a>&nbsp;&nbsp;EL PA\u00cdS<\/li>\n<li><a href=\"https:\/\/news.google.com\/rss\/articles\/CBMi5AFBVV95cUxQS3E2eWJESFhHMi1zMG9XZFZVMGZUc3R0cHF1UzZ1dnd5NlRobzZQR1NObjdGTTltSzVHZmx2aFBKMVU2QkZHYVhybHJpeHo3N3h1VUs3QWRwS25SbVd4SzRUS1VZajZ4emg4aW1kUDYzVUJ0VGMwQm94MElTVldROWhjbG9pSEZJdElLdy1pdG5XcmktNlQwUWs1enY5TnJWY2RKR0FuOV94UzhZZmlpeWhjcHpoRnduTTlZTm9JZ1JSSHhhemNXbElJUXQzWm9nUkVMQ0dGMHExbGFxNk0xZ2pkbkPSAeoBQVVfeXFMUE9iVjBkUTc4eDhaWUZrdkxabFVvTnZtWndoZGdobHc5NGZjb1lqSDMzQ3NmbnZCanVvSUlwd2k0SGZoc3NBZ1lfU0ZMYkxsZ2diclgtcVA3MzJpMXA2NWlLRlNRRVFyMkt4LWp3VU9zQ3VMSjlaaXRhUlNWb09WclNCOFJtNFY5V3ZucTNlbkYyblNZMm82TmNPSXdtU0otX3FORElYTHBvb3ZuWEZ0dUt4cjFYcVVNTENGQm9rRTN6c2k4N3dmS1FqeEV1VU52N2ZJMlhtdzRVaDVKNV9KdFZvYmNiejk0cHpB?oc=5\" target=\"_blank\" rel=\"nofollow noopener\">Feij\u00f3o arremete contra S\u00e1nchez por \u00abjalear la violencia\u00bb en La Vuelta para \u00abtapar su corrupci\u00f3n\u00bb<\/a>&nbsp;&nbsp;El Confidencial<\/li>\n<li><a href=\"https:\/\/news.google.com\/rss\/articles\/CBMi2AFBVV95cUxQQ3pkdWlleEhwQm4taTVTVHRPbkdISV8yS3RaZjFHRk9nRUFXU3dWVlJCQUREaXlKb25hT2xNcVZYR01hbU5QRGQ3QWI1aE0yeXZZdVowMmM4RU5CMGJiSEJySWZUQXdxeGlkeFBDTklVNE1NdWtxdFlxRVpqbHZhSkZjZGswanBSOFNiVlZtSEF4N1lWMlhlOTd1NEtfR2h1VUR1c2FlSUhQOW1LNWtkTkRQbEo3SU9PRFpOSGtISnoxOFViZXNHN2dxVVctNHdUc0EtLXBTaDM?oc=5\" target=\"_blank\" rel=\"nofollow noopener\">Polic\u00edas denuncian \u00ab\u00f3rdenes pol\u00edticas\u00bb de no actuar contra los manifestantes para favorecer el boicot a LaVuelta<\/a>&nbsp;&nbsp;MARCA<\/li>\n<\/ol>\n","protected":false},"excerpt":{"rendered":"Los sindicatos policiales piden la dimisi\u00f3n del delegado del Gobierno en Madrid por no dar seguridad en La&hellip;\n","protected":false},"author":2,"featured_media":116316,"comment_status":"","ping_status":"","sticky":false,"template":"","format":"standard","meta":{"footnotes":""},"categories":[8],"tags":[17,18,25,24,13,14,11,19,20,205,9,10,15,16,23,12,21,22],"class_list":{"0":"post-116315","1":"post","2":"type-post","3":"status-publish","4":"format-standard","5":"has-post-thumbnail","7":"category-espana","8":"tag-breaking-news","9":"tag-breakingnews","10":"tag-es","11":"tag-espana","12":"tag-featured-news","13":"tag-featurednews","14":"tag-headlines","15":"tag-latest-news","16":"tag-latestnews","17":"tag-madrid","18":"tag-news","19":"tag-noticias","20":"tag-noticias-destacadas","21":"tag-noticiasdestacadas","22":"tag-spain","23":"tag-titulares","24":"tag-ultimas-noticias","25":"tag-ultimasnoticias"},"share_on_mastodon":{"url":"","error":""},"_links":{"self":[{"href":"https:\/\/www.europesays.com\/es\/wp-json\/wp\/v2\/posts\/116315","targetHints":{"allow":["GET"]}}],"collection":[{"href":"https:\/\/www.europesays.com\/es\/wp-json\/wp\/v2\/posts"}],"about":[{"href":"https:\/\/www.europesays.com\/es\/wp-json\/wp\/v2\/types\/post"}],"author":[{"embeddable":true,"href":"https:\/\/www.europesays.com\/es\/wp-json\/wp\/v2\/users\/2"}],"replies":[{"embeddable":true,"href":"https:\/\/www.europesays.com\/es\/wp-json\/wp\/v2\/comments?post=116315"}],"version-history":[{"count":0,"href":"https:\/\/www.europesays.com\/es\/wp-json\/wp\/v2\/posts\/116315\/revisions"}],"wp:featuredmedia":[{"embeddable":true,"href":"https:\/\/www.europesays.com\/es\/wp-json\/wp\/v2\/media\/116316"}],"wp:attachment":[{"href":"https:\/\/www.europesays.com\/es\/wp-json\/wp\/v2\/media?parent=116315"}],"wp:term":[{"taxonomy":"category","embeddable":true,"href":"https:\/\/www.europesays.com\/es\/wp-json\/wp\/v2\/categories?post=116315"},{"taxonomy":"post_tag","embeddable":true,"href":"https:\/\/www.europesays.com\/es\/wp-json\/wp\/v2\/tags?post=116315"}],"curies":[{"name":"wp","href":"https:\/\/api.w.org\/{rel}","templated":true}]}}