{"id":116319,"date":"2025-09-15T09:43:11","date_gmt":"2025-09-15T09:43:11","guid":{"rendered":"https:\/\/www.europesays.com\/es\/116319\/"},"modified":"2025-09-15T09:43:11","modified_gmt":"2025-09-15T09:43:11","slug":"el-balonmano-dolmenes-antequera-arranca-la-liga-con-una-gran-victoria-en-montequinto-25-29-2","status":"publish","type":"post","link":"https:\/\/www.europesays.com\/es\/116319\/","title":{"rendered":"El Balonmano D\u00f3lmenes Antequera arranca la liga con una gran victoria en Montequinto (25-29)"},"content":{"rendered":"<p>            <a href=\"https:\/\/www.merchanendirecto.es\/wp-content\/uploads\/2025\/09\/Imagen-de-WhatsApp-2025-09-13-a-las-20.45.32_eaac8e68.webp\" data-caption=\"\" rel=\"nofollow noopener\" target=\"_blank\"><img loading=\"lazy\" decoding=\"async\" width=\"696\" height=\"680\" class=\"entry-thumb td-modal-image\" src=\"https:\/\/www.europesays.com\/es\/wp-content\/uploads\/2025\/09\/Imagen-de-WhatsApp-2025-09-13-a-las-20.45.32_eaac8e68-696x680.webp.webp\"   alt=\"\" title=\"Imagen de WhatsApp 2025-09-13 a las 20.45.32_eaac8e68\"\/><\/a><\/p>\n<p>El Balonmano D\u00f3lmenes Antequera inici\u00f3 con buen pie la temporada al imponerse a domicilio al BM Montequinto (25-29) en el Pabell\u00f3n Entretorres, logrando as\u00ed sus dos primeros puntos y estrenando la nueva era del club con un triunfo de prestigio.<\/p>\n<p>El choque arranc\u00f3 con un golazo de Chica, que abri\u00f3 el marcador con una elegante vaselina (0-1). Empat\u00f3 r\u00e1pido el equipo local, pero Dilan y de nuevo Chica devolvieron la ventaja al D\u00f3lmenes (1-3).<\/p>\n<p>Montequinto no baj\u00f3 los brazos y logr\u00f3 igualar en el minuto 8 (3-3). A partir de ah\u00ed, el conjunto antequerano se mantuvo por delante, con Fernando Moreno s\u00f3lido desde los siete metros y Loren ampliando diferencias (6-9). Un tanto de Nacho oblig\u00f3 a pedir tiempo muerto a los locales con 6-10 en el marcador.<\/p>\n<p>Los sevillanos reaccionaron, aprovechando algunos errores visitantes para situarse a un solo gol (10-11). Incluso tuvieron la opci\u00f3n de empatar, pero apareci\u00f3 de nuevo Pepe Mart\u00edn para detener un lanzamiento clave. En la contra, Fran Reyes devolvi\u00f3 la ventaja de dos tantos. Pese a todo, Montequinto apret\u00f3 y el descanso lleg\u00f3 con un ajustado 13-14 tras un primer tiempo de m\u00e1s a menos por parte de los de Antequera.<\/p>\n<p>En la reanudaci\u00f3n, la igualdad sigui\u00f3 siendo m\u00e1xima. El D\u00f3lmenes manten\u00eda peque\u00f1as ventajas, aunque sin poder romper el encuentro. No fue hasta el minuto 19 cuando Dilan, con un gran tanto, estableci\u00f3 la m\u00e1xima diferencia hasta ese momento (21-24). A partir de ah\u00ed, el conjunto verde supo gestionar el tramo final con madurez y templanza.<\/p>\n<p>La solidez defensiva y la eficacia en ataque permitieron ampliar la renta hasta los cuatro goles en los \u00faltimos instantes, con un Nacho del Castillo muy acertado desde el extremo. El 25-29 final sell\u00f3 la primera victoria del curso, con la que el Balonmano D\u00f3lmenes Antequera inicia la temporada con las mejores sensaciones.<\/p>\n<p>El pr\u00f3ximo compromiso ser\u00e1 especial: la presentaci\u00f3n ante la afici\u00f3n en el Pabell\u00f3n Fernando Arg\u00fcelles, el domingo 21 de septiembre a las 12:00 horas, frente al Melilla.<\/p>\n","protected":false},"excerpt":{"rendered":"El Balonmano D\u00f3lmenes Antequera inici\u00f3 con buen pie la temporada al imponerse a domicilio al BM Montequinto (25-29)&hellip;\n","protected":false},"author":2,"featured_media":116320,"comment_status":"","ping_status":"","sticky":false,"template":"","format":"standard","meta":{"footnotes":""},"categories":[278],"tags":[376,168,37699,25,24,375,744,23,167],"class_list":{"0":"post-116319","1":"post","2":"type-post","3":"status-publish","4":"format-standard","5":"has-post-thumbnail","7":"category-balonmano","8":"tag-balonmano","9":"tag-deportes","10":"tag-dolmenes-antequera","11":"tag-es","12":"tag-espana","13":"tag-handball","14":"tag-polideportivo","15":"tag-spain","16":"tag-sports"},"share_on_mastodon":{"url":"","error":""},"_links":{"self":[{"href":"https:\/\/www.europesays.com\/es\/wp-json\/wp\/v2\/posts\/116319","targetHints":{"allow":["GET"]}}],"collection":[{"href":"https:\/\/www.europesays.com\/es\/wp-json\/wp\/v2\/posts"}],"about":[{"href":"https:\/\/www.europesays.com\/es\/wp-json\/wp\/v2\/types\/post"}],"author":[{"embeddable":true,"href":"https:\/\/www.europesays.com\/es\/wp-json\/wp\/v2\/users\/2"}],"replies":[{"embeddable":true,"href":"https:\/\/www.europesays.com\/es\/wp-json\/wp\/v2\/comments?post=116319"}],"version-history":[{"count":0,"href":"https:\/\/www.europesays.com\/es\/wp-json\/wp\/v2\/posts\/116319\/revisions"}],"wp:featuredmedia":[{"embeddable":true,"href":"https:\/\/www.europesays.com\/es\/wp-json\/wp\/v2\/media\/116320"}],"wp:attachment":[{"href":"https:\/\/www.europesays.com\/es\/wp-json\/wp\/v2\/media?parent=116319"}],"wp:term":[{"taxonomy":"category","embeddable":true,"href":"https:\/\/www.europesays.com\/es\/wp-json\/wp\/v2\/categories?post=116319"},{"taxonomy":"post_tag","embeddable":true,"href":"https:\/\/www.europesays.com\/es\/wp-json\/wp\/v2\/tags?post=116319"}],"curies":[{"name":"wp","href":"https:\/\/api.w.org\/{rel}","templated":true}]}}