{"id":116321,"date":"2025-09-15T09:45:06","date_gmt":"2025-09-15T09:45:06","guid":{"rendered":"https:\/\/www.europesays.com\/es\/116321\/"},"modified":"2025-09-15T09:45:06","modified_gmt":"2025-09-15T09:45:06","slug":"monster-rendon-logra-su-segunda-victoria-en-la-ufc","status":"publish","type":"post","link":"https:\/\/www.europesays.com\/es\/116321\/","title":{"rendered":"&#8216;Monster&#8217; Rend\u00f3n logra su segunda victoria en la UFC"},"content":{"rendered":"<p><strong>Pedro Torres \/ Grupo Cant\u00f3n<\/strong><\/p>\n<p>Canc\u00fan.- La peleadora cancunense Montserrat \u2018Monster\u2019 Rend\u00f3n logr\u00f3 su segunda victoria en la Ultimate Fighting Championship (UFC) al derrotar por decisi\u00f3n dividida a la debutante brasile\u00f1a Alice Pereira en un duelo de Peso Gallo, en San Antonio, Texas.<\/p>\n<p>Rend\u00f3n, la primera mujer de Quintana Roo en incursionar en la empresa m\u00e1s importante del mundo de las Artes Marciales Mixtas demostr\u00f3 su poder\u00edo en el oct\u00e1gono.<\/p>\n<p>De esta manera, la orgullo de ECR Fight Center y bajo la gu\u00eda de su entrenador Eduardo Cort\u00e9s sali\u00f3 con la mano en alto representando de buena manera a nuestro pa\u00eds en una noche mexicana en la UFC.<\/p>\n<p>La gladiadora caribe\u00f1a de 36 a\u00f1os debut\u00f3 en UFC el 23 de septiembre de 2023 con una victoria por decisi\u00f3n dividida frente a la brasile\u00f1a Tamires Vidal, y tuvo su segunda aparici\u00f3n el 23 de marzo de 2024, cayendo por decisi\u00f3n un\u00e1nime ante la rusa Darya Zheleznyakova.<\/p>\n","protected":false},"excerpt":{"rendered":"Pedro Torres \/ Grupo Cant\u00f3n Canc\u00fan.- La peleadora cancunense Montserrat \u2018Monster\u2019 Rend\u00f3n logr\u00f3 su segunda victoria en la&hellip;\n","protected":false},"author":2,"featured_media":116322,"comment_status":"","ping_status":"","sticky":false,"template":"","format":"standard","meta":{"footnotes":""},"categories":[276],"tags":[168,25,24,23,167,343],"class_list":{"0":"post-116321","1":"post","2":"type-post","3":"status-publish","4":"format-standard","5":"has-post-thumbnail","7":"category-ufc","8":"tag-deportes","9":"tag-es","10":"tag-espana","11":"tag-spain","12":"tag-sports","13":"tag-ufc"},"share_on_mastodon":{"url":"","error":""},"_links":{"self":[{"href":"https:\/\/www.europesays.com\/es\/wp-json\/wp\/v2\/posts\/116321","targetHints":{"allow":["GET"]}}],"collection":[{"href":"https:\/\/www.europesays.com\/es\/wp-json\/wp\/v2\/posts"}],"about":[{"href":"https:\/\/www.europesays.com\/es\/wp-json\/wp\/v2\/types\/post"}],"author":[{"embeddable":true,"href":"https:\/\/www.europesays.com\/es\/wp-json\/wp\/v2\/users\/2"}],"replies":[{"embeddable":true,"href":"https:\/\/www.europesays.com\/es\/wp-json\/wp\/v2\/comments?post=116321"}],"version-history":[{"count":0,"href":"https:\/\/www.europesays.com\/es\/wp-json\/wp\/v2\/posts\/116321\/revisions"}],"wp:featuredmedia":[{"embeddable":true,"href":"https:\/\/www.europesays.com\/es\/wp-json\/wp\/v2\/media\/116322"}],"wp:attachment":[{"href":"https:\/\/www.europesays.com\/es\/wp-json\/wp\/v2\/media?parent=116321"}],"wp:term":[{"taxonomy":"category","embeddable":true,"href":"https:\/\/www.europesays.com\/es\/wp-json\/wp\/v2\/categories?post=116321"},{"taxonomy":"post_tag","embeddable":true,"href":"https:\/\/www.europesays.com\/es\/wp-json\/wp\/v2\/tags?post=116321"}],"curies":[{"name":"wp","href":"https:\/\/api.w.org\/{rel}","templated":true}]}}