{"id":116327,"date":"2025-09-15T09:48:08","date_gmt":"2025-09-15T09:48:08","guid":{"rendered":"https:\/\/www.europesays.com\/es\/116327\/"},"modified":"2025-09-15T09:48:08","modified_gmt":"2025-09-15T09:48:08","slug":"peligra-el-inicio-del-tour-en-barcelona-en-estas-circunstancias-es-dificil","status":"publish","type":"post","link":"https:\/\/www.europesays.com\/es\/116327\/","title":{"rendered":"\u00bfPeligra el inicio del Tour en Barcelona? \u00abEn estas circunstancias es dif\u00edcil\u00bb"},"content":{"rendered":"<p class=\"ft-text\">La <a class=\"ft-link ft-link--decoration\" href=\"https:\/\/www.sport.es\/es\/la-vuelta\/\" rel=\"nofollow noopener\" target=\"_blank\">Vuelta a Espa\u00f1a 2025<\/a> concluy\u00f3 con un escenario ins\u00f3lito y sin precedentes: el dan\u00e9s <strong>Jonas Vingegaard<\/strong>, vencedor final, no pudo subir al podio en la tradicional ceremonia de Madrid debido a las masivas protestas en apoyo a Palestina y contra la presencia del equipo Israel Premier Tech. El \u00faltimo d\u00eda de la ronda espa\u00f1ola fue bastante caotico. Manifestantes bloquearon las calles y obligaron a suspender la etapa final, evidenciando la magnitud de la pol\u00e9mica que acompa\u00f1\u00f3 a la carrera durante tres semanas y que<strong> ha abierto interrogantes sobre el futuro inmediato del ciclismo en Espa\u00f1a.<\/strong><\/p>\n<p class=\"ft-text\">Lo que comenz\u00f3 como protestas aisladas se convirti\u00f3 en una constante que marc\u00f3 el desarrollo de la competici\u00f3n. Varios d\u00edas estuvieron condicionados por interrupciones, bloqueos e incidentes que pusieron en evidencia unas protestas imparables. \u00abA <strong>Israel-Premier Tech le quedaban siete corredores en carrera<\/strong>, lo que representa el 4,5% del pelot\u00f3n. Inicialmente, la protesta estaba dirigida obviamente contra ellos, pero todo el pelot\u00f3n es la v\u00edctima\u201d, explic\u00f3 el comentarista <strong>Renaat Schotte <\/strong>de la &#8216;VRT&#8217;, canal belga.<\/p>\n<p>\u00abLOS ORGANIZADORES NO VIERON OTRA OPCI\u00d3N\u00bb<\/p>\n<p class=\"ft-text\">La Uni\u00f3n Ciclista Internacional (UCI) no intervino directamente para recomendar la retirada del equipo, lo que gener\u00f3 un vac\u00edo de decisiones y mantuvo la tensi\u00f3n hasta el final. Finalmente, los organizadores se vieron obligados a suspender el \u00faltimo d\u00eda de Madrid. \u00ab<strong>Los manifestantes se congregaron tan masivamente que la carrera era imposible. <\/strong>Los organizadores no vieron otra opci\u00f3n que suspenderla\u00bb, complement\u00f3 Schotte.<\/p>\n<p class=\"ft-text\">Pese a ello, el Israel Premier Tech mantuvo presencia en el podio gracias al estadounidense Matthew Riccitello, premiado como mejor joven. Pero ni \u00e9l ni el ganador de la general, Jonas Vingegaard, pudieron celebrar como es acostumbrado: \u00abEs terrible para un corredor, no se gana la Vuelta todos los d\u00edas. Quiz\u00e1s lo compensen con una ceremonia alternativa en oto\u00f1o, pero <strong>eso nunca reemplazar\u00e1 la verdadera sensaci\u00f3n de estar en el podio como el ganador final<\/strong>\u00ab.<\/p>\n<p>ASO PEDIR\u00c1 GARANT\u00cdAS<\/p>\n<p class=\"ft-text\">El desenlace amargo de la Vuelta no se limita a un cierre at\u00edpico, sino que proyecta dudas hacia el futuro del ciclismo internacional en territorio espa\u00f1ol. La atenci\u00f3n <strong>se centra ahora en la salida del Tour de Francia 2026, prevista en Barcelona. <\/strong><\/p>\n<p class=\"ft-text\">La organizaci\u00f3n de la ronda gala, Amaury Sport Organisation (ASO), que tambi\u00e9n gestiona la Vuelta, observa con preocupaci\u00f3n lo sucedido y <strong>exigir\u00e1 garant\u00edas a las autoridades espa\u00f1olas<\/strong> para evitar que un escenario similar empa\u00f1e la carrera m\u00e1s prestigiosa del calendario.<\/p>\n<p class=\"ft-text\">\u00abEl Tour empieza el a\u00f1o que viene en Barcelona. As\u00ed que creo que ASO, la organizadora del Tour, que tambi\u00e9n participa en la Vuelta, pedir\u00e1 garant\u00edas a los pol\u00edticos espa\u00f1oles. <strong>En estas circunstancias, es dif\u00edcil organizar un evento de \u00e9lite como el Tour<\/strong> si tienes todo esto encima\u00bb, lanza Schotte, dejando la duda en el aire.<\/p>\n","protected":false},"excerpt":{"rendered":"La Vuelta a Espa\u00f1a 2025 concluy\u00f3 con un escenario ins\u00f3lito y sin precedentes: el dan\u00e9s Jonas Vingegaard, vencedor&hellip;\n","protected":false},"author":2,"featured_media":116328,"comment_status":"","ping_status":"","sticky":false,"template":"","format":"standard","meta":{"footnotes":""},"categories":[273],"tags":[313,312,168,25,24,74,76,644,2315,23,167,38986,33880],"class_list":{"0":"post-116327","1":"post","2":"type-post","3":"status-publish","4":"format-standard","5":"has-post-thumbnail","7":"category-ciclismo","8":"tag-ciclismo","9":"tag-cycling","10":"tag-deportes","11":"tag-es","12":"tag-espana","13":"tag-israel","14":"tag-palestina","15":"tag-polemicas","16":"tag-protestas","17":"tag-spain","18":"tag-sports","19":"tag-tour-de-francia-2025","20":"tag-vuelta-a-espana-2025"},"share_on_mastodon":{"url":"","error":""},"_links":{"self":[{"href":"https:\/\/www.europesays.com\/es\/wp-json\/wp\/v2\/posts\/116327","targetHints":{"allow":["GET"]}}],"collection":[{"href":"https:\/\/www.europesays.com\/es\/wp-json\/wp\/v2\/posts"}],"about":[{"href":"https:\/\/www.europesays.com\/es\/wp-json\/wp\/v2\/types\/post"}],"author":[{"embeddable":true,"href":"https:\/\/www.europesays.com\/es\/wp-json\/wp\/v2\/users\/2"}],"replies":[{"embeddable":true,"href":"https:\/\/www.europesays.com\/es\/wp-json\/wp\/v2\/comments?post=116327"}],"version-history":[{"count":0,"href":"https:\/\/www.europesays.com\/es\/wp-json\/wp\/v2\/posts\/116327\/revisions"}],"wp:featuredmedia":[{"embeddable":true,"href":"https:\/\/www.europesays.com\/es\/wp-json\/wp\/v2\/media\/116328"}],"wp:attachment":[{"href":"https:\/\/www.europesays.com\/es\/wp-json\/wp\/v2\/media?parent=116327"}],"wp:term":[{"taxonomy":"category","embeddable":true,"href":"https:\/\/www.europesays.com\/es\/wp-json\/wp\/v2\/categories?post=116327"},{"taxonomy":"post_tag","embeddable":true,"href":"https:\/\/www.europesays.com\/es\/wp-json\/wp\/v2\/tags?post=116327"}],"curies":[{"name":"wp","href":"https:\/\/api.w.org\/{rel}","templated":true}]}}