{"id":116400,"date":"2025-09-15T10:32:10","date_gmt":"2025-09-15T10:32:10","guid":{"rendered":"https:\/\/www.europesays.com\/es\/116400\/"},"modified":"2025-09-15T10:32:10","modified_gmt":"2025-09-15T10:32:10","slug":"que-deberia-ocurrir-para-que-alex-noren-juegue-la-ryder-cup-de-bethpage","status":"publish","type":"post","link":"https:\/\/www.europesays.com\/es\/116400\/","title":{"rendered":"\u00bfQu\u00e9 deber\u00eda ocurrir para que Alex Noren juegue la Ryder Cup de Bethpage?"},"content":{"rendered":"<p>&#13;<br \/>\n        &#13;<br \/>\n&#13;<br \/>\n        &#13;<\/p>\n<p>            <a href=\"https:\/\/ten-golf.com\/wp-content\/uploads\/2025\/09\/alexnorentemaryderbmw25.jpg\" data-caption=\"Alex Noren, durante la \u00faltima vuelta del BMW PGA Championship. (\u00a9 Golffile | Steve Flynn)\" rel=\"nofollow noopener\" target=\"_blank\"><img decoding=\"async\" loading=\"lazy\" width=\"666\" height=\"444\" class=\"entry-thumb td-modal-image\" src=\"https:\/\/www.europesays.com\/es\/wp-content\/uploads\/2025\/09\/alexnorentemaryderbmw25-666x444.jpg\"   alt=\"Alex Noren, durante la \u00faltima vuelta del BMW PGA Championship.\" title=\"Alex Noren, durante la \u00faltima vuelta del BMW PGA Championship. (\u00a9 Golffile | Steve Flynn)\"\/><\/a>Alex Noren, durante la \u00faltima vuelta del BMW PGA Championship. (\u00a9 Golffile | Steve Flynn)<\/p>\n<p>            La respuesta al titular, corta y al pie, es no. Ya no puede jugar la Ryder Cup porque el equipo de Europa est\u00e1 cerrado desde que Luke Donald anunci\u00f3 sus seis elecciones. Con un matiz. Alex Noren no podr\u00e1 jugar en Bethpage salvo que ocurra algo inesperado y no deseado. Es <\/p>\n<p>Para seguir leyendo, Suscr\u00edbete<\/p>\n<p>    Subscription OptionsMENSUAL<\/p>\n<p>Unlimited  Entradas<\/p>\n<p>Unlimited  Galer\u00edas<\/p>\n<p>Unlimited  \u00c1lbumes<\/p>\n<p>Unlimited  P\u00e1ginas<\/p>\n<p>ANUAL + LIBRO<\/p>\n<p>Unlimited  Entradas<\/p>\n<p>Unlimited  Galer\u00edas<\/p>\n<p>Unlimited  \u00c1lbumes<\/p>\n<p>Unlimited  P\u00e1ginas<\/p>\n<p>ANUAL<\/p>\n<p>Unlimited  Entradas<\/p>\n<p>Unlimited  Galer\u00edas<\/p>\n<p>Unlimited  \u00c1lbumes<\/p>\n<p>Unlimited  P\u00e1ginas<\/p>\n<p>    Recibe 30 mulligans para gastar en <a href=\"https:\/\/thegame.ten-golf.com\" target=\"_blank\" rel=\"nofollow noopener\">TheGame<\/a> junto a tu suscripci\u00f3n anual (al final de la temporada se quitar\u00e1n los mulligans no gastados)<\/p>\n<p>    Pincha <a href=\"https:\/\/ten-golf.com\/tengolf-pone-en-marcha-el-muro-de-pago-y-crea-el-club-tengolf\" target=\"_blank\" rel=\"nofollow noopener\">aqu\u00ed<\/a> para saber m\u00e1s sobre las distintas suscripciones<\/p>\n<p>        &#13;<br \/>\n&#13;<br \/>\n        &#13;<br \/>\n            &#13;<br \/>\n            &#13;<br \/>\n&#13;<\/p>\n<p class=\"join-telegram\"><img decoding=\"async\" class=\"loading\" src=\"https:\/\/www.europesays.com\/es\/wp-content\/uploads\/2025\/09\/telegram-icon.png\" alt=\"\"\/> S\u00edguenos tambi\u00e9n en <a href=\"https:\/\/telegram.org\/\" target=\"_blank\" style=\"font-weight: normal;\" rel=\"nofollow noopener\">Telegram<\/a> en el canal <a href=\"https:\/\/t.me\/tengolf\" target=\"_blank\" rel=\"nofollow\">@tengolf<\/a><\/p>\n<p>        &#13;<br \/>\n        <a class=\"will-load\" name=\"end-article\" data-id=\"post-209209\"\/>&#13;<\/p>\n","protected":false},"excerpt":{"rendered":"&#13; &#13; &#13; &#13; Alex Noren, durante la \u00faltima vuelta del BMW PGA Championship. (\u00a9 Golffile | Steve&hellip;\n","protected":false},"author":2,"featured_media":116401,"comment_status":"","ping_status":"","sticky":false,"template":"","format":"standard","meta":{"footnotes":""},"categories":[275],"tags":[27370,168,25,24,329,392,336,339,340,1909,1910,3555,2624,23,167,38992],"class_list":{"0":"post-116400","1":"post","2":"type-post","3":"status-publish","4":"format-standard","5":"has-post-thumbnail","7":"category-golf","8":"tag-alex-noren","9":"tag-deportes","10":"tag-es","11":"tag-espana","12":"tag-golf","13":"tag-luke-donald","14":"tag-notificacion","15":"tag-portada-america","16":"tag-portada-global","17":"tag-portada-top","18":"tag-portada-top-america","19":"tag-reglas","20":"tag-ryder-cup","21":"tag-spain","22":"tag-sports","23":"tag-sustituciones"},"share_on_mastodon":{"url":"","error":""},"_links":{"self":[{"href":"https:\/\/www.europesays.com\/es\/wp-json\/wp\/v2\/posts\/116400","targetHints":{"allow":["GET"]}}],"collection":[{"href":"https:\/\/www.europesays.com\/es\/wp-json\/wp\/v2\/posts"}],"about":[{"href":"https:\/\/www.europesays.com\/es\/wp-json\/wp\/v2\/types\/post"}],"author":[{"embeddable":true,"href":"https:\/\/www.europesays.com\/es\/wp-json\/wp\/v2\/users\/2"}],"replies":[{"embeddable":true,"href":"https:\/\/www.europesays.com\/es\/wp-json\/wp\/v2\/comments?post=116400"}],"version-history":[{"count":0,"href":"https:\/\/www.europesays.com\/es\/wp-json\/wp\/v2\/posts\/116400\/revisions"}],"wp:featuredmedia":[{"embeddable":true,"href":"https:\/\/www.europesays.com\/es\/wp-json\/wp\/v2\/media\/116401"}],"wp:attachment":[{"href":"https:\/\/www.europesays.com\/es\/wp-json\/wp\/v2\/media?parent=116400"}],"wp:term":[{"taxonomy":"category","embeddable":true,"href":"https:\/\/www.europesays.com\/es\/wp-json\/wp\/v2\/categories?post=116400"},{"taxonomy":"post_tag","embeddable":true,"href":"https:\/\/www.europesays.com\/es\/wp-json\/wp\/v2\/tags?post=116400"}],"curies":[{"name":"wp","href":"https:\/\/api.w.org\/{rel}","templated":true}]}}