{"id":116414,"date":"2025-09-15T10:40:14","date_gmt":"2025-09-15T10:40:14","guid":{"rendered":"https:\/\/www.europesays.com\/es\/116414\/"},"modified":"2025-09-15T10:40:14","modified_gmt":"2025-09-15T10:40:14","slug":"los-cuervos-en-nuestros-ojos","status":"publish","type":"post","link":"https:\/\/www.europesays.com\/es\/116414\/","title":{"rendered":"Los cuervos en nuestros ojos"},"content":{"rendered":"<p>Hay elementos a nuestro alrededor que tienen un poder sugestivo ins\u00f3lito: objetos de creaci\u00f3n humana, como los espejos, objetos de la naturaleza, como las perlas, o directamente, especies del mundo animal. <strong>Entre estas \u00faltimas, existen pocas a las que atribuyamos un halo enigm\u00e1tico con un calado tan hondo como a los cuervos<\/strong>. La pregunta que cabe hacerse es por qu\u00e9. Por qu\u00e9, desde cu\u00e1ndo y c\u00f3mo.<\/p>\n<p>Los cuervos en la historia, a lo largo de sus casi quinientas p\u00e1ginas y gracias a una documentaci\u00f3n de lo m\u00e1s exhaustiva, nos cuenta exactamente eso: <strong>qu\u00e9 lugar han ocupado los cuervos en la historia<\/strong>. Pero no en la historia de la naturaleza, sino en la historia de la humanidad. Es decir, qu\u00e9 lugar han ocupado en nuestra cultura, en nuestras creencias, en nuestros relatos y, en definitiva, en nuestra mente. En el centro del libro se sit\u00faa el cuervo, un elemento concreto, aislado, que funciona como un punto de fuga, reflejado a trav\u00e9s de cientos de espejos, repartidos en el tiempo y el espacio.<\/p>\n<p><p>\u00abLos cuervos han sido relacionados con malos augurios, pero tambi\u00e9n se han visto como aves prof\u00e9ticas, se han mostrado como seres impuros en textos judeocristianos, pero han jugado un papel salvador en las hagiograf\u00edas de algunos santos\u00bb<\/p>\n<\/p>\n<p>Como hicieron con la evoluci\u00f3n de las creencias y la relaci\u00f3n entre las civilizaciones autores como Mircea Eliade en sus textos sobre historia de las religiones o Ignacio G\u00f3mez de Lia\u00f1o en su gran El c\u00edrculo de la sabidur\u00eda, <strong>Jorge Fondebrider va uniendo supersticiones documentadas, leyendas, cosmogon\u00edas, f\u00e1bulas y representaciones art\u00edsticas<\/strong>, transcribiendo del mismo modo fragmentos de fuentes conocidas (el Panchatantra, Esopo, los hermanos Grimm) como otros m\u00e1s lejanos (cuentos n\u00f3rdicos, textos del sudeste asi\u00e1tico, de los nativos americanos), enmarcando este viaje con consideraciones m\u00e1s aterrizadas: las evidencias cient\u00edficas sobre la inteligencia de los cuervos, la distinci\u00f3n entre cuervos, cornejas y grajos, la relaci\u00f3n entre cuervos y cultivos, cuervos y enfermedades, cuervos y ciudades. No faltan, tampoco, alusiones a hechos hist\u00f3ricos como plagas, o an\u00e9cdotas, como la de Grip, el cuervo mascota de Dickens que, se dice, habr\u00eda inspirado a Edgar Allan Poe para escribir su poema m\u00e1s famoso.<\/p>\n<p><p>\u00abTenemos, adem\u00e1s, la imagen que queda de nosotros mismos, de nuestros miedos, de nuestra necesidad de respuestas, de simplificaciones, de culpables, de nuestra desconfianza y de la esperanza en soluciones m\u00e1gicas\u00bb<\/p>\n<\/p>\n<p><strong>Hablar as\u00ed de otros animales no dar\u00eda pie a un recorrido tan desconcertante<\/strong>. Porque, ya sea por su acercamiento a los humanos, por la necrofagia, por su condici\u00f3n de aves parlantes, por su graznido, por su negrura o por todo esto al mismo tiempo, los cuervos han sido relacionados con malos augurios, pero tambi\u00e9n se han visto como aves prof\u00e9ticas, se han mostrado como seres impuros en textos judeocristianos, pero han jugado un papel salvador en las hagiograf\u00edas de algunos santos, se han visto como esp\u00edritus de brujos o muertos, pero tambi\u00e9n han desempe\u00f1ado un papel primordial en la creaci\u00f3n del mundo en algunas culturas.<\/p>\n<p>Dicho todo esto, que un libro as\u00ed tenga menos de quinientas p\u00e1ginas es casi un prodigio de la concisi\u00f3n, porque lo que aqu\u00ed se nos cuenta no s\u00f3lo no es f\u00e1cil de resumir, sino que tiene al menos tres capas. Tenemos el relato cient\u00edfico, la biograf\u00eda cultural e incluso mitol\u00f3gica del cuervo, con su presencia magn\u00e9tica y sus infinitas paradojas. Tenemos el mapa de la evoluci\u00f3n del acervo de las sociedades a trav\u00e9s de la herencia de relatos, de supersticiones y de mitos, con el trasvase entre los pueblos o las im\u00e1genes derivadas del sincretismo. Pero, por debajo de todo esto, tenemos, adem\u00e1s, la imagen que queda de nosotros mismos, de nuestros miedos, de nuestra necesidad de respuestas, de simplificaciones, de culpables, de nuestra desconfianza y de la esperanza en soluciones m\u00e1gicas.<strong> Porque s\u00ed, este es un libro sobre los cuervos en la historia, pero ante todo es un libro sobre los cuervos en nuestros ojos<\/strong>.<\/p>\n<p>\u2014\u2014\u2014\u2014\u2014\u2014\u2014\u2014\u2014\u2014\u2014\u2014\u2014<\/p>\n<p><strong>Autor:<\/strong> Jorge Fondebrider. <strong>T\u00edtulo: <\/strong>Los cuervos en la historia. <strong>Editorial:<\/strong> Sexto Piso. <strong>Venta<\/strong>: <a href=\"https:\/\/www.todostuslibros.com\/libros\/los-cuervos-en-la-historia_978-84-10249-59-2\" rel=\"nofollow noopener\" target=\"_blank\">Todos tus libros<\/a>.<\/p>\n<p>\t\t\t\t\t\t\t0\/5\t\t\t\t\t\t\t<\/p>\n<p>\t\t\t\t\t\t\t(0 Puntuaciones. Valora este art\u00edculo, por favor)\n\t\t\t\t\t\t<\/p>\n","protected":false},"excerpt":{"rendered":"Hay elementos a nuestro alrededor que tienen un poder sugestivo ins\u00f3lito: objetos de creaci\u00f3n humana, como los espejos,&hellip;\n","protected":false},"author":2,"featured_media":116415,"comment_status":"","ping_status":"","sticky":false,"template":"","format":"standard","meta":{"footnotes":""},"categories":[172],"tags":[224,146,147,25,24,225,23],"class_list":{"0":"post-116414","1":"post","2":"type-post","3":"status-publish","4":"format-standard","5":"has-post-thumbnail","7":"category-libros","8":"tag-books","9":"tag-entertainment","10":"tag-entretenimiento","11":"tag-es","12":"tag-espana","13":"tag-libros","14":"tag-spain"},"share_on_mastodon":{"url":"","error":""},"_links":{"self":[{"href":"https:\/\/www.europesays.com\/es\/wp-json\/wp\/v2\/posts\/116414","targetHints":{"allow":["GET"]}}],"collection":[{"href":"https:\/\/www.europesays.com\/es\/wp-json\/wp\/v2\/posts"}],"about":[{"href":"https:\/\/www.europesays.com\/es\/wp-json\/wp\/v2\/types\/post"}],"author":[{"embeddable":true,"href":"https:\/\/www.europesays.com\/es\/wp-json\/wp\/v2\/users\/2"}],"replies":[{"embeddable":true,"href":"https:\/\/www.europesays.com\/es\/wp-json\/wp\/v2\/comments?post=116414"}],"version-history":[{"count":0,"href":"https:\/\/www.europesays.com\/es\/wp-json\/wp\/v2\/posts\/116414\/revisions"}],"wp:featuredmedia":[{"embeddable":true,"href":"https:\/\/www.europesays.com\/es\/wp-json\/wp\/v2\/media\/116415"}],"wp:attachment":[{"href":"https:\/\/www.europesays.com\/es\/wp-json\/wp\/v2\/media?parent=116414"}],"wp:term":[{"taxonomy":"category","embeddable":true,"href":"https:\/\/www.europesays.com\/es\/wp-json\/wp\/v2\/categories?post=116414"},{"taxonomy":"post_tag","embeddable":true,"href":"https:\/\/www.europesays.com\/es\/wp-json\/wp\/v2\/tags?post=116414"}],"curies":[{"name":"wp","href":"https:\/\/api.w.org\/{rel}","templated":true}]}}