{"id":116416,"date":"2025-09-15T10:41:10","date_gmt":"2025-09-15T10:41:10","guid":{"rendered":"https:\/\/www.europesays.com\/es\/116416\/"},"modified":"2025-09-15T10:41:10","modified_gmt":"2025-09-15T10:41:10","slug":"resumen-del-capitulo-54-de-una-nueva-vida-la-serie-turca-de-antena-3","status":"publish","type":"post","link":"https:\/\/www.europesays.com\/es\/116416\/","title":{"rendered":"Resumen del cap\u00edtulo 54 de &#8216;Una nueva vida&#8217;, la serie turca de Antena 3"},"content":{"rendered":"<p data-journey-content=\"true\" data-node-id=\"4\" class=\"css-i9p093 emevuu60\">En <a href=\"https:\/\/www.diezminutos.es\/telenovela\/turcas\/a66061326\/una-nueva-vida-capitulo-54-avance-serie-turca-antena-3\/\" target=\"_blank\" data-vars-ga-outbound-link=\"https:\/\/www.diezminutos.es\/telenovela\/turcas\/a66061326\/una-nueva-vida-capitulo-54-avance-serie-turca-antena-3\/\" data-vars-ga-ux-element=\"Hyperlink\" data-vars-ga-call-to-action=\"el cap\u00edtulo 54 de &#039;Una nueva vida&#039;\" data-node-id=\"4.1\" class=\"body-link css-177bzfx emevuu60\" rel=\"nofollow noopener\">el cap\u00edtulo 54 de &#8216;Una nueva vida&#8217;<\/a>, Seyran y Ferit se despidieron con un silencio pesado, cargado de promesas rotas. Ambos sab\u00edan que no volver\u00edan a cruzar sus caminos, y aun as\u00ed, el adi\u00f3s doli\u00f3 m\u00e1s de lo que cualquiera de los dos imagin\u00f3. Ferit, con la mirada distante, pidi\u00f3 a Abidin que encontrara a una joven de clase alta capaz de enamorarlo y de ayudarle a recuperar el prestigio perdido. <strong data-node-id=\"4.3\">Seyran<\/strong>, por su parte, decidi\u00f3 volcarse en su carrera, en su independencia y en la b\u00fasqueda de un nuevo apartamento que simbolizara un comienzo libre de sombras pasadas. En la universidad, sus compa\u00f1eros la recibieron entre aplausos; para ellos era la hero\u00edna que desenmascar\u00f3 a los Korhan y devolvi\u00f3 la justicia donde parec\u00eda perdida.<\/p>\n<p><strong data-node-id=\"6.0\">Kazim, marcado por el rencor, jur\u00f3 vengarse de Ferit en &#8216;Una nueva vida&#8217;<\/strong><img draggable=\"true\" alt=\"una nueva vida capitulo 54\" title=\"una nueva vida capitulo 54\" loading=\"lazy\" width=\"2100\" height=\"1399\" decoding=\"async\" data-nimg=\"1\" style=\"color:transparent;width:100%;height:auto;\"   src=\"https:\/\/www.europesays.com\/es\/wp-content\/uploads\/2025\/09\/una-nueva-vida-capitulo-54-68c3d0557bd80.jpg\" class=\"css-0 e1g79fud0\"\/><\/p>\n<p>Atresmedia<\/p>\n<p data-journey-content=\"true\" data-node-id=\"9\" class=\"css-i9p093 emevuu60\">En &#8216;<a href=\"https:\/\/www.diezminutos.es\/una-nueva-vida-telenovela-turca\/\" target=\"_blank\" data-vars-ga-outbound-link=\"https:\/\/www.diezminutos.es\/una-nueva-vida-telenovela-turca\/\" data-vars-ga-ux-element=\"Hyperlink\" data-vars-ga-call-to-action=\"Una nueva vida\" data-node-id=\"9.1\" class=\"body-link css-177bzfx emevuu60\" rel=\"nofollow noopener\">Una nueva vida<\/a>&#8216;, Ferit se enfrent\u00f3 a los socios de la empresa con sus dise\u00f1os. La sala vibr\u00f3 con aplausos y elogios, y Halis, orgulloso, felicit\u00f3 a su nieto. El maestro Necip recibi\u00f3 la orden de producir la nueva colecci\u00f3n, y todo parec\u00eda marchar seg\u00fan lo planeado. Sin embargo, en la mansi\u00f3n, los secretos emergieron como fantasmas: Piril y Kaya confesaron que hab\u00edan tenido un romance en el pasado. Ella pretendi\u00f3 usar esa informaci\u00f3n como moneda de manipulaci\u00f3n, mientras \u00e9l rog\u00f3 que todo quedara enterrado en el olvido.<\/p>\n<p data-journey-content=\"true\" data-node-id=\"11\" class=\"css-i9p093 emevuu60\">Kazim, marcado por el rencor, jur\u00f3 vengarse de Ferit por humillar a Seyran en televisi\u00f3n. Nuket, su madre, intent\u00f3 calmarlo con palabras llenas de verdad y de amor: \u201cQu\u00e9date a su lado. El amor de un padre es m\u00e1s poderoso que cualquier otra cosa en el mundo\u201d. Pero la ira de Kazim no cedi\u00f3, y la tensi\u00f3n se mantuvo como un hilo a punto de romperse. Abidin encontr\u00f3 a Nevra, heredera de una familia poderosa, dispuesta a ser la llave de la venganza de Ferit. Sin embargo, cuando intent\u00f3 seducirla, el recuerdo de Seyran lo paraliz\u00f3; no pudo darle un beso. Su partida fue silenciosa, un gesto de derrota que dej\u00f3 ver la imposibilidad de borrar lo que sent\u00eda.<\/p>\n<p><strong data-node-id=\"14.0\">El gran secreto de Halis en &#8216;Una nueva vida&#8217;<\/strong><img draggable=\"true\" alt=\"una nueva vida capitulo 53\" title=\"una nueva vida capitulo 53\" loading=\"lazy\" width=\"1200\" height=\"693\" decoding=\"async\" data-nimg=\"1\" style=\"color:transparent;width:100%;height:auto;\"   src=\"https:\/\/www.europesays.com\/es\/wp-content\/uploads\/2025\/09\/1757932870_454_una-nueva-vida-14-675be18468bab.jpg\" class=\"css-0 e1g79fud0\"\/><\/p>\n<p>Atresmedia<\/p>\n<p data-journey-content=\"true\" data-node-id=\"17\" class=\"css-i9p093 emevuu60\">Mientras tanto, Ifakat recibi\u00f3 la visita de su amiga Fikriye, una vidente que advirti\u00f3 de peligros y justicia futura: \u00abTen paciencia, todo llegar\u00e1\u00bb. Y Sefika irrumpi\u00f3 en el hotel con un secreto que sacudi\u00f3 a todos: Latif hab\u00eda sido el verdadero creador de las joyas que Halis hab\u00eda vendido como suyas durante a\u00f1os, revelando al farsante que hab\u00eda enga\u00f1ado a todos con su supuesta genialidad. La historia continu\u00f3, y los espectadores, atrapados en cada giro, siguieron pendientes de la intriga y del drama que teji\u00f3 esta telenovela, donde el amor y la traici\u00f3n se entrelazaron en cada decisi\u00f3n, en cada mirada y en cada secreto revelado.<\/p>\n<p><img src=\"https:\/\/www.europesays.com\/es\/wp-content\/uploads\/2025\/09\/1757932870_8_43af9b8f-983e-4e74-8e74-9a7479b0966b_1681831601.file\" alt=\"Headshot of Pilar Mart\u00ednez\" title=\"Headshot of Pilar Mart\u00ednez\" width=\"100%\" height=\"100%\" decoding=\"async\" loading=\"lazy\" class=\"css-o0wq4v ev8dhu53\"\/><\/p>\n<p>Pilar Mart\u00ednez es periodista especializada en contenidos de televisi\u00f3n y cultura, se gradu\u00f3 en la carrera en Periodismo en la Facultad de Ciencias de la Informaci\u00f3n (Universidad Complutense de Madrid) en el a\u00f1o 2018. Desde entonces ha pasado por las redacciones de Ecoteuve (El Economista), donde realiz\u00f3 sus primeras pr\u00e1cticas durante el verano del 2016.<\/p>\n<p>Posteriormente, concretamente, en el a\u00f1o 2017 se pas\u00f3 al grupo Hearst Espa\u00f1a, donde comenz\u00f3 su andadura en las revistas de televisi\u00f3n: Supertele, Teleprograma, Telenovela. Ahora colabora con Diez Minutos, en su versi\u00f3n web, donde se encarga de realizar los avances semanales de las ficciones diarias de moda, as\u00ed como entrevistas y art\u00edculos sobre los melodramas o telenovelas que aterrizan en nuestro pa\u00eds y aquellos que est\u00e1n por venir.<\/p>\n<p>Toda una cazadora de exclusivas. A esto, se suma su puesto como redactora jefe de la secci\u00f3n de novela narrativa en la revista Culturamas, medio digital de alto impacto al que lleva unida desde el a\u00f1o 2013. \u00c1vida lectora, cin\u00e9fila y seri\u00e9fila de primer nivel, ha hecho de su vocaci\u00f3n su oficio. \u00a0<\/p>\n","protected":false},"excerpt":{"rendered":"En el cap\u00edtulo 54 de &#8216;Una nueva vida&#8217;, Seyran y Ferit se despidieron con un silencio pesado, cargado&hellip;\n","protected":false},"author":2,"featured_media":116417,"comment_status":"","ping_status":"","sticky":false,"template":"","format":"standard","meta":{"footnotes":""},"categories":[171],"tags":[253,146,147,25,24,23,214],"class_list":{"0":"post-116416","1":"post","2":"type-post","3":"status-publish","4":"format-standard","5":"has-post-thumbnail","7":"category-tv","8":"tag-discover","9":"tag-entertainment","10":"tag-entretenimiento","11":"tag-es","12":"tag-espana","13":"tag-spain","14":"tag-tv"},"share_on_mastodon":{"url":"","error":""},"_links":{"self":[{"href":"https:\/\/www.europesays.com\/es\/wp-json\/wp\/v2\/posts\/116416","targetHints":{"allow":["GET"]}}],"collection":[{"href":"https:\/\/www.europesays.com\/es\/wp-json\/wp\/v2\/posts"}],"about":[{"href":"https:\/\/www.europesays.com\/es\/wp-json\/wp\/v2\/types\/post"}],"author":[{"embeddable":true,"href":"https:\/\/www.europesays.com\/es\/wp-json\/wp\/v2\/users\/2"}],"replies":[{"embeddable":true,"href":"https:\/\/www.europesays.com\/es\/wp-json\/wp\/v2\/comments?post=116416"}],"version-history":[{"count":0,"href":"https:\/\/www.europesays.com\/es\/wp-json\/wp\/v2\/posts\/116416\/revisions"}],"wp:featuredmedia":[{"embeddable":true,"href":"https:\/\/www.europesays.com\/es\/wp-json\/wp\/v2\/media\/116417"}],"wp:attachment":[{"href":"https:\/\/www.europesays.com\/es\/wp-json\/wp\/v2\/media?parent=116416"}],"wp:term":[{"taxonomy":"category","embeddable":true,"href":"https:\/\/www.europesays.com\/es\/wp-json\/wp\/v2\/categories?post=116416"},{"taxonomy":"post_tag","embeddable":true,"href":"https:\/\/www.europesays.com\/es\/wp-json\/wp\/v2\/tags?post=116416"}],"curies":[{"name":"wp","href":"https:\/\/api.w.org\/{rel}","templated":true}]}}